{"id":255432,"date":"2025-11-25T17:50:11","date_gmt":"2025-11-25T17:50:11","guid":{"rendered":"https:\/\/www.europesays.com\/es\/255432\/"},"modified":"2025-11-25T17:50:11","modified_gmt":"2025-11-25T17:50:11","slug":"economia-da-via-libre-a-la-opa-de-bondalti-sobre-ercros-a-3505-euros-por-accion-pero-la-prima-todavia-se-situa-en-el-10-empresas","status":"publish","type":"post","link":"https:\/\/www.europesays.com\/es\/255432\/","title":{"rendered":"Econom\u00eda da v\u00eda libre a la opa de Bondalti sobre Ercros a 3,505 euros por acci\u00f3n, pero la prima todav\u00eda se sit\u00faa en el 10% | Empresas"},"content":{"rendered":"<p class=\"\">La opa lanzada el a\u00f1o pasado por la compa\u00f1\u00eda qu\u00edmica portuguesa Bondalti para controlar Ercros a 3,3505 euros por acci\u00f3n \u2013con una valoraci\u00f3n para el 100% de 320 millones\u2013 da un paso adicional, despu\u00e9s de que el Ministerio de Econom\u00eda haya decidido no elevar la operaci\u00f3n al Consejo de Ministros, seg\u00fan ha comunicado la empresa lusa a la CNMV. La <a href=\"https:\/\/cincodias.elpais.com\/companias\/2025-10-30\/la-cnmc-autoriza-con-condiciones-la-opa-de-la-portuguesa-bondalti-chemicals-sobre-la-espanola-ercros-por-hasta-320-millones.html\" target=\"_self\" rel=\"nofollow noopener\" title=\"https:\/\/cincodias.elpais.com\/companias\/2025-10-30\/la-cnmc-autoriza-con-condiciones-la-opa-de-la-portuguesa-bondalti-chemicals-sobre-la-espanola-ercros-por-hasta-320-millones.html\">Comisi\u00f3n Nacional de los Mercados y la Competencia (CNMC) aprob\u00f3 a finales de octubre la operaci\u00f3n<\/a>, pero faltaba la luz verde del ministerio que pilota Carlos Cuerpo. Ahora queda que la CNMV apruebe el folleto, en el que lleva trabajando desde marzo del a\u00f1o pasado. <\/p>\n<p class=\"\">Una vez aprobada la opa, los alrededor de 18.000 accionistas de Ercros tendr\u00e1n que decidir si acuden o no a la operaci\u00f3n. Ercros sube hoy m\u00e1s de un 2%, hasta el entorno de los 3,2 euros pero el precio de la oferte supone a\u00fan una prima de alrededor del 10%. La operaci\u00f3n est\u00e1 condicionada a que due\u00f1os del 75% del capital acudan, si bien Bondalti se guarda la posibilidad de rebajar este porcentaje. <\/p>\n<p class=\"\">El grupo portugu\u00e9s ha hecho los deberes y ya tiene atados unos 400 millones de euros de financiaci\u00f3n a trav\u00e9s de un sindicato de bancos en el que participan el <a href=\"https:\/\/cincodias.elpais.com\/noticias\/banco-de-santander\/\" rel=\"nofollow noopener\" title=\"https:\/\/cincodias.elpais.com\/noticias\/banco-de-santander\/\" target=\"_blank\">Santander<\/a>, el <a href=\"https:\/\/cincodias.elpais.com\/noticias\/bbva-banco-bilbao-vizcaya-argentaria\/\" rel=\"nofollow noopener\" title=\"https:\/\/cincodias.elpais.com\/noticias\/bbva-banco-bilbao-vizcaya-argentaria\/\" target=\"_blank\">BBVA <\/a>y<a href=\"https:\/\/cincodias.elpais.com\/noticias\/caixabank\/\" rel=\"nofollow noopener\" title=\"https:\/\/cincodias.elpais.com\/noticias\/caixabank\/\" target=\"_blank\">CaixaBank <\/a>a trav\u00e9s de su filial lusa BPI, <a href=\"https:\/\/cincodias.elpais.com\/companias\/2025-11-15\/bondalti-arma-con-el-santander-el-bbva-y-caixabank-una-financiacion-de-400-millones-para-comprar-ercros.html\" target=\"_self\" rel=\"nofollow noopener\" title=\"https:\/\/cincodias.elpais.com\/companias\/2025-11-15\/bondalti-arma-con-el-santander-el-bbva-y-caixabank-una-financiacion-de-400-millones-para-comprar-ercros.html\">c\u00f3mo publico Cinco D\u00edas el pasado 15 de noviembre<\/a>. Tambi\u00e9n est\u00e1n presentes las entidades portuguesas Novo Banco y Caixa Geral de Dep\u00f3sitos (CGD). De ese dinero, emplear\u00e1 320 millones en la opa y el restante, en financiaci\u00f3n para la propia Bondalti, seg\u00fan las fuentes financieras consultadas.<\/p>\n<p class=\"\">Bondalti, asesorada en el \u00e1mbito financiero por el Santander y en el legal por Cuatrecasas, a\u00fan debe esperar a que el Ministerio de Econom\u00eda decida, la pr\u00f3xima semana. El balance de la empresa, que forma parte del conglomerado familiar Grupo Jos\u00e9 de Mello, revela adem\u00e1s una confortable situaci\u00f3n de endeudamiento, con una ratio de deuda frente al ebitda de 0,7 veces al cierre del a\u00f1o pasado.<\/p>\n<p class=\"\"><a href=\"https:\/\/cincodias.elpais.com\/companias\/2024-07-25\/un-grupo-de-accionistas-con-el-27-del-capital-de-ercros-rechanzan-las-dos-opas-lanzadas.html\" rel=\"nofollow noopener\" title=\"https:\/\/cincodias.elpais.com\/companias\/2024-07-25\/un-grupo-de-accionistas-con-el-27-del-capital-de-ercros-rechanzan-las-dos-opas-lanzadas.html\" target=\"_blank\">En los inicios del intento de compra de Ercros, due\u00f1os del 27% del capital se opusieron a la opa<\/a>, tanto a esta como a otra competidora que ha sido desaparecido. Este grupo de accionistas d\u00edscolos estaba capitaneado por Joan Casas Galofr\u00e9, que tiene un puesto en el consejo de administraci\u00f3n de Ercros, gracias a que tiene en su poder el 6% de las acciones. Fuentes del mercado explican que, en todo caso, la firma lusa se guarda la carta de rebajar el umbral de aceptaci\u00f3n. El objetivo final de Bondalti es integrar Ercros y excluir de Bolsa a la empresa espa\u00f1ola.<\/p>\n<p class=\"\">Bondalti se ha quedado sola, <a href=\"https:\/\/cincodias.elpais.com\/companias\/2025-08-11\/la-italiana-esseco-retira-su-opa-sobre-la-espanola-ercros-por-las-exigencias-de-competencia.html\" rel=\"nofollow noopener\" title=\"https:\/\/cincodias.elpais.com\/companias\/2025-08-11\/la-italiana-esseco-retira-su-opa-sobre-la-espanola-ercros-por-las-exigencias-de-competencia.html\" target=\"_blank\">despu\u00e9s de que la italiana Essecco se retirara el pasado agosto<\/a> de la carrera por hacerse con el control de la qu\u00edmica especializada en cloro que preside Antonio Zabalza. El holding familiar transalpino argument\u00f3 que se retiraba debido a las condiciones que le impuso la CNMC, que lo obligaba a romper contratos clave con el grupo coreano UNID. El precio de su opa, presentada cuatro meses despu\u00e9s, era m\u00e1s atractivo para el accionista al valorar Ercros en unos 350 millones a raz\u00f3n de 3,84 euros por acci\u00f3n.<\/p>\n","protected":false},"excerpt":{"rendered":"La opa lanzada el a\u00f1o pasado por la compa\u00f1\u00eda qu\u00edmica portuguesa Bondalti para controlar Ercros a 3,3505 euros&hellip;\n","protected":false},"author":2,"featured_media":255433,"comment_status":"","ping_status":"","sticky":false,"template":"","format":"standard","meta":{"footnotes":""},"categories":[80],"tags":[7811,3285,82,7183,13045,6539,40208,95,94,2308,19960,25,24,40207,3284,23],"class_list":{"0":"post-255432","1":"post","2":"type-post","3":"status-publish","4":"format-standard","5":"has-post-thumbnail","7":"category-economia","8":"tag-banco-santander","9":"tag-bbva","10":"tag-business","11":"tag-caixabank","12":"tag-carlos-cuerpo","13":"tag-cnmc","14":"tag-comercio-y-empresa","15":"tag-economia","16":"tag-economy","17":"tag-empresas","18":"tag-ercros","19":"tag-es","20":"tag-espana","21":"tag-ministerio-de-economia","22":"tag-opa","23":"tag-spain"},"share_on_mastodon":{"url":"https:\/\/pubeurope.com\/@es\/115611607100645024","error":""},"_links":{"self":[{"href":"https:\/\/www.europesays.com\/es\/wp-json\/wp\/v2\/posts\/255432","targetHints":{"allow":["GET"]}}],"collection":[{"href":"https:\/\/www.europesays.com\/es\/wp-json\/wp\/v2\/posts"}],"about":[{"href":"https:\/\/www.europesays.com\/es\/wp-json\/wp\/v2\/types\/post"}],"author":[{"embeddable":true,"href":"https:\/\/www.europesays.com\/es\/wp-json\/wp\/v2\/users\/2"}],"replies":[{"embeddable":true,"href":"https:\/\/www.europesays.com\/es\/wp-json\/wp\/v2\/comments?post=255432"}],"version-history":[{"count":0,"href":"https:\/\/www.europesays.com\/es\/wp-json\/wp\/v2\/posts\/255432\/revisions"}],"wp:featuredmedia":[{"embeddable":true,"href":"https:\/\/www.europesays.com\/es\/wp-json\/wp\/v2\/media\/255433"}],"wp:attachment":[{"href":"https:\/\/www.europesays.com\/es\/wp-json\/wp\/v2\/media?parent=255432"}],"wp:term":[{"taxonomy":"category","embeddable":true,"href":"https:\/\/www.europesays.com\/es\/wp-json\/wp\/v2\/categories?post=255432"},{"taxonomy":"post_tag","embeddable":true,"href":"https:\/\/www.europesays.com\/es\/wp-json\/wp\/v2\/tags?post=255432"}],"curies":[{"name":"wp","href":"https:\/\/api.w.org\/{rel}","templated":true}]}}