{"id":255434,"date":"2025-11-25T17:51:17","date_gmt":"2025-11-25T17:51:17","guid":{"rendered":"https:\/\/www.europesays.com\/es\/255434\/"},"modified":"2025-11-25T17:51:17","modified_gmt":"2025-11-25T17:51:17","slug":"gustavo-petro-aseguro-que-investigacion-sobre-alias-calarca-tiene-varios-errores-y-jennifer-pedraza-le-respondio-no-puede-salir-con-este-chorro-de-babas","status":"publish","type":"post","link":"https:\/\/www.europesays.com\/es\/255434\/","title":{"rendered":"Gustavo Petro asegur\u00f3 que investigaci\u00f3n sobre alias Calarc\u00e1 tiene \u201cvarios errores\u201d y Jennifer Pedraza le respondi\u00f3: \u201cNo puede salir con este chorro de babas\u201d"},"content":{"rendered":"<p><img alt=\"Jennifer Pedraza se despach\u00f3 contra\" class=\"global-image\" decoding=\"async\" fetchpriority=\"high\" height=\"1080\" loading=\"eager\" src=\"https:\/\/www.europesays.com\/es\/wp-content\/uploads\/2025\/11\/EADMF543VND7VDKBTNJF4MYZHA.jpg\" width=\"1920\"\/>Jennifer Pedraza se despach\u00f3 contra Gustavo Petro por investigaci\u00f3n de alias Calarc\u00e1 &#8211; cr\u00e9dito Montaje Infobae<\/p>\n<p class=\"paragraph\">La tarde del 23 de noviembre de 2025 escal\u00f3 la tensi\u00f3n pol\u00edtica en Colombia luego de que Noticias Caracol difundiera un informe con archivos incautados a miembros del Estado Mayor Central (EMC) de las disidencias de las Farc. <\/p>\n<p class=\"paragraph\">El reportaje plante\u00f3 la posibilidad de nexos entre funcionarios del Estado y estructuras criminales, seg\u00fan confirm\u00f3 el propio medio colombiano al destapar el caso.<\/p>\n<p class=\"paragraph\"><b>Ahora puede seguirnos en<\/b><a rel=\"noopener nofollow\" href=\"https:\/\/www.facebook.com\/infobaecolombia\" target=\"_blank\"><b> Facebook<\/b><\/a><b> y en nuestro<\/b><a rel=\"noopener nofollow\" href=\"https:\/\/whatsapp.com\/channel\/0029Va4oNEALikgEL4Y8mb2K\" target=\"_blank\"><b> WhatsApp Channel<\/b><\/a><\/p>\n<p class=\"paragraph\">El presidente Gustavo Petro respondi\u00f3 horas despu\u00e9s a trav\u00e9s de su cuenta en la red social X. <\/p>\n<p class=\"paragraph\">En su respuesta explic\u00f3 que hab\u00eda accedido previamente, mediante oficiales de Estados Unidos, a reportes que mencionaban tanto al general Juan Miguel Huertas como al funcionario de la Direcci\u00f3n Nacional de Inteligencia (DNI), Wilmar Mej\u00eda, incluidos en el material examinado por Caracol. <\/p>\n<p><img alt=\"Petro afirm\u00f3 que el period\u00edstico\" class=\"global-image\" decoding=\"async\" fetchpriority=\"low\" height=\"760\" loading=\"lazy\" src=\"https:\/\/www.europesays.com\/es\/wp-content\/uploads\/2025\/11\/HPKQNS5ST5C45F6ENRZOQL6H2A.png\" width=\"562\"\/>Petro afirm\u00f3 que el period\u00edstico utiliz\u00f3 una fuente que ya provoc\u00f3 \u201cerrores graves\u201d en otras emisiones y asegur\u00f3 que el periodista involucrado depende de informes de la CIA &#8211; cr\u00e9dito @petrogustavo\/X<\/p>\n<p class=\"paragraph\">Petro relat\u00f3 haber recibido informaci\u00f3n directamente de los estadounidenses y afirm\u00f3 que <b>\u201cinvestig\u00e9 lo que sucedi\u00f3 y determin\u00e9 que la creencia de la CIA (Agencia Central de Inteligencia de Estados Unidos) no era certera\u201d<\/b>.<\/p>\n<p class=\"paragraph\">El mandatario sostuvo que la versi\u00f3n entregada por los agentes norteamericanos no se ajustaba a su revisi\u00f3n personal, motivo por el que descart\u00f3 las hip\u00f3tesis contenidas en los archivos. <\/p>\n<p class=\"paragraph\">\u201c<b>Me hablaron del general Huertas, que no estaba en el Ej\u00e9rcito, y mencionaron posible relaci\u00f3n con un grupo armado<\/b>, pero mencionaron otro grupo diferente al de hoy; por eso s\u00e9 que el nuevo informe es falso\u201d, expres\u00f3.<\/p>\n<p class=\"paragraph\">En su extenso mensaje, Petro tambi\u00e9n cuestion\u00f3 la selecci\u00f3n de fuentes del reportaje. <\/p>\n<p class=\"paragraph\">As\u00ed, apunt\u00f3 que la informaci\u00f3n presentada por Noticias Caracol se sustentaba en \u201c<b>la misma fuente de un periodista que consideraba muy serio<\/b>\u201d, identificando dicha fuente como la CIA, y sugiri\u00f3 la existencia de una estrategia sistem\u00e1tica para influir en la opini\u00f3n p\u00fablica colombiana con el apoyo de redes extranjeras. <\/p>\n<p class=\"paragraph\">\u201c<b>Caracol ha cometido ya varios \u2018errores\u2019 de esta magnitud. Siempre tienen la misma fuente<\/b>. La fuente del periodista es la CIA, que tiene la costumbre de tender redes para afectar a la opini\u00f3n p\u00fablica\u201d, dijo.<\/p>\n<p><img alt=\"Seg\u00fan Petro, sectores del narcotr\u00e1fico\" class=\"global-image\" decoding=\"async\" fetchpriority=\"low\" height=\"725\" loading=\"lazy\" src=\"https:\/\/www.europesays.com\/es\/wp-content\/uploads\/2025\/11\/76V6WWWUBVC3DEWAHBXZSZ537E.png\" width=\"717\"\/>Seg\u00fan Petro, sectores del narcotr\u00e1fico y altos funcionarios de Estados Unidos buscan afectar su gobierno mediante reportes de inteligencia sin sustento &#8211; cr\u00e9dito @petrogustavo\/X<\/p>\n<p class=\"paragraph\">En ese sentido, Petro explic\u00f3 tambi\u00e9n un incidente relacionado con un operativo militar fallido contra el Ej\u00e9rcito de Liberaci\u00f3n Nacional (ELN).<\/p>\n<p class=\"paragraph\">Seg\u00fan el presidente, la presencia de un helic\u00f3ptero habr\u00eda alertado al grupo armado.<\/p>\n<p class=\"paragraph\">Tras analizar el caso, determin\u00f3 que la aeronave pertenec\u00eda a la Polic\u00eda, sin v\u00ednculo con el general Huertas: \u201c<b>Mi investigaci\u00f3n sobre los hechos determin\u00f3 que el helic\u00f3ptero era de la Polic\u00eda y no del Ej\u00e9rcito<\/b>, con lo cual el general Huertas no ten\u00eda nada que ver. A la CIA tambi\u00e9n la enga\u00f1an\u201d, recalc\u00f3 el jefe de Estado.<\/p>\n<p class=\"paragraph\">El jefe del Ejecutivo vincul\u00f3 el episodio al \u201cfuncionamiento de bandas delincuenciales en el Ej\u00e9rcito dirigidas por oficiales de alto rango\u201d, conductas asociadas a la corrupci\u00f3n derivada del narcotr\u00e1fico. <\/p>\n<p class=\"paragraph\">Hizo referencia al presunto uso de informes de inteligencia alterados para desplazar a militares inc\u00f3modos a esos intereses. Adem\u00e1s, advirti\u00f3 <b>que el gobierno estadounidense recibe informes cuyo origen estar\u00eda relacionado con el narcotr\u00e1fico<\/b>.<\/p>\n<p class=\"paragraph\">La representante a la C\u00e1mara Jennifer Pedraza lanz\u00f3 fuertes cr\u00edticas al presidente Gustavo Petro luego de que se conocieran denuncias sobre posibles v\u00ednculos entre funcionarios del Gobierno y grupos armados ilegales. <\/p>\n<p><img alt=\"Jennifer Pedraza cuestion\u00f3 a Gustavo\" class=\"global-image\" decoding=\"async\" fetchpriority=\"low\" height=\"323\" loading=\"lazy\" src=\"https:\/\/www.europesays.com\/es\/wp-content\/uploads\/2025\/11\/6GXARDYEIZG7RL7D6NMBTRR72Q.png\" width=\"435\"\/>Jennifer Pedraza cuestion\u00f3 a Gustavo Petro por respuesta del mandatario sobre alias Calarc\u00e1 &#8211; cr\u00e9dito @JenniferPedraz<\/p>\n<p class=\"paragraph\">A trav\u00e9s de un mensaje en la red social X, Pedraza advirti\u00f3 que \u201c<b>usted no puede salir con este chorro de babas ante la m\u00e1s grave denuncia de su Gobierno<\/b>\u201d.<\/p>\n<p class=\"paragraph\">La congresista se\u00f1al\u00f3 que, desde su perspectiva, el jefe de Estado estar\u00eda \u201ccoordinando y beneficiando a grupos armados al margen de la ley\u201d. Pedraza sostuvo adem\u00e1s: \u201c<b>Antes eran los Paramilitares y ahora son las disidencias de Calarc\u00e1<\/b>\u201d, expresando su preocupaci\u00f3n por la evoluci\u00f3n de estas relaciones en el pa\u00eds.<\/p>\n<p class=\"paragraph\">La legisladora remat\u00f3 su mensaje mencionando una <b>\u201cverg\u00fcenza hist\u00f3rica\u201d<\/b> asociada a lo que considera una continuidad de pr\u00e1cticas de administraciones anteriores. <\/p>\n<p class=\"paragraph\">Las declaraciones de Jennifer Pedraza se dan en el contexto de una de las denuncias m\u00e1s graves enfrentadas por el gobierno de Gustavo Petro, con repercusiones inmediatas en el debate pol\u00edtico nacional.<\/p>\n","protected":false},"excerpt":{"rendered":"Jennifer Pedraza se despach\u00f3 contra Gustavo Petro por investigaci\u00f3n de alias Calarc\u00e1 &#8211; cr\u00e9dito Montaje Infobae La tarde&hellip;\n","protected":false},"author":2,"featured_media":255435,"comment_status":"","ping_status":"","sticky":false,"template":"","format":"standard","meta":{"footnotes":""},"categories":[42],"tags":[17,18,13,14,11,61,62,63,64,19,20,9,10,15,16,12,21,22,65,66,67],"class_list":{"0":"post-255434","1":"post","2":"type-post","3":"status-publish","4":"format-standard","5":"has-post-thumbnail","7":"category-internacional","8":"tag-breaking-news","9":"tag-breakingnews","10":"tag-featured-news","11":"tag-featurednews","12":"tag-headlines","13":"tag-internacional","14":"tag-international","15":"tag-international-news","16":"tag-internationalnews","17":"tag-latest-news","18":"tag-latestnews","19":"tag-news","20":"tag-noticias","21":"tag-noticias-destacadas","22":"tag-noticiasdestacadas","23":"tag-titulares","24":"tag-ultimas-noticias","25":"tag-ultimasnoticias","26":"tag-world","27":"tag-world-news","28":"tag-worldnews"},"share_on_mastodon":{"url":"https:\/\/pubeurope.com\/@es\/115611611546514171","error":""},"_links":{"self":[{"href":"https:\/\/www.europesays.com\/es\/wp-json\/wp\/v2\/posts\/255434","targetHints":{"allow":["GET"]}}],"collection":[{"href":"https:\/\/www.europesays.com\/es\/wp-json\/wp\/v2\/posts"}],"about":[{"href":"https:\/\/www.europesays.com\/es\/wp-json\/wp\/v2\/types\/post"}],"author":[{"embeddable":true,"href":"https:\/\/www.europesays.com\/es\/wp-json\/wp\/v2\/users\/2"}],"replies":[{"embeddable":true,"href":"https:\/\/www.europesays.com\/es\/wp-json\/wp\/v2\/comments?post=255434"}],"version-history":[{"count":0,"href":"https:\/\/www.europesays.com\/es\/wp-json\/wp\/v2\/posts\/255434\/revisions"}],"wp:featuredmedia":[{"embeddable":true,"href":"https:\/\/www.europesays.com\/es\/wp-json\/wp\/v2\/media\/255435"}],"wp:attachment":[{"href":"https:\/\/www.europesays.com\/es\/wp-json\/wp\/v2\/media?parent=255434"}],"wp:term":[{"taxonomy":"category","embeddable":true,"href":"https:\/\/www.europesays.com\/es\/wp-json\/wp\/v2\/categories?post=255434"},{"taxonomy":"post_tag","embeddable":true,"href":"https:\/\/www.europesays.com\/es\/wp-json\/wp\/v2\/tags?post=255434"}],"curies":[{"name":"wp","href":"https:\/\/api.w.org\/{rel}","templated":true}]}}