{"id":255436,"date":"2025-11-25T17:52:07","date_gmt":"2025-11-25T17:52:07","guid":{"rendered":"https:\/\/www.europesays.com\/es\/255436\/"},"modified":"2025-11-25T17:52:07","modified_gmt":"2025-11-25T17:52:07","slug":"la-ultima-bala-de-inigo-errejon-lleva-a-la-extincion-a-los-colegios-mayores-femeninos-y-masculinos","status":"publish","type":"post","link":"https:\/\/www.europesays.com\/es\/255436\/","title":{"rendered":"La \u00faltima bala de \u00cd\u00f1igo Errej\u00f3n lleva a la extinci\u00f3n a los colegios mayores femeninos y masculinos"},"content":{"rendered":"<p style=\"\">Cada colegio mayor tiene una identidad propia, casi un car\u00e1cter. Hay algunos que funcionan como peque\u00f1as rep\u00fablicas, donde la vida se decide en asambleas interminables, como el <strong>Chaminade<\/strong>. Otros han sido aut\u00e9nticos templos culturales: el San Juan Bautista, el<strong> &#8216;Johnny&#8217;,<\/strong> fue sin\u00f3nimo  &#8230; del Jazz en Madrid, antes de caer en el abandono y acabar tomado por okupas. En el <strong>P\u00edo XII<\/strong> o el <strong>Moncloa<\/strong> el d\u00eda a d\u00eda gira en torno a conferencias, foros y debates de todo signo. Tambi\u00e9n est\u00e1n colegios como el<strong> Roncalli<\/strong> o el <strong>Mara<\/strong>, que funcionan como microcosmos donde el talento femenino se retroalimenta y se multiplica. Los hay m\u00e1s bohemios, m\u00e1s &#8216;pijos&#8217;, m\u00e1s deportivos, m\u00e1s religiosos o m\u00e1s orientados al estudio. Y, tambi\u00e9n, por supuesto, se identificaban por ser <strong>masculinos, femeninos o mixtos.<\/strong> Sin embargo, una de las \u00faltimas voluntades pol\u00edticas de \u00cd\u00f1igo Errej\u00f3n fue que dejaran de diferenciar por sexo si quer\u00edan adscribirse a una universidad p\u00fablica. <\/p>\n<p class=\"voc-p\" style=\"\">Aquello sucedi\u00f3 en el contexto de la pol\u00e9mica por los <a href=\"https:\/\/www.abc.es\/sociedad\/universidades-publicas-acabar-segregacion-sexos-colegios-mayores-20221019192343-nt.html\" target=\"_self\" data-voc-vtm-id=\"in-text-traffic\" title=\"c\u00e1nticos machistas en el colegio mayor masculino El\u00edas Ahuja\" data-mrf-link=\"www.abc.es\" rel=\"nofollow noopener\">c\u00e1nticos machistas en el colegio mayor masculino El\u00edas Ahuja<\/a>. Un grupo de colegiales, desde las ventanas del edificio, gritaron a las chicas del colegio femenino Santa M\u00f3nica: \u00ab<strong>Putas, salid de vuestras madrigueras<\/strong>\u00bb. Se expuls\u00f3 a varios estudiantes del centro y se abri\u00f3 una investigaci\u00f3n por posible delito de odio. Sin embargo, meses despu\u00e9s, la Fiscal\u00eda termin\u00f3 archiv\u00e1ndola y ninguna de las mujeres que se encontraba en la residencia denunci\u00f3 los hechos. <\/p>\n<p class=\"voc-p\" style=\"\">El episodio se viraliz\u00f3 y, al coincidir en el tiempo con la aprobaci\u00f3n de la LOSU (Ley Org\u00e1nica del Sistema Universitario), M\u00e1s Pa\u00eds present\u00f3 una enmienda para que los colegios mayores s\u00f3lo de chicos o s\u00f3lo de chicas adscritos a una universidad p\u00fablica no pudieran renovar su convenio. \u00abAquellos convenios que se encuentren vigentes a la entrada en vigor de esta ley podr\u00e1n mantenerse hasta su vencimiento, pero no renovarse\u00bb, especifica la norma. <\/p>\n<blockquote class=\"twitter-tweet\" data-width=\"550\">\n<p lang=\"es\" dir=\"ltr\">Lo conseguimos: no habr\u00e1 colegios mayores adscritos a la Universidad P\u00fablica que separen por g\u00e9nero. Se acabaron los El\u00edas Ahuja con el dinero de todos. As\u00ed ser\u00e1 en la nueva Ley de Universidades a propuesta nuestra.<\/p>\n<p>\u2014 \u00cd\u00f1igo Errej\u00f3n (@ierrejon) <a href=\"https:\/\/twitter.com\/ierrejon\/status\/1602288056127594498?ref_src=twsrc%5Etfw\" rel=\"nofollow noopener\" target=\"_blank\">December 12, 2022<\/a><\/p><\/blockquote>\n<p class=\"voc-p\" style=\"\">El exl\u00edder de M\u00e1s Pa\u00eds y su equipo justificaron que la enmienda servir\u00eda para acabar con el machismo. El propio Errej\u00f3n, hoy procesado por el <strong>presunto abuso sexual a la actriz Elisa Moulia\u00e1<\/strong>, tuite\u00f3: \u00abLo conseguimos: no habr\u00e1 colegios mayores adscritos a la Universidad P\u00fablica que separen por g\u00e9nero. Se acabaron los El\u00edas Ahuja con el dinero de todos\u00bb. El tuit, m\u00e1s all\u00e1 del anuncio, conten\u00eda incorrecciones puesto que los colegios mayores no est\u00e1n pagados \u00abcon dinero de todos\u00bb. En la Comunidad de Madrid, la autonom\u00eda con m\u00e1s colegios mayores de Espa\u00f1a, la mayor\u00eda de los centros est\u00e1n adscritos a la Universidad Complutense y, de hecho, si est\u00e1n en &#8216;s<strong>uelo de la universidad&#8217; tienen que pagar una cuota<\/strong> a la misma, una especie de alquiler.<\/p>\n<p>\n\u00abUna enmienda que acaba con la libertad\u00bb\n<\/p>\n<p class=\"voc-p\" style=\"\">Sea como fuere, el sector sigue molesto y, sobre todo, perplejo ante una enmienda que, dicen, \u00ables va a llevar a la extinci\u00f3n\u00bb y \u00abacaba con la libertad de las familias y de j\u00f3venes adultos a elegir d\u00f3nde quieren vivir en la \u00e9poca universitaria\u00bb. Cuando se aprob\u00f3 la ley de Universidades hab\u00eda en Espa\u00f1a m\u00e1s colegios mayores diferenciados por sexo que mixtos. <strong>En total, 44<\/strong>. Hoy, el n\u00famero ya se ha reducido sustancialmente y en nuestro pa\u00eds, seg\u00fan datos del Consejo de Colegios Mayores Universidades, <strong>quedan 26<\/strong>. Este curso 2025-2026 <strong>caducan los convenios de adscripci\u00f3n<\/strong> de estos centros que tendr\u00e1n que tomar una decisi\u00f3n: dejar de estar vinculados a una universidad p\u00fablica y adscribirse a una privada si quieren seguir siendo masculinos o femeninos o bien convertirse en mixtos. Casi todos los unisex de Espa\u00f1a se encuentran en Madrid, en la zona de Ciudad Universitaria, y en su mayor\u00eda, est\u00e1n adscritos a la Universidad Complutense. Sin embargo, en <strong>Valencia, Sevilla, Valladolid o Salamanca<\/strong> tambi\u00e9n quedan colegios mayores en la misma situaci\u00f3n de incertidumbre. <\/p>\n<p class=\"voc-p\" style=\"\">Pero, \u00bfqu\u00e9 pasa si un colegio deja de estar adscrito a una universidad p\u00fablica? Lo primero es <strong>la p\u00e9rdida de prestigio<\/strong> que esto puede suponer. Adem\u00e1s, hay que tener en cuenta que la mayor\u00eda est\u00e1n vinculados a la universidad p\u00fablica que tienen m\u00e1s cerca. \u00abSe ha extendido la <strong>idea falsa de que recibimos financiaci\u00f3n p\u00fablica<\/strong>, pero no es as\u00ed. Los colegios mayores son entidades sin \u00e1nimo de lucro\u00bb, refieren desde el consejo que los representa. Sin embargo, si dejan de estar vinculados a una universidad p\u00fablica, sufrir\u00e1n un perjuicio econ\u00f3mico, pues <strong>perder\u00e1n exenciones fiscales<\/strong>. Los directores de los centros, adem\u00e1s, dejar\u00edan de estar nombrados por el rector. <\/p>\n<p class=\"voc-p\" style=\"\">Los 18 colegios mayores que se han reconvertido desde que se aprob\u00f3 la LOSU han seguido caminos distintos: seis ya son mixtos, siete se terminaron asociando a universidades privadas y algunos han establecido otro tipo de acuerdos con las universidades. Muchos conf\u00edan en que la Universidad Complutense y la Comunidad de Madrid encuentren una soluci\u00f3n para ellos. \u00abYo creo en la libertad de elegir. <strong>Mi deseo es que este colegio mayor mantenga su identidad<\/strong> y contin\u00fae siendo masculino, pero es algo que tendr\u00e1 que decidir la fundaci\u00f3n Pablo VI, a la que pertenecemos\u00bb, asegura Pedro Sainz de Baranda, director del P\u00edo XII. Ninguno de los colegiales de este centro, que abre sus puertas a ABC, parece demasiado preocupado por lo que pueda pasar en el colegio mayor en el que duermen y hacen vida. <\/p>\n<p><img decoding=\"async\" loading=\"lazy\" src=\"https:\/\/www.europesays.com\/es\/wp-content\/uploads\/2025\/11\/1503152485-U24274607181YTF-760x427@diario_abc.jpg\" class=\"voc-img\" width=\"760\" height=\"427\" alt=\"Los colegiales del P\u00edo XII en el comedor\" data-voc-vtm-id=\"in-text-traffic\"\/><\/p>\n<p>Los colegiales del P\u00edo XII en el comedor<\/p>\n<p>ISABEL PERMUY<\/p>\n<p class=\"voc-p\" style=\"\">Desde el Moncloa, vinculado al Opus Dei, Ricardo Calleja, su director, tiene dudas sobre c\u00f3mo se aplicar\u00e1 la ley: \u00ab\u00bfQu\u00e9 entendemos por mixto? En nuestros colegios mayores hay actividades mixtas, aunque las habitaciones son s\u00f3lo de chicos. Creo que hay que<strong> acabar con esa idea de que los centros diferenciados son para monjes o monjas de clausura<\/strong>. La realidad es bien distinta\u00bb, asegura a este diario. \u00abDesde el principio, la voluntad ha sido violentar un modelo. Lo cierto es que el tema activa a cierta izquierda intervencionista\u00bb, afirma. Por su parte, la direcci\u00f3n del M\u00f3nica explica a este peri\u00f3dico que est\u00e1n a la espera del desarrollo auton\u00f3mico que se haga de la ley. <\/p>\n<p class=\"voc-p\" style=\"\">ABC se ha puesto en contacto tanto con la Universidad Complutense como con la Consejer\u00eda de Educaci\u00f3n de la Comunidad de Madrid, pero ambas instituciones se muestran prudentes. \u00abEstamos escuchando a la comunidad educativa\u00bb, refieren desde la Consejer\u00eda de Educaci\u00f3n. El Ministerio de Universidades tampoco resuelve la duda que muchos de estos centros tienen sobre si se podr\u00e1 considerar mixto a un colegio mayor con actividades conjuntas pero &#8216;alojamiento&#8217; diferenciado. <\/p>\n<p><img decoding=\"async\" loading=\"lazy\" src=\"https:\/\/www.europesays.com\/es\/wp-content\/uploads\/2025\/11\/mara-U15226858678HEO-760x427@diario_abc.jpg\" class=\"voc-img\" width=\"760\" height=\"427\" alt=\"Dos universitarias en la puerta del colegio femenino Mara, cercano a la Universidad Complutense\" data-voc-vtm-id=\"in-text-traffic\"\/><\/p>\n<p>Dos universitarias en la puerta del colegio femenino Mara, cercano a la Universidad Complutense<\/p>\n<p>isabel permuy<\/p>\n<p class=\"voc-p\" style=\"\">Desde el <strong>El\u00edas Ahuja<\/strong>, colegio mayor en el que sucedi\u00f3 la pol\u00e9mica que inspir\u00f3 la enmienda de Errej\u00f3n, afirman que se convertir\u00e1n en mixto: \u00abEste ser\u00e1 el \u00faltimo a\u00f1o en el que seremos un colegio mayor s\u00f3lo de chicos. Ya estamos haciendo las obras\u00bb, refiere Francisco Mart\u00edn, su director. Este centro de la orden de los agustinos cree que la enmienda no tuvo en cuenta es el riesgo de endogamia: \u00abLos diferenciados siempre se han abierto m\u00e1s a hacer actividades, los mixtos suelen encerrarse m\u00e1s en s\u00ed mismos\u00bb, asegura. <\/p>\n<p class=\"voc-title\">\u00abEn Educaci\u00f3n es deseable que los cambios vengan del consenso y no de la imposici\u00f3n\u00bb<\/p>\n<p class=\"voc-article-position__name\">Carlos Pesado <\/p>\n<p class=\"voc-article-position__employ\">Jaime del Amo <\/p>\n<p class=\"voc-p\" style=\"\">Otro de los colegios mayores m\u00e1s cl\u00e1sicos, el Jaime del Amo, insiste en que desde hace muchos a\u00f1os se organizan numerosas actividades mixtas con otros colegios femeninos. En materia educativa, dice su director, Carlos Pesado, \u00absiempre es preferible y deseable que las decisiones sean fruto del consenso m\u00e1s que de la imposici\u00f3n\u00bb. <\/p>\n<p>\nDenuncias de abusos sexuales en centros mixtos\n<\/p>\n<p class=\"voc-p\" style=\"\">\u00abLa vida es mixta, <strong>ojal\u00e1 vayamos desterrando ese olor a naftalina<\/strong>\u00bb, ilustran desde otros de estos centros. La mayor parte no entienden la justificaci\u00f3n de la medida como algo que \u00aberradique el machismo\u00bb sino como un \u00abcapricho ideol\u00f3gico de \u00cd\u00f1igo Errej\u00f3n\u00bb y recuerdan que la mayor parte de las denuncias por abusos sexuales en colegios mayores se producen en mixtos y no en diferenciados, como el caso de las tres chicas que denunciaron en el San Isidoro de Le\u00f3n. <\/p>\n<p class=\"voc-p\" style=\"\">El sector tambi\u00e9n reivindica la figura del colegio mayor y no de la residencia controlada por fondos de inversi\u00f3n, una figura que est\u00e1 proliferando y en la que esa personalidad acad\u00e9mica de los centros termina difumin\u00e1ndose. Adem\u00e1s, esta ofensiva a los diferenciados coincide en el tiempo con un momento en el que el alto precio del alquiler dispar\u00f3 este curso un <strong>15% la demanda de plazas en colegios mayores<\/strong>, seg\u00fan datos del Consejo de Colegios Mayores Universitarios. Sus defensores tratar\u00e1n de que siga existiendo el colegio mayor bohemio, el deportista, el religioso, el asambleario, el masculino y el femenino. Otra cosa es el mapa que quede a final de curso.<\/p>\n<p><script async src=\"https:\/\/platform.twitter.com\/widgets.js\" charset=\"utf-8\"><\/script><\/p>\n","protected":false},"excerpt":{"rendered":"Cada colegio mayor tiene una identidad propia, casi un car\u00e1cter. Hay algunos que funcionan como peque\u00f1as rep\u00fablicas, donde&hellip;\n","protected":false},"author":2,"featured_media":255437,"comment_status":"","ping_status":"","sticky":false,"template":"","format":"standard","meta":{"footnotes":""},"categories":[8],"tags":[34622,17,18,2027,64280,25,24,5014,13,14,43829,11,5178,19,20,6414,54247,446,9,10,15,16,23,12,1885,21,22],"class_list":{"0":"post-255436","1":"post","2":"type-post","3":"status-publish","4":"format-standard","5":"has-post-thumbnail","7":"category-espana","8":"tag-bala","9":"tag-breaking-news","10":"tag-breakingnews","11":"tag-colegios","12":"tag-errejon","13":"tag-es","14":"tag-espana","15":"tag-extincion","16":"tag-featured-news","17":"tag-featurednews","18":"tag-femeninos","19":"tag-headlines","20":"tag-inigo","21":"tag-latest-news","22":"tag-latestnews","23":"tag-lleva","24":"tag-masculinos","25":"tag-mayores","26":"tag-news","27":"tag-noticias","28":"tag-noticias-destacadas","29":"tag-noticiasdestacadas","30":"tag-spain","31":"tag-titulares","32":"tag-ultima","33":"tag-ultimas-noticias","34":"tag-ultimasnoticias"},"share_on_mastodon":{"url":"https:\/\/pubeurope.com\/@es\/115611615113590935","error":""},"_links":{"self":[{"href":"https:\/\/www.europesays.com\/es\/wp-json\/wp\/v2\/posts\/255436","targetHints":{"allow":["GET"]}}],"collection":[{"href":"https:\/\/www.europesays.com\/es\/wp-json\/wp\/v2\/posts"}],"about":[{"href":"https:\/\/www.europesays.com\/es\/wp-json\/wp\/v2\/types\/post"}],"author":[{"embeddable":true,"href":"https:\/\/www.europesays.com\/es\/wp-json\/wp\/v2\/users\/2"}],"replies":[{"embeddable":true,"href":"https:\/\/www.europesays.com\/es\/wp-json\/wp\/v2\/comments?post=255436"}],"version-history":[{"count":0,"href":"https:\/\/www.europesays.com\/es\/wp-json\/wp\/v2\/posts\/255436\/revisions"}],"wp:featuredmedia":[{"embeddable":true,"href":"https:\/\/www.europesays.com\/es\/wp-json\/wp\/v2\/media\/255437"}],"wp:attachment":[{"href":"https:\/\/www.europesays.com\/es\/wp-json\/wp\/v2\/media?parent=255436"}],"wp:term":[{"taxonomy":"category","embeddable":true,"href":"https:\/\/www.europesays.com\/es\/wp-json\/wp\/v2\/categories?post=255436"},{"taxonomy":"post_tag","embeddable":true,"href":"https:\/\/www.europesays.com\/es\/wp-json\/wp\/v2\/tags?post=255436"}],"curies":[{"name":"wp","href":"https:\/\/api.w.org\/{rel}","templated":true}]}}