{"id":255438,"date":"2025-11-25T18:01:12","date_gmt":"2025-11-25T18:01:12","guid":{"rendered":"https:\/\/www.europesays.com\/es\/255438\/"},"modified":"2025-11-25T18:01:12","modified_gmt":"2025-11-25T18:01:12","slug":"el-ayuntamiento-de-salamanca-rinde-homenaje-a-alberto-miranda-tras-su-victoria-en-el-eurobasket-2025","status":"publish","type":"post","link":"https:\/\/www.europesays.com\/es\/255438\/","title":{"rendered":"El Ayuntamiento de Salamanca rinde homenaje a Alberto Miranda tras su victoria en el Eurobasket 2025"},"content":{"rendered":"<p class=\"paragraph-atom &#10;        A-500-300-700-N A-550-300-700-N--md  \">El entrenador salmantino Alberto Miranda ha sido homenajeado esta ma\u00f1ana por el Ayuntamiento de Salamanca, tras su reciente victoria en el Eurobasket 2025 al frente de la selecci\u00f3n absoluta alemana. La concejala de Deportes, Almudena Parres, recibi\u00f3 a Miranda en el Sal\u00f3n de Recepciones junto a su familia, traslad\u00e1ndole en nombre de todos los salmantinos un mensaje de felicitaci\u00f3n y orgullo.<\/p>\n<p class=\"paragraph-atom &#10;        A-500-300-700-N A-550-300-700-N--md  \">\u201cEstamos profundamente orgullosos de este oro, que hemos celebrado como si fuera nuestro\u201d, afirm\u00f3 Parres, destacando la \u201cbrillante aportaci\u00f3n\u201d de Miranda al deporte salmantino, nacional e internacional a lo largo de sus 20 a\u00f1os de trayectoria en ligas masculinas y femeninas.<\/p>\n<p class=\"paragraph-atom &#10;        A-500-300-700-N A-550-300-700-N--md  \">La concejala subray\u00f3 que Miranda es \u201cuna persona muy querida y respetada\u201d en la ciudad, y que su carrera, actualmente vinculada al cuerpo t\u00e9cnico del Unicaja M\u00e1laga, es fruto de \u201cesfuerzo, sacrificios e ilusi\u00f3n en todo lo que hace\u201d, convirti\u00e9ndolo en un \u201creferente para las nuevas generaciones\u201d.<\/p>\n<p class=\"paragraph-atom &#10;        A-500-300-700-N A-550-300-700-N--md  \">Miranda comenz\u00f3 en el baloncesto como jugador en el programa municipal de Juegos Escolares, que cada temporada re\u00fane a m\u00e1s de 7.000 ni\u00f1os y ni\u00f1as. \u201cEse gusanillo inicial\u201d, se\u00f1al\u00f3 Parres, lo llev\u00f3 a seguir form\u00e1ndose y entrenando en distintos centros educativos y clubes locales, hasta incorporarse al equipo de la Universidad de Salamanca junto a Isidro \u00c1lvarez, a quien considera su mentor.<\/p>\n<p class=\"paragraph-atom &#10;        A-500-300-700-N A-550-300-700-N--md  \">Durante el acto, la concejala tambi\u00e9n le dese\u00f3 suerte para continuar sumando t\u00edtulos en la pr\u00f3xima temporada. 2025 ha sido un a\u00f1o especialmente destacado para Miranda, que adem\u00e1s del Eurobasket, celebr\u00f3 con el Unicaja M\u00e1laga la Copa del Rey, la Basketball Champions League y la Copa Intercontinental.<\/p>\n","protected":false},"excerpt":{"rendered":"El entrenador salmantino Alberto Miranda ha sido homenajeado esta ma\u00f1ana por el Ayuntamiento de Salamanca, tras su reciente&hellip;\n","protected":false},"author":2,"featured_media":255439,"comment_status":"","ping_status":"","sticky":false,"template":"","format":"standard","meta":{"footnotes":""},"categories":[269],"tags":[9125,1250,299,298,168,25,24,6552,3656,3614,23,167],"class_list":{"0":"post-255438","1":"post","2":"type-post","3":"status-publish","4":"format-standard","5":"has-post-thumbnail","7":"category-baloncesto","8":"tag-alberto","9":"tag-ayuntamiento","10":"tag-baloncesto","11":"tag-basketball","12":"tag-deportes","13":"tag-es","14":"tag-espana","15":"tag-homenaje","16":"tag-rinde","17":"tag-salamanca","18":"tag-spain","19":"tag-sports"},"share_on_mastodon":{"url":"https:\/\/pubeurope.com\/@es\/115611650407192165","error":""},"_links":{"self":[{"href":"https:\/\/www.europesays.com\/es\/wp-json\/wp\/v2\/posts\/255438","targetHints":{"allow":["GET"]}}],"collection":[{"href":"https:\/\/www.europesays.com\/es\/wp-json\/wp\/v2\/posts"}],"about":[{"href":"https:\/\/www.europesays.com\/es\/wp-json\/wp\/v2\/types\/post"}],"author":[{"embeddable":true,"href":"https:\/\/www.europesays.com\/es\/wp-json\/wp\/v2\/users\/2"}],"replies":[{"embeddable":true,"href":"https:\/\/www.europesays.com\/es\/wp-json\/wp\/v2\/comments?post=255438"}],"version-history":[{"count":0,"href":"https:\/\/www.europesays.com\/es\/wp-json\/wp\/v2\/posts\/255438\/revisions"}],"wp:featuredmedia":[{"embeddable":true,"href":"https:\/\/www.europesays.com\/es\/wp-json\/wp\/v2\/media\/255439"}],"wp:attachment":[{"href":"https:\/\/www.europesays.com\/es\/wp-json\/wp\/v2\/media?parent=255438"}],"wp:term":[{"taxonomy":"category","embeddable":true,"href":"https:\/\/www.europesays.com\/es\/wp-json\/wp\/v2\/categories?post=255438"},{"taxonomy":"post_tag","embeddable":true,"href":"https:\/\/www.europesays.com\/es\/wp-json\/wp\/v2\/tags?post=255438"}],"curies":[{"name":"wp","href":"https:\/\/api.w.org\/{rel}","templated":true}]}}