{"id":255440,"date":"2025-11-25T18:02:17","date_gmt":"2025-11-25T18:02:17","guid":{"rendered":"https:\/\/www.europesays.com\/es\/255440\/"},"modified":"2025-11-25T18:02:17","modified_gmt":"2025-11-25T18:02:17","slug":"ultras-del-sevilla-y-el-betis-se-pelean-a-seis-dias-del-derbi","status":"publish","type":"post","link":"https:\/\/www.europesays.com\/es\/255440\/","title":{"rendered":"Ultras del Sevilla y el Betis se pelean a seis d\u00edas del derbi"},"content":{"rendered":"<p class=\"\">A seis d\u00edas del derbi entre<b> Sevilla y Betis <\/b>en el <b>Ram\u00f3n S\u00e1nchez-Pizju\u00e1n<\/b>, este lunes se produjeron los primeros altercados entre presuntos ultras de ambos clubes. Curiosamente, uno de ellos sucedi\u00f3 mientras el club de <b>Nervi\u00f3n <\/b>jugaba su encuentro de la \u00faltima jornada ante el <b>Espanyol<\/b>, que perdi\u00f3 en <b>Cornell\u00e0 por 2-1. <\/b><\/p>\n<p class=\"\">El v\u00eddeo del incidente <b>ha sido colgado<\/b> por la cuenta Footballdonorte y en \u00e9l se puede comprobar c\u00f3mo varias personas corren detr\u00e1s de otras mientras se escucha <b>\u201cSevilla, hooligans\u201d<\/b>. La escena se produce en la calle Luis Montoto, cercana al estadio del club nervionense. En principio solo hubo da\u00f1os <b>al mobiliario urbano<\/b> y no hubo heridos. <\/p>\n<p class=\"\">Tras ver a los ultras, <b>encapuchados<\/b>, varios vecinos de la zona avisaron tanto a la<b> Polic\u00eda Local como la Nacional, <\/b>aunque en principio no se produjeron <b>detenidos<\/b>. S\u00ed se tienen que lamentar <b>destrozos <\/b>a coches aparcados y tambi\u00e9n a veladores de varios bares del barrio de Nervi\u00f3n.<\/p>\n<blockquote class=\"twitter-tweet\">\n<p lang=\"es\" dir=\"ltr\">Semana de Derbi Sevillano \ud83d\udd34\u26aa\ufe0f &#8211; \ud83d\udfe2\u26aa\ufe0f<br \/>Sevilla FC &#8211; Real Betis. (30-11-25)<\/p>\n<p>As\u00ed ha amanecido hoy los alrededores del Estadio de La Cartuja:<\/p>\n<p>\u201cDAR LA CARA MARICO*ES\u201d <\/p>\n<p>\u201cSGS CERD*S \ud83d\udc37<\/p>\n<p>\u201cBIRIS NORTE 75\u201d<\/p>\n<p>(Hace unos a\u00f1os en la calle tajo tambi\u00e9n aparecieron pintadas) <a href=\"https:\/\/t.co\/8tlnSnleYN\" rel=\"nofollow\">pic.twitter.com\/8tlnSnleYN<\/a><\/p>\n<p>\u2014 ULTRAS \ud835\udd73 PRESENT (@UltrasPresent) <a href=\"https:\/\/twitter.com\/UltrasPresent\/status\/1992933332024533011?ref_src=twsrc%5Etfw\" rel=\"nofollow noopener\" target=\"_blank\">November 24, 2025<\/a><\/p><\/blockquote>\n<p>Noticias relacionadas<a href=\"https:\/\/as.com\/futbol\/primera\/almeyda-sin-remedio-f202511-n\/\" class=\"s_m_w\" title=\"A pesar de la insistencia de su t\u00e9cnico, el Sevilla sigue condenado por errores defensivos graves incluso cuando cuaja buenos partidos, como en Cornell\u00e0.\" data-tb-link=\"\" rel=\"nofollow noopener\" target=\"_blank\"><img decoding=\"async\" src=\"https:\/\/www.europesays.com\/es\/wp-content\/uploads\/2025\/11\/CB6ATAIXSZJETOUFPN7IGXN2YY.jpg\" alt=\"Almeyda, sin remedio\" class=\"\" height=\"9\" width=\"16\"   loading=\"lazy\" data-tb-thumbnail=\"\"\/><\/a><a href=\"https:\/\/as.com\/futbol\/almeyda-tantas-acciones-de-gol-tienen-que-definirse-f202511-n\/\" class=\"s_m_w\" title=\"El t\u00e9cnico del Sevilla lamenta la cantidad de ocasiones falladas por los suyos en el que considera uno de los mejores partidos jugados esta temporada. \" data-tb-link=\"\" rel=\"nofollow noopener\" target=\"_blank\"><img decoding=\"async\" src=\"https:\/\/www.europesays.com\/es\/wp-content\/uploads\/2025\/11\/7W4TCY4UNFPJLL2SWPSNRKBPMA.jpg\" alt=\"Almeyda: \u201cTantas acciones de gol tienen que definirse\u201d\" class=\"\" height=\"9\" width=\"16\"   loading=\"lazy\" data-tb-thumbnail=\"\"\/><\/a><\/p>\n<p class=\"\">Por otro lado, en los aleda\u00f1os del <b>estadio de La Cartuja<\/b> aparecieron varias <b>pintadas <\/b>amenazantes de ultras, parece que del Sevilla. La semana no ha hecho m\u00e1s que comenzar, pero los cafres comienzan a <b>hacer de las suyas.<\/b><\/p>\n<p class=\"\"><b>\u00a1Tus opiniones importan!<\/b> Comenta en los art\u00edculos y suscr\u00edbete gratis a nuestra <a href=\"https:\/\/asfan.as.com\/newsletters\/\" target=\"_blank\" rel=\"nofollow noopener\" title=\"https:\/\/asfan.as.com\/newsletters\/\">newsletter<\/a> y a las alertas informativas en la <a href=\"https:\/\/as.com\/aplicacion-de-as-n\/\" target=\"_blank\" rel=\"nofollow noopener\" title=\"https:\/\/as.com\/aplicacion-de-as-n\/\">App<\/a> o el canal de <a href=\"https:\/\/www.whatsapp.com\/channel\/0029VaAasdA7j6g745nz9M10\" target=\"_blank\" rel=\"nofollow noopener\" title=\"https:\/\/www.whatsapp.com\/channel\/0029VaAasdA7j6g745nz9M10\">WhatsApp<\/a>. \u00bfBuscas licenciar contenido? Haz clic <a href=\"https:\/\/profesional.elpais.com\/soluciones-sindicacion?utm_medium=interno&amp;utm_source=crosslinking&amp;utm_campaign=sindicacion_as_pie_articulos\" target=\"_blank\" rel=\"nofollow noopener\" title=\"https:\/\/profesional.elpais.com\/soluciones-sindicacion?utm_medium=interno&amp;utm_source=crosslinking&amp;utm_campaign=sindicacion_as_pie_articulos\">aqu\u00ed<\/a><\/p>\n<p><script async src=\"https:\/\/platform.twitter.com\/widgets.js\" charset=\"utf-8\"><\/script><\/p>\n","protected":false},"excerpt":{"rendered":"A seis d\u00edas del derbi entre Sevilla y Betis en el Ram\u00f3n S\u00e1nchez-Pizju\u00e1n, este lunes se produjeron los&hellip;\n","protected":false},"author":2,"featured_media":255441,"comment_status":"","ping_status":"","sticky":false,"template":"","format":"standard","meta":{"footnotes":""},"categories":[268],"tags":[168,25,24,280,282,281,23,167],"class_list":{"0":"post-255440","1":"post","2":"type-post","3":"status-publish","4":"format-standard","5":"has-post-thumbnail","7":"category-futbol","8":"tag-deportes","9":"tag-es","10":"tag-espana","11":"tag-football","12":"tag-futbol","13":"tag-soccer","14":"tag-spain","15":"tag-sports"},"share_on_mastodon":{"url":"https:\/\/pubeurope.com\/@es\/115611654629699564","error":""},"_links":{"self":[{"href":"https:\/\/www.europesays.com\/es\/wp-json\/wp\/v2\/posts\/255440","targetHints":{"allow":["GET"]}}],"collection":[{"href":"https:\/\/www.europesays.com\/es\/wp-json\/wp\/v2\/posts"}],"about":[{"href":"https:\/\/www.europesays.com\/es\/wp-json\/wp\/v2\/types\/post"}],"author":[{"embeddable":true,"href":"https:\/\/www.europesays.com\/es\/wp-json\/wp\/v2\/users\/2"}],"replies":[{"embeddable":true,"href":"https:\/\/www.europesays.com\/es\/wp-json\/wp\/v2\/comments?post=255440"}],"version-history":[{"count":0,"href":"https:\/\/www.europesays.com\/es\/wp-json\/wp\/v2\/posts\/255440\/revisions"}],"wp:featuredmedia":[{"embeddable":true,"href":"https:\/\/www.europesays.com\/es\/wp-json\/wp\/v2\/media\/255441"}],"wp:attachment":[{"href":"https:\/\/www.europesays.com\/es\/wp-json\/wp\/v2\/media?parent=255440"}],"wp:term":[{"taxonomy":"category","embeddable":true,"href":"https:\/\/www.europesays.com\/es\/wp-json\/wp\/v2\/categories?post=255440"},{"taxonomy":"post_tag","embeddable":true,"href":"https:\/\/www.europesays.com\/es\/wp-json\/wp\/v2\/tags?post=255440"}],"curies":[{"name":"wp","href":"https:\/\/api.w.org\/{rel}","templated":true}]}}