{"id":255465,"date":"2025-11-25T18:24:15","date_gmt":"2025-11-25T18:24:15","guid":{"rendered":"https:\/\/www.europesays.com\/es\/255465\/"},"modified":"2025-11-25T18:24:15","modified_gmt":"2025-11-25T18:24:15","slug":"valencia-basket-atkinson-el-mejor-entrenador-de-la-nba-aprendemos-de-pedro-martinez","status":"publish","type":"post","link":"https:\/\/www.europesays.com\/es\/255465\/","title":{"rendered":"VALENCIA BASKET: Atkinson, el mejor entrenador de la NBA: \u00abAprendemos de Pedro Mart\u00ednez\u00bb"},"content":{"rendered":"<p class=\"ft-text\"><a class=\"ft-link ft-link--decoration\" href=\"https:\/\/www.superdeporte.es\/valencia-basket\/2025\/11\/24\/valencia-basket-bayern-horario-ver-124054917.html\" rel=\"nofollow noopener\" target=\"_blank\">El nivel de Valencia Basket no est\u00e1 pasando desapercibido<\/a> y por lo tanto el trabajo de Pedro Mart\u00ednez, su entrenador principal, tampoco.<strong> Los taronja se han convertido en uno de los equipos de moda en Europa, tanto por los resultados como por su juego, y su influencia est\u00e1 empezando a llegar al otro lado del charco.<\/strong><\/p>\n<p class=\"ft-text\">Tanto es as\u00ed que esta semana, en unas declaraciones ofrecidas a la prensa de Cleveland, <a class=\"ft-link ft-link--decoration\" href=\"https:\/\/www.superdeporte.es\/baloncesto\/2025\/11\/25\/nba-resumen-detroit-toronto-vuelan-124089629.html\" rel=\"nofollow noopener\" target=\"_blank\">el entrenador de los Cavaliers, Kenny Atkinson<\/a>, se ha deshecho en elogios hacia el entrenador de Valencia Basket, destacando que su influencia tanto en su equipo <a class=\"ft-link ft-link--decoration themonetise\" href=\"https:\/\/www.nba.com\/standings\" rel=\"nofollow sponsored noopener\" target=\"_blank\">como en otros de la NBA es m\u00e1xima<\/a>: \u00ab<strong>Todos los entrenadores de la NBA aprendemos de \u00e9l. Sus equipos siempre son innovadores, ha tenido una gran influencia en el baloncesto global\u00bb, destac\u00f3 el que fue elegido mejor entrenador de la NBA de la temporada 2024\/25. <\/strong><\/p>\n<p><img decoding=\"async\" src=\"https:\/\/www.europesays.com\/es\/wp-content\/uploads\/2025\/11\/33b51c67-2e89-4687-8e9f-339b06b4094e_alta-libre-aspect-ratio_default_0.jpg\" width=\"1200\" height=\"800\" alt=\"Pedro Mart\u00ednez\" class=\"ft-helper-img-rd\" loading=\"lazy\"\/><\/p>\n<p class=\"ft-helper-fontColor-quaternary ft-helper-fontSize-body-S ft-helper-spacer-t-xxs\">Pedro Mart\u00ednez  \/ SD<\/p>\n<p class=\"ft-text\">Atkinson fue muy claro para afirmar que en los \u00faltimos a\u00f1os <a class=\"ft-link ft-link--decoration\" href=\"https:\/\/www.superdeporte.es\/valencia-basket\/2025\/11\/23\/pedro-martinez-dan-igual-criticas-confiar-jugadores-124040099.html\" rel=\"nofollow noopener\" target=\"_blank\">ha visto partidos de Valencia Basket<\/a> para extraer ideas que pueda aplicar a sus Cleveland Cavaliers. En concreto, destac\u00f3 la capacidad que ha demostrado Pedro Mart\u00ednez en los \u00faltimos a\u00f1os para <strong>adaptarse, evolucionar y sorprender durante los partidos. \u00abHay jugadas que robamos de \u00e9l\u00bb.<\/strong><\/p>\n<p>Valencia Basket, un pilar influyente en Europa<\/p>\n<p class=\"ft-text\">Las declaraciones de Kenny Atkinson no quedaron ah\u00ed y tambi\u00e9n afirm\u00f3 que \u00ab<strong>Pedro Mart\u00ednez es un gran entrenador, solo tengo un mont\u00f3n de respeto por \u00e9l como entrenador\u00bb. <\/strong><\/p>\n<p><img decoding=\"async\" src=\"https:\/\/www.europesays.com\/es\/wp-content\/uploads\/2025\/11\/39c01407-c131-4de4-ae6f-4d2d1b9d8e14_alta-libre-aspect-ratio_default_0.jpg\" width=\"1200\" height=\"800\" alt=\"Donovan Mitchell\" class=\"ft-helper-img-rd\" loading=\"lazy\"\/><\/p>\n<p class=\"ft-helper-fontColor-quaternary ft-helper-fontSize-body-S ft-helper-spacer-t-xxs\">Donovan Mitchell  \/ LAP<\/p>\n<p>Una influencia que funciona<\/p>\n<p class=\"ft-text\">Para qu\u00e9 tocar lo que funciona debe pensar Atkinson, y es que la influencia de Pedro Mart\u00ednez parece estar funcionando en los \u00faltimos a\u00f1os en Cleveland. Los Cavs, tras un periodo de <strong>reconstrucci\u00f3n desde que se marchara Lebron James, llevan ya varios a\u00f1os como <\/strong><a class=\"ft-link ft-link--decoration\" href=\"https:\/\/www.superdeporte.es\/baloncesto\/2025\/01\/31\/cavaliers-lakers-wolves-disparan-efectividad-este-jueves-en-la-jornada-de-la-nba-113875435.html\" rel=\"nofollow noopener\" target=\"_blank\"><strong>uno de los mejores equipos de la conferencia este de la NBA,<\/strong><\/a><strong> siendo un habitual en playoff con opciones de llegar lejos.<\/strong><\/p>\n<p class=\"ft-text\">Su progresi\u00f3n desde 2021 ha sido mete\u00f3rico. <strong>En la temporada 2021\/22 terminaron en novena posici\u00f3n del este, tanto en la 22\/23 como en la 23\/24 fueron cuartos y la temporada pasada acabaron en lo m\u00e1s alto de la temporada regular<\/strong>. El siguiente paso es dar un salto en playoff y volver a luchar por meterse en unas finales de la NBA.<\/p>\n","protected":false},"excerpt":{"rendered":"El nivel de Valencia Basket no est\u00e1 pasando desapercibido y por lo tanto el trabajo de Pedro Mart\u00ednez,&hellip;\n","protected":false},"author":2,"featured_media":255466,"comment_status":"","ping_status":"","sticky":false,"template":"","format":"standard","meta":{"footnotes":""},"categories":[269],"tags":[299,298,48061,168,40197,2226,25,24,700,825,1684,1725,1822,12326,23,167,2752,2916],"class_list":{"0":"post-255465","1":"post","2":"type-post","3":"status-publish","4":"format-standard","5":"has-post-thumbnail","7":"category-baloncesto","8":"tag-baloncesto","9":"tag-basketball","10":"tag-cleveland-cavaliers","11":"tag-deportes","12":"tag-elogia","13":"tag-entrenador","14":"tag-es","15":"tag-espana","16":"tag-europa","17":"tag-martinez","18":"tag-mejor","19":"tag-nba","20":"tag-pedro","21":"tag-pedro-martinez","22":"tag-spain","23":"tag-sports","24":"tag-trabajo","25":"tag-valencia-basket"},"share_on_mastodon":{"url":"https:\/\/pubeurope.com\/@es\/115611741319415054","error":""},"_links":{"self":[{"href":"https:\/\/www.europesays.com\/es\/wp-json\/wp\/v2\/posts\/255465","targetHints":{"allow":["GET"]}}],"collection":[{"href":"https:\/\/www.europesays.com\/es\/wp-json\/wp\/v2\/posts"}],"about":[{"href":"https:\/\/www.europesays.com\/es\/wp-json\/wp\/v2\/types\/post"}],"author":[{"embeddable":true,"href":"https:\/\/www.europesays.com\/es\/wp-json\/wp\/v2\/users\/2"}],"replies":[{"embeddable":true,"href":"https:\/\/www.europesays.com\/es\/wp-json\/wp\/v2\/comments?post=255465"}],"version-history":[{"count":0,"href":"https:\/\/www.europesays.com\/es\/wp-json\/wp\/v2\/posts\/255465\/revisions"}],"wp:featuredmedia":[{"embeddable":true,"href":"https:\/\/www.europesays.com\/es\/wp-json\/wp\/v2\/media\/255466"}],"wp:attachment":[{"href":"https:\/\/www.europesays.com\/es\/wp-json\/wp\/v2\/media?parent=255465"}],"wp:term":[{"taxonomy":"category","embeddable":true,"href":"https:\/\/www.europesays.com\/es\/wp-json\/wp\/v2\/categories?post=255465"},{"taxonomy":"post_tag","embeddable":true,"href":"https:\/\/www.europesays.com\/es\/wp-json\/wp\/v2\/tags?post=255465"}],"curies":[{"name":"wp","href":"https:\/\/api.w.org\/{rel}","templated":true}]}}