{"id":255467,"date":"2025-11-25T18:25:10","date_gmt":"2025-11-25T18:25:10","guid":{"rendered":"https:\/\/www.europesays.com\/es\/255467\/"},"modified":"2025-11-25T18:25:10","modified_gmt":"2025-11-25T18:25:10","slug":"el-real-madrid-se-ausenta-en-la-ultima-reunion-de-la-reforma-arbitral","status":"publish","type":"post","link":"https:\/\/www.europesays.com\/es\/255467\/","title":{"rendered":"El Real Madrid se ausenta en la \u00faltima reuni\u00f3n de la Reforma Arbitral"},"content":{"rendered":"<p class=\"\"><b>El Comit\u00e9 de Reforma del Sistema Arbitral se ha reunido este martes <\/b>en la Ciudad del F\u00fatbol de Las Rozas para analizar los cambios llevados a cabo en la presente temporada. Una cumbre a la que acudi\u00f3 la actual c\u00fapula arbitral liderada por Fran Soto y otros dirigentes de gran relevancia como los presidentes de la Federaci\u00f3n, LaLiga y el sindicato de jugadores AFE. <b>Quien no hizo acto de presencia fue el Real Madrid<\/b>, invitado a estas reuniones y que acudi\u00f3 a las anteriores.<\/p>\n<p class=\"\">Rafael Louz\u00e1n ha presidido la \u00faltima reuni\u00f3n de la reforma arbitral poniendo en valor los cambios e iniciativas llevadas a cabo en los \u00faltimos meses. Fran Soto, presidente de los \u00e1rbitros desde julio, estuvo presente en la cumbre, donde avanz\u00f3 a los presentes que <b>se seguir\u00e1 avanzando en la eliminaci\u00f3n de la territorialidad en el arbitraje.<\/b> Ya se ha hecho con linieres y VAR, donde los trencillas de una Comunidad Aut\u00f3noma ha podido estar en partidos de los equipos de su misma localidad. A partir de este fin de semana se dar\u00e1 un paso m\u00e1s en el derbi sevillano.<a href=\"https:\/\/as.com\/futbol\/primera\/munuera-montero-termina-con-la-territorialidad-y-pitara-el-derbi-sevillano-f202511-n\/\" target=\"_self\" rel=\"nofollow noopener\" title=\"https:\/\/as.com\/futbol\/primera\/munuera-montero-termina-con-la-territorialidad-y-pitara-el-derbi-sevillano-f202511-n\/\"> Como ha avanzado AS, el andaluz Munuera Montero ser\u00e1 quien pite dicho partido. <\/a>Por otro lado, la reuni\u00f3n<b> tambi\u00e9n sirvi\u00f3 para trabajar en la concreci\u00f3n para la evaluaci\u00f3n y calificaci\u00f3n de los \u00e1rbitros para ascensos y descensos.<\/b><\/p>\n<p class=\"\">A la cumbre acudieron representantes de las principales instituciones del f\u00fatbol espa\u00f1ol que forman parte de esta cumbre. Adem\u00e1s de Louz\u00e1n y Soto, estuvieron presentes Javier Tebas, presidente de LaLiga, y David Aganzo, de AFE. Quien no acudi\u00f3 a la cita fue el Real Madrid, quien pese a no ser elegido en votaci\u00f3n para participar en estas cumbres s\u00ed ha sido invitado siempre y ha participado en las anteriores. En esta ocasi\u00f3n, seg\u00fan confirman fuentes de la RFEF, <b>el club blanco no estuvo representado.<\/b> Justo unos d\u00edas despu\u00e9s de que Florentino P\u00e9rez criticase los escasos cambios llevados en el sistema arbitral.<\/p>\n<p>Noticias relacionadas<\/p>\n<p class=\"\">Seg\u00fan destaca la Federaci\u00f3n, Louz\u00e1n \u201cha puesto en valor toda la serie de mejoras llevadas a cabo por el Comit\u00e9 T\u00e9cnico de \u00c1rbitros y que su m\u00e1ximo responsable, Fran Soto, ha desgranado subrayando que<b> la integridad, el m\u00e9rito y la transparencia est\u00e1n y continuar\u00e1n siendo los principios rectores de un arbitraje al servicio del f\u00fatbol\u201d<\/b>. Entre las iniciativas se ha destacado la del programa Tiempo de Revisi\u00f3n, que cada semana analiza con esp\u00edritu did\u00e1ctico diferentes acciones producidas durante la \u00faltima jornada en Primera, Segunda Divisi\u00f3n y Liga F. <\/p>\n<p class=\"\"><b>\u00a1Tus opiniones importan!<\/b> Comenta en los art\u00edculos y suscr\u00edbete gratis a nuestra <a href=\"https:\/\/asfan.as.com\/newsletters\/\" target=\"_blank\" rel=\"nofollow noopener\" title=\"https:\/\/asfan.as.com\/newsletters\/\">newsletter<\/a> y a las alertas informativas en la <a href=\"https:\/\/as.com\/aplicacion-de-as-n\/\" target=\"_blank\" rel=\"nofollow noopener\" title=\"https:\/\/as.com\/aplicacion-de-as-n\/\">App<\/a> o el canal de <a href=\"https:\/\/www.whatsapp.com\/channel\/0029VaAasdA7j6g745nz9M10\" target=\"_blank\" rel=\"nofollow noopener\" title=\"https:\/\/www.whatsapp.com\/channel\/0029VaAasdA7j6g745nz9M10\">WhatsApp<\/a>. \u00bfBuscas licenciar contenido? Haz clic <a href=\"https:\/\/profesional.elpais.com\/soluciones-sindicacion?utm_medium=interno&amp;utm_source=crosslinking&amp;utm_campaign=sindicacion_as_pie_articulos\" target=\"_blank\" rel=\"nofollow noopener\" title=\"https:\/\/profesional.elpais.com\/soluciones-sindicacion?utm_medium=interno&amp;utm_source=crosslinking&amp;utm_campaign=sindicacion_as_pie_articulos\">aqu\u00ed<\/a><\/p>\n","protected":false},"excerpt":{"rendered":"El Comit\u00e9 de Reforma del Sistema Arbitral se ha reunido este martes en la Ciudad del F\u00fatbol de&hellip;\n","protected":false},"author":2,"featured_media":255468,"comment_status":"","ping_status":"","sticky":false,"template":"","format":"standard","meta":{"footnotes":""},"categories":[268],"tags":[168,25,24,280,282,281,23,167],"class_list":{"0":"post-255467","1":"post","2":"type-post","3":"status-publish","4":"format-standard","5":"has-post-thumbnail","7":"category-futbol","8":"tag-deportes","9":"tag-es","10":"tag-espana","11":"tag-football","12":"tag-futbol","13":"tag-soccer","14":"tag-spain","15":"tag-sports"},"share_on_mastodon":{"url":"https:\/\/pubeurope.com\/@es\/115611744664687046","error":""},"_links":{"self":[{"href":"https:\/\/www.europesays.com\/es\/wp-json\/wp\/v2\/posts\/255467","targetHints":{"allow":["GET"]}}],"collection":[{"href":"https:\/\/www.europesays.com\/es\/wp-json\/wp\/v2\/posts"}],"about":[{"href":"https:\/\/www.europesays.com\/es\/wp-json\/wp\/v2\/types\/post"}],"author":[{"embeddable":true,"href":"https:\/\/www.europesays.com\/es\/wp-json\/wp\/v2\/users\/2"}],"replies":[{"embeddable":true,"href":"https:\/\/www.europesays.com\/es\/wp-json\/wp\/v2\/comments?post=255467"}],"version-history":[{"count":0,"href":"https:\/\/www.europesays.com\/es\/wp-json\/wp\/v2\/posts\/255467\/revisions"}],"wp:featuredmedia":[{"embeddable":true,"href":"https:\/\/www.europesays.com\/es\/wp-json\/wp\/v2\/media\/255468"}],"wp:attachment":[{"href":"https:\/\/www.europesays.com\/es\/wp-json\/wp\/v2\/media?parent=255467"}],"wp:term":[{"taxonomy":"category","embeddable":true,"href":"https:\/\/www.europesays.com\/es\/wp-json\/wp\/v2\/categories?post=255467"},{"taxonomy":"post_tag","embeddable":true,"href":"https:\/\/www.europesays.com\/es\/wp-json\/wp\/v2\/tags?post=255467"}],"curies":[{"name":"wp","href":"https:\/\/api.w.org\/{rel}","templated":true}]}}