{"id":255469,"date":"2025-11-25T18:26:16","date_gmt":"2025-11-25T18:26:16","guid":{"rendered":"https:\/\/www.europesays.com\/es\/255469\/"},"modified":"2025-11-25T18:26:16","modified_gmt":"2025-11-25T18:26:16","slug":"preocupacion-por-el-cantante-manuel-turizo-hospitalizado-en-berlin","status":"publish","type":"post","link":"https:\/\/www.europesays.com\/es\/255469\/","title":{"rendered":"Preocupaci\u00f3n por el cantante Manuel Turizo, hospitalizado en Berl\u00edn"},"content":{"rendered":"<p>Se encuentra en plena gira mundial \u2018201 Tour\u2019, un momento profesional de lo m\u00e1s emocionante, pero ahora ha tenido que parar de manera radical. Hablamos de <a href=\"https:\/\/www.lecturas.com\/television\/manuel-turizo-visita-esta-noche-hormiguero-quien-es-conocido-cantante-reggaeton_145524\" rel=\"nofollow noopener\" target=\"_blank\">Manuel Turizo<\/a> (25 a\u00f1os), cantante que ha tenido que <strong>cancelar su \u00faltimo concierto<\/strong> en Berl\u00edn tras haber estado la noche anterior en Mil\u00e1n.<\/p>\n<p>El pasado 24 de noviembre era el d\u00eda que sus fans alemanes le esperaban con entusiasmo, pero el colombiano tuvo que darles la terrible noticia de que esto iba a tener que esperar debido a su salud. Y es que <strong>Manuel ha sido hospitalizado en plena gira, <\/strong>siendo un alarmante gesto que ha preocupado a todos sus fan<strong>s <\/strong>y a su c\u00edrculo m\u00e1s cercano y que \u00e9l mismo comunicaba en redes sociales.<\/p>\n<p>Hhospitalizado de urgencia<\/p>\n<p>A trav\u00e9s de las historias temporales de su cuenta oficial de Instagram, Manuel lanzaba el siguiente mensaje. \u00abEsto lo posteo con ganas de\u00a0<strong>pedirle disculpas a todo el mundo que nos iba a acompa\u00f1ar hoy en Berl\u00edn<\/strong>. Hoy era mi primer show aqu\u00ed en toda mi carrera y creedme que estaba muy emocionado\u201d, comenzaba explicando junto a una imagen en la que podemos verle en la cama de un hospital con un goteo por el que est\u00e1 recibiendo medicaci\u00f3n.<\/p>\n<p><img loading=\"lazy\" decoding=\"async\"   src=\"https:\/\/www.europesays.com\/es\/wp-content\/uploads\/2025\/11\/manuel-turizo_d4ab90e2_58_251125123832_1200x1922.webp.webp\" alt=\"Manuel Turizo\" class=\"lazyload\" width=\"1200\" height=\"1922\" data-aspectratio=\"1200\/1922\"\/><\/p>\n<p>El cantante Manuel Turizo ha sido hospitalizado de urgencia en plena gira mundial.<\/p>\n<p>&#13;Instagram @manuelturizo<\/p>\n<p>\u201c\u00c9sta ha sido una gira brutal para m\u00ed. Muchas ciudades nuevas y muchos sue\u00f1os cumplidos pero, a veces,\u00a0<strong>el cuerpo pasa factura por m\u00e1s que uno quiera seguir y hacer las cosas.<\/strong>\u00a0Perd\u00f3n por no poder actuar hoy, les prometo que de esta nos desquitamos como sea. Gracias y disc\u00falpenme de coraz\u00f3n a todos los que hoy ya estaban preparados, pero Dios dijo que no era el d\u00eda\u00bb, contin\u00faa.<\/p>\n<p><img loading=\"lazy\" decoding=\"async\"   src=\"https:\/\/www.europesays.com\/es\/wp-content\/uploads\/2025\/11\/manuel-turizo_88faabff_028_251125123849_1200x800.webp.webp\" alt=\"Manuel Turizo \" class=\"lazyload\" width=\"1200\" height=\"800\" data-aspectratio=\"1200\/800\"\/><\/p>\n<p>\u00abEl cuerpo pasa factura por m\u00e1s que uno quiera seguir y hacer las cosas.\u00a0Perd\u00f3n por no poder actuar hoy\u00bb, explicaba en redes.<\/p>\n<p>&#13;GTRES<\/p>\n<p>\u00abLes ir\u00e9 informando de cuando nos vemos, pero de esta nos desquitamos s\u00ed o s\u00ed\u00bb, conclu\u00eda, disculp\u00e1ndose con todos los que se han quedado sin poder verle actuar.<\/p>\n<p><img decoding=\"async\" src=\"https:\/\/www.europesays.com\/es\/wp-content\/uploads\/2025\/11\/tono-sanchis_0be8b973_251125130511_800x800.webp.webp\" alt=\"To\u00f1o Sanch\u00eds\" class=\"image lazyload\"\/><img loading=\"lazy\" decoding=\"async\" src=\"https:\/\/www.europesays.com\/es\/wp-content\/uploads\/2025\/11\/tono-sanchis_0be8b973_251125130515_1280x720.webp.webp\" alt=\"To\u00f1o Sanch\u00eds y Lorena Romero, un matrimonio que hizo aguas cuando sali\u00f3 a la luz la traici\u00f3n a Bel\u00e9n Esteban\" class=\"image lazyload\" width=\"1280\" height=\"720\" data-aspectratio=\"1280\/720\"\/>Los fans, muy descontentos<\/p>\n<p>Tras esta cancelaci\u00f3n, y no conocer exactamente la raz\u00f3n de su ingreso, no todos los fans se lo han tomado bien y han criticado duramente al artista y su equipo por \u00abhaberles tenido esperando en la puerta del estadio a dos grados de temperatura\u201d, ya que este fue cancelado una hora antes de que empezase.<\/p>\n<blockquote class=\"instagram-media\" data-instgrm-captioned=\"\" data-instgrm-permalink=\"https:\/\/www.instagram.com\/p\/DRar0YZDCED\/?utm_source=ig_embed&amp;utm_campaign=loading\" data-instgrm-version=\"14\" style=\" background:#FFF; border:0; border-radius:3px; box-shadow:0 0 1px 0 rgba(0,0,0,0.5),0 1px 10px 0 rgba(0,0,0,0.15); margin: 1px; max-width:540px; min-width:326px; padding:0; width:99.375%; width:-webkit-calc(100% - 2px); width:calc(100% - 2px);\"\/>\n<p>\u00abEl concierto en Berl\u00edn cancelado una hora antes del comienzo. Toda la gente llev\u00e1bamos horas en la cola a 2\u00b0C. No es normal\u00bb, escrib\u00eda uno de ellos. \u00abEsto es vergonzoso. He perdido por completo la admiraci\u00f3n por un chico del que he sido fan durante 12 a\u00f1os.\u00a0<strong>Qu\u00e9 triste y lamentable. Ya lo hizo en Portugal y ahora en Berl\u00edn.<\/strong>\u00a0Demuestra falta de car\u00e1cter\u00bb, se lamentaba otro fan.<\/p>\n<p><script async src=\"\/\/www.instagram.com\/embed.js\"><\/script><\/p>\n","protected":false},"excerpt":{"rendered":"Se encuentra en plena gira mundial \u2018201 Tour\u2019, un momento profesional de lo m\u00e1s emocionante, pero ahora ha&hellip;\n","protected":false},"author":2,"featured_media":255470,"comment_status":"","ping_status":"","sticky":false,"template":"","format":"standard","meta":{"footnotes":""},"categories":[174],"tags":[255,146,147,25,24,256,23],"class_list":{"0":"post-255469","1":"post","2":"type-post","3":"status-publish","4":"format-standard","5":"has-post-thumbnail","7":"category-famosos","8":"tag-celebrities","9":"tag-entertainment","10":"tag-entretenimiento","11":"tag-es","12":"tag-espana","13":"tag-famosos","14":"tag-spain"},"share_on_mastodon":{"url":"https:\/\/pubeurope.com\/@es\/115611748910325219","error":""},"_links":{"self":[{"href":"https:\/\/www.europesays.com\/es\/wp-json\/wp\/v2\/posts\/255469","targetHints":{"allow":["GET"]}}],"collection":[{"href":"https:\/\/www.europesays.com\/es\/wp-json\/wp\/v2\/posts"}],"about":[{"href":"https:\/\/www.europesays.com\/es\/wp-json\/wp\/v2\/types\/post"}],"author":[{"embeddable":true,"href":"https:\/\/www.europesays.com\/es\/wp-json\/wp\/v2\/users\/2"}],"replies":[{"embeddable":true,"href":"https:\/\/www.europesays.com\/es\/wp-json\/wp\/v2\/comments?post=255469"}],"version-history":[{"count":0,"href":"https:\/\/www.europesays.com\/es\/wp-json\/wp\/v2\/posts\/255469\/revisions"}],"wp:featuredmedia":[{"embeddable":true,"href":"https:\/\/www.europesays.com\/es\/wp-json\/wp\/v2\/media\/255470"}],"wp:attachment":[{"href":"https:\/\/www.europesays.com\/es\/wp-json\/wp\/v2\/media?parent=255469"}],"wp:term":[{"taxonomy":"category","embeddable":true,"href":"https:\/\/www.europesays.com\/es\/wp-json\/wp\/v2\/categories?post=255469"},{"taxonomy":"post_tag","embeddable":true,"href":"https:\/\/www.europesays.com\/es\/wp-json\/wp\/v2\/tags?post=255469"}],"curies":[{"name":"wp","href":"https:\/\/api.w.org\/{rel}","templated":true}]}}