{"id":255475,"date":"2025-11-25T18:32:09","date_gmt":"2025-11-25T18:32:09","guid":{"rendered":"https:\/\/www.europesays.com\/es\/255475\/"},"modified":"2025-11-25T18:32:09","modified_gmt":"2025-11-25T18:32:09","slug":"dua-lipa-en-lima-en-vivo-sigue-el-minuto-a-minuto-de-la-cantante-britanica-antes-de-su-concierto-en-san-marcos-el-comercio-peru","status":"publish","type":"post","link":"https:\/\/www.europesays.com\/es\/255475\/","title":{"rendered":"Dua Lipa en Lima EN VIVO: sigue el minuto a minuto de la cantante brit\u00e1nica antes de su concierto en San Marcos &#8211; El Comercio Per\u00fa"},"content":{"rendered":"<ol>\n<li><a href=\"https:\/\/news.google.com\/rss\/articles\/CBMi9AFBVV95cUxPMUNTeW9kTDBkczNJSHg3ejBLRFE4c0xhUTl4VUQxbXU4VTBDZHNmVFEwXzZQeTN4UXFkT0k0WGpiRW1jVlVrZHJnZFBwTkI3bDNCTzFUaXF3Q0NNMTFxZUFMZC1KNXQ1M2NaVmZfZE1VejRpZkZpVGh6YU5JTVNHU3hMOVkwUHk4UkMyZ1FFVldnZGx6MWFzR01OVWc4S0RwSkxNTlpYZkpFMHRPQkJDYm1LbUhsZjl2dGxmd2dfWVIzcWlaZm5LUDJEaXdtWUd1WFFVQmVzWUpWdlZCdEMtbjZCWVVNSzVwMFdJUzhwRk1wQWF1?oc=5\" target=\"_blank\" rel=\"nofollow noopener\">Dua Lipa en Lima EN VIVO: sigue el minuto a minuto de la cantante brit\u00e1nica antes de su concierto en San Marcos<\/a>&nbsp;&nbsp;El Comercio Per\u00fa<\/li>\n<li><a href=\"https:\/\/news.google.com\/rss\/articles\/CBMi6gFBVV95cUxPUHB6QnBpUENJTTNNUzlnUDNzcWdkUUcxYlQ2aS05Yl9GaUQtekIyR09hS042LTd1VFZ1ZXozVEYtd29DV0h0U29VYU94cnFyenhiTU53NjJ4NVlHTWhQYm93d1l5bU9pR0piZzdZSlh6NTI3X29qVFJVTmtfT2RYWEZCLThTWktNZzZSMy1FNmJfZjBJd3drMVU2R283amFVR0Ewd0NxSkl3MkJnZjRKMGhJU09fM0pPc25ycDlVNW1vRDNUQzVUODFiMUptVVNxNW9ndHo0NTdfTjdWSDBTdlVRNTdkcjk4ZHfSAe8BQVVfeXFMTWJ1ZzZmVUZIRF96MjRUZWdjeVhWZW1lUmtpY250Qy10RnpJYk05cVl6WUF5NkVIRWZwczZvQzREX2cyR3FScGdNcGdKYkRRX2VRbXF6TjV4MV9CYk1OakdveVhSQzN0NUp0dHlmVlpDZkVIM2QxNk1Eb3lMUnpRbkx5eGlTVENETi14YUVVeDVBbTFudGpvNzBMVWlaRHNZcnZHaDI1eXRkQ1J2WkJpZkNyUlgzaUJITEd4NDlKclJIRjg0U2VUQjJfYWhiYWp4b3JFa2dQUFVxa2xCeF9nZUxlN3c5Z0dGczVSSnVURXc?oc=5\" target=\"_blank\" rel=\"nofollow noopener\">Michelle Soifer pide a Dua Lipa cantar \u2018Bomb\u00f3n Asesino\u2019 en su concierto en Per\u00fa: \u201cTodos la saben\u201d<\/a>&nbsp;&nbsp;La Rep\u00fablica<\/li>\n<li><a href=\"https:\/\/news.google.com\/rss\/articles\/CBMiugFBVV95cUxQRl9WWHBDSWVvdTFmMU9kSmtKb0xNeHF3SmUzRURBWHQxeG5BSDVZTVdMSzRYQzc4WnktLVNRNTZBeHdnNDFIeHpWMk16SWdvV1ZoX1AzUWFTSzc4bWMyNXY4VHBmTFVoVlRDVjMtOXlKdngwdk1rWHl0S2kydGZRbFZ2Wko3cUdjY1QtbFUzRVpuemw5cm1STkROLXZWY2ZsQmpmMkdpeUNIZ29ZdWZMNFRJMmJ1OUc2T1E?oc=5\" target=\"_blank\" rel=\"nofollow noopener\">Dua Lipa en Lima: \u00bfc\u00f3mo logr\u00f3 una fortuna mayor a los US$ 160 millones antes de los 30 a\u00f1os?<\/a>&nbsp;&nbsp;Gesti\u00f3n<\/li>\n<li><a href=\"https:\/\/news.google.com\/rss\/articles\/CBMi0wFBVV95cUxPZndpM2V3bGxyTjdrdkVZNFQwTFItSE5rNVU3T1pCWWFIMklsV2Y2cXRReUpNRnBwenJtZ1Q2T3lYdkZqLUh3cHVwZ3ZxUGM2d1dlUjlfM0hwNnNrc2RBMVk1OWpOUWgzRnhSblhCaE40Qzc5SlMyWXowaEl4ajY5ZU9xdGx4ZV83cmNKQXRYenlzTzhNeHNPcFFoX1A2Z2hpbXc4ZkdtREJSNHhUb2JRc21QQW9RREFzN0hPYzZNNGx5MFFob3A4RnBtNkw4aG8xUVVR?oc=5\" target=\"_blank\" rel=\"nofollow noopener\">Renata Flores canta \u201cNew Rules\u201d en quechua para Dua Lipa: \u201cEscucha el idioma de mis ancestros\u201d<\/a>&nbsp;&nbsp;Radio Studio 92<\/li>\n<li><a href=\"https:\/\/news.google.com\/rss\/articles\/CBMihgFBVV95cUxPYTZINnNpWjVLakdBOXBQSlo4cm4tU3dNd0NIaDlhUkgySjRYYktCbG1haTVVNXk5RXNTUGszRGFZT29qdko3QTBqNmRRV085RjA0MkIzYk52VVJkVllqdnpGMklwN2dybnRuTi1xUkZxc1BUSU5YSl9TOUpVa2tBa0ktZ2tJdw?oc=5\" target=\"_blank\" rel=\"nofollow noopener\">\u00a1Dua Lipa es una foodie experta! Lleg\u00f3 a Lima y decide ir a lo mejor de la cocina peruana<\/a>&nbsp;&nbsp;Yahoo en Espa\u00f1ol Vida y Estilo<\/li>\n<\/ol>\n","protected":false},"excerpt":{"rendered":"Dua Lipa en Lima EN VIVO: sigue el minuto a minuto de la cantante brit\u00e1nica antes de su&hellip;\n","protected":false},"author":2,"featured_media":255476,"comment_status":"","ping_status":"","sticky":false,"template":"","format":"standard","meta":{"footnotes":""},"categories":[170],"tags":[64287,64289,64290,14008,64292,64291,146,147,25,24,56216,184,185,22771,64288,23],"class_list":{"0":"post-255475","1":"post","2":"type-post","3":"status-publish","4":"format-standard","5":"has-post-thumbnail","7":"category-musica","8":"tag-conciertos-en-lima","9":"tag-conciertos-en-peru","10":"tag-dua-lima-en-lima","11":"tag-dua-lipa","12":"tag-dua-lipa-en-vivo","13":"tag-dua-lipa-en-vivo-en-lima","14":"tag-entertainment","15":"tag-entretenimiento","16":"tag-es","17":"tag-espana","18":"tag-estadio-san-marcos","19":"tag-music","20":"tag-musica","21":"tag-radical-optimism","22":"tag-radical-optimism-tour","23":"tag-spain"},"share_on_mastodon":{"url":"https:\/\/pubeurope.com\/@es\/115611772321718480","error":""},"_links":{"self":[{"href":"https:\/\/www.europesays.com\/es\/wp-json\/wp\/v2\/posts\/255475","targetHints":{"allow":["GET"]}}],"collection":[{"href":"https:\/\/www.europesays.com\/es\/wp-json\/wp\/v2\/posts"}],"about":[{"href":"https:\/\/www.europesays.com\/es\/wp-json\/wp\/v2\/types\/post"}],"author":[{"embeddable":true,"href":"https:\/\/www.europesays.com\/es\/wp-json\/wp\/v2\/users\/2"}],"replies":[{"embeddable":true,"href":"https:\/\/www.europesays.com\/es\/wp-json\/wp\/v2\/comments?post=255475"}],"version-history":[{"count":0,"href":"https:\/\/www.europesays.com\/es\/wp-json\/wp\/v2\/posts\/255475\/revisions"}],"wp:featuredmedia":[{"embeddable":true,"href":"https:\/\/www.europesays.com\/es\/wp-json\/wp\/v2\/media\/255476"}],"wp:attachment":[{"href":"https:\/\/www.europesays.com\/es\/wp-json\/wp\/v2\/media?parent=255475"}],"wp:term":[{"taxonomy":"category","embeddable":true,"href":"https:\/\/www.europesays.com\/es\/wp-json\/wp\/v2\/categories?post=255475"},{"taxonomy":"post_tag","embeddable":true,"href":"https:\/\/www.europesays.com\/es\/wp-json\/wp\/v2\/tags?post=255475"}],"curies":[{"name":"wp","href":"https:\/\/api.w.org\/{rel}","templated":true}]}}