{"id":255499,"date":"2025-11-25T18:51:10","date_gmt":"2025-11-25T18:51:10","guid":{"rendered":"https:\/\/www.europesays.com\/es\/255499\/"},"modified":"2025-11-25T18:51:10","modified_gmt":"2025-11-25T18:51:10","slug":"romina-power-publica-sus-memorias-lanza-reproches-a-al-bano-y-dice-que-si-su-hija-ylenia-hubiera-muerto-lo-habria","status":"publish","type":"post","link":"https:\/\/www.europesays.com\/es\/255499\/","title":{"rendered":"Romina\u00a0Power publica sus memorias: lanza reproches a Al\u00a0Bano\u00a0y dice que si su hija Ylenia hubiera muerto \u00ablo habr\u00eda&#8230;\u00bb"},"content":{"rendered":"<p>La artista\u00a0<strong>Romina\u00a0Power, de 74 a\u00f1os,\u00a0<\/strong>es otra de las famosas que se han sumado a escribir sus memorias,\u00a0\u2018Pensieri profondamente semplici. L&#8217;abbecedario della mia vita\u2019 (Pensamientos profundamente simples. El abecedario de mi vida, en espa\u00f1ol),\u00a0<strong>que se han publicado en Italia hoy<\/strong> martes 25 de noviembre. Una fecha que no es al azar ya que <strong>su hija Ylenia Carrisi naci\u00f3 el 29 de noviembre<\/strong> de 1970 y de seguir viva, cumplir\u00eda 55 a\u00f1os.<\/p>\n<p>En su\u00a0libro, Romina\u00a0relata <strong>los momentos m\u00e1s dif\u00edciles de su vida<\/strong>, donde toca temas como l<strong>a desaparici\u00f3n de su hija,\u00a0Ylenia\u00a0Carrisi<\/strong>,\u00a0en\u00a0Nueva Orleans el 31 de diciembre de 1993\u00a0cuando\u00a0<strong>la joven\u00a0ten\u00eda 23\u00a0a\u00f1os <\/strong>de edad. <strong>Una tragedia<\/strong> que acab\u00f3 <strong>provocando la separaci\u00f3n<\/strong> de\u00a0Romina y\u00a0Albano en 1999, por sus diferentes formas de afrontar la situaci\u00f3n.\u00a0<strong>Albano siempre crey\u00f3 que su hija muri\u00f3 ahogada<\/strong> en el r\u00edo Misisipi mientras que <strong>Romina nunca perdi\u00f3 la esperanza<\/strong>, incluso a d\u00eda de hoy <strong>sigue manteniendo que est\u00e1\u00a0viva.\u00a0<\/strong>\u00abSi\u00a0Ylenia\u00a0hubiera muerto, lo habr\u00eda sentido\u00bb, ha asegurado en una entrevista reciente.<\/p>\n<p>Su matrimonio\u00a0con Albano\u00a0<strong>se rompi\u00f3 despu\u00e9s de 30 a\u00f1os juntos<\/strong> y tambi\u00e9n se produjo su ruptura como d\u00fao musical\u00a0tras \u00e9xitos como \u2018Felicit\u00e0\u2019 o \u2018Tu\u00a0Soltanto\u00a0Tu\u2019.<strong> El divorcio no se hizo oficial hasta 2012. <\/strong>Despu\u00e9s, volvieron a cantar de forma eventual.\u00a0Ahora, la actriz y cantante estadounidense,\u00a0Romina\u00a0Power,\u00a0nacida en Los \u00c1ngeles pero con nacionalidad italiana, vuelve a r<strong>emover\u00a0dolorosas\u00a0heridas del pasado\u00a0y lanza reproches a Albano<\/strong>, reavivando as\u00ed la guerra entre ellos de nuevo.\u00a0<\/p>\n<p>Romina Power publica sus memorias y habla de su vida y su hija Ylenia Carrisi<\/p>\n<p>Con motivo de la publicaci\u00f3n de sus memorias,\u00a0<strong>Romina\u00a0Power\u00a0ha concedido una entrevista,<\/strong> sobre las que dice:<strong>\u00a0\u00abHa llegado el momento de dar mi versi\u00f3n,<\/strong> sin que nadie me atribuya palabras que nunca he pronunciado\u00bb, ha comenzado diciendo en \u2018Corriere\u00a0della\u00a0Sera\u2019, <strong>despu\u00e9s de a\u00f1os sin hablar<\/strong> ni de la desaparici\u00f3n de su hija mayor ni de su divorcio con Albano.\u00a0<\/p>\n<p>La artista <strong>ha relatado el sufrimiento<\/strong> que padeci\u00f3\u00a0por culpa de <strong>algunos medios<\/strong>\u00a0tras la desaparici\u00f3n de su hija\u00a0Ylenia.\u00a0\u00abEn Mil\u00e1n hab\u00eda un peri\u00f3dico llamado\u00a0\u2018La\u00a0Notte\u2019. Ten\u00eda un titular enorme en portada:<strong> &#8216;Ylenia\u00a0ha muerto&#8217;. Sin pruebas, sin nada. Pero \u00bfc\u00f3mo debe sentirse una madre con esperanza?\u00bb.\u00a0\u00a0<\/strong><\/p>\n<p>Romina recuerda otras noticias e informaciones que tuvieron que soportar en aquel momento:<strong>\u00a0\u00abTambi\u00e9n dijeron que manten\u00edamos a\u00a0Ylenia\u00a0escondida<\/strong> en casa solo para ganar publicidad. Por no hablar de las historias falsas sobre mi hija: <strong>que consum\u00eda drogas, que hab\u00eda decidido tirarse<\/strong> al r\u00edo Misisipi sola. <strong>Pero\u00a0Ylenia\u00a0era curiosa, brillante <\/strong>y estaba a solo un examen de graduarse del\u00a0King&#8217;s\u00a0College. Y sab\u00eda nadar. <strong>Nunca cre\u00ed la historia del cuidador del acuario<\/strong>, que dec\u00eda haberla visto: su descripci\u00f3n no era fiable\u00bb.\u00a0\u00a0<\/p>\n<p>En\u00a0la entrevista, Romina\u00a0Power\u00a0ha asegurado que su hija\u00a0Ylenia\u00a0Carrisi\u00a0est\u00e1\u00a0viva: <strong>\u00abUna madre lleva un cord\u00f3n umbilical invisible<\/strong> con los hijos que da a luz: <strong>si\u00a0Ylenia\u00a0hubiera muerto, lo habr\u00eda sentido\u00bb.\u00a0<\/strong>Despu\u00e9s, la cantante ha reivindicado: <strong>\u00abNecesitamos una fundaci\u00f3n <\/strong>para las ni\u00f1as desaparecidas, para demostrarles que no las hemos olvidado, que seguimos <strong>esperando volver a verlas y que nunca hemos dejado de amarlas ni de buscarlas\u00bb.\u00a0<\/strong><\/p>\n<p>Romina ha recordado que la <strong>actriz\u00a0Sophia\u00a0Loren\u00a0fue un gran apoyo<\/strong> para el matrimonio tras la tragedia familiar: \u00abNo puedo olvidar su llamada.<strong> Se ech\u00f3 a llorar; estuvo ah\u00ed para m\u00ed como una madre<\/strong>\u00ab.<\/p>\n<p><img decoding=\"async\" alt=\"Romina Power y Albano se separaron en 1999\" src=\"https:\/\/www.europesays.com\/es\/wp-content\/uploads\/2025\/11\/articulos-2560339.jpg\" style=\"width:20%\"\/>\u00a0Romina Power y Albano se separaron en 1999<\/p>\n<p>Los reproches de Romina\u00a0Power\u00a0a su exmarido, Albano\u00a0<\/p>\n<p>En la\u00a0entrevista, <strong>Romina\u00a0ha lanzado varios reproches <\/strong>a su exmarido, Al\u00a0Bano\u00a0Carrisi, de 82 a\u00f1os, a quien <strong>le recrimina que\u00a0acept\u00f3<\/strong> desde el primer momento <strong>la versi\u00f3n oficial <\/strong>sobre la muerte de su hija: \u00abNos quedamos en Nueva Orleans casi un mes para buscarla, y luego <strong>Al\u00a0Bano\u00a0insisti\u00f3\u00a0en volver porque ten\u00eda compromisos de trabajo\u00bb.\u00a0\u00a0\u00a0<\/strong><\/p>\n<p>Otro de los reproches que le hace es que\u00a0<strong>ella no pudo elegir la fecha de su boda.<\/strong>\u00a0\u00abAl\u00a0Bano\u00a0eligi\u00f3 la\u00a0fecha\u00a0porque <strong>era su \u00fanico d\u00eda libre del verano\u00bb,<\/strong> ha\u00a0se\u00f1alado queriendo dejar claro\u00a0que la celebraci\u00f3n se supedit\u00f3 a la apretada agenda que ten\u00eda el cantante italiano.\u00a0\u00a0<\/p>\n<p>La artista <strong>no tiene\u00a0guarda un feliz y especial recuerdo del d\u00eda de su boda,<\/strong> que se celebr\u00f3 en\u00a0la\u00a0iglesia del pueblo natal de Al\u00a0Bano, <strong>en\u00a0Cellino\u00a0San Marco, Italia<\/strong>, el 26 de julio de 1970, y\u00a0fue un evento multitudinario que reuni\u00f3 a miles de seguidores.\u00a0\u00abEn mi ingenuidad, <strong>estaba convencida de que ser\u00eda una boda \u00edntima.<\/strong> Mi madre y mi hermana tuvieron que mirar desde una ventana.<strong> Cuando lleg\u00f3 el momento de dar el &#8216;s\u00ed, quiero&#8217;, <\/strong>no fuimos nosotros quienes lo pronunciamos, sino <strong>todos los invitados que hab\u00eda\u00bb<\/strong>, ha relatado.\u00a0\u00a0\u00a0<\/p>\n<p>Sin embargo, <strong>ha revelado por primera vez que se cas\u00f3<\/strong> <strong>con Albano un a\u00f1o antes en una cueva:<\/strong> \u00abIntercambiamos palabras muy bonitas y <strong>anillos de boda que hab\u00eda hecho en Capri,<\/strong> los mismos que usamos en la iglesia al a\u00f1o siguiente\u00bb, ha manifestado.\u00a0<\/p>\n<p>Al hablar de su relaci\u00f3n con Al\u00a0Bano, <strong>le reprocha\u00a0que\u00a0tras su separaci\u00f3n<\/strong>, ella le insisti\u00f3 en que siguiera viviendo en Apulia, la regi\u00f3n italiana donde el matrimonio se instal\u00f3 antes de casarse y\u00a0donde\u00a0nacieron sus hijos, pero <strong>\u00e9l prefiri\u00f3 mudarse a Montecarlo.<\/strong> Al preguntarle si el cantante\u00a0lo hizo para evitar pagar impuestos, Romina ha eludido responder a esto.<\/p>\n<p><strong>Otro de los reproches<\/strong> que le ha lanzado Romina\u00a0Power\u00a0a Albano es que en 2020 le\u00a0pregunt\u00f3\u00a0<strong>por qu\u00e9 no se hab\u00eda hecho retoques est\u00e9ticos.\u00a0\u00a0\u00a0<\/strong><\/p>\n<p>En la entrevista,\u00a0Romina\u00a0tambi\u00e9n\u00a0ha confesado que <strong>durante a\u00f1os tuvo pesadillas<\/strong>, quiz\u00e1 porque <strong>\u00abno era la vida que quer\u00eda. El \u00e9xito no te hace feliz<\/strong> autom\u00e1ticamente. A veces <strong>so\u00f1aba con tomarme unas vacaciones en alg\u00fan lugar tranquilo. <\/strong>Para m\u00ed, la familia siempre fue lo m\u00e1s importante\u00bb.\u00a0\u00a0\u00a0<\/p>\n<p>No todo fueron malos momentos, Romina ha revelado cu\u00e1l fue\u00a0<strong>el\u00a0momento\u00a0m\u00e1s\u00a0bonito que recuerda\u00a0con Alban<\/strong>o\u00a0sobre\u00a0el escenario:<strong> \u00abLos conciertos fueron, y siguen siendo, momentos especiales,<\/strong> como cantar en una burbuja donde estamos solos: <strong>crea una magia.<\/strong> Sin embargo, nuestra actuaci\u00f3n m\u00e1s emotiva fue la que tuvimos en el Estadio Maracan\u00e1 de <strong>R\u00edo de Janeiro frente a Juan Pablo II,<\/strong> para la Jornada Mundial de la Juventud\u00bb.\u00a0<\/p>\n<p><strong>Romina\u00a0Power<\/strong>\u00a0tambi\u00e9n ha hablado en la entrevista de c\u00f3mo\u00a0es <strong>su vida en la actualidad:<\/strong> <strong>\u00abEn mi granja hay perros, gatos, gallinas, ranas y 90.000 abejas\u00bb.\u00a0\u00a0<\/strong><\/p>\n<p>Ahora, la cantante est\u00e1 centrada en <strong>su faceta como abuela,<\/strong> rodeada de sus nietos, y tambi\u00e9n es madre adoptiva de cuatro ni\u00f1os.\u00a0\u00abEl hijo de Romina <strong>me llama\u00a0\u2018Abuela Mariposa\u2019<\/strong>, porque siempre le canto una cancioncita sobre mariposas. <strong>Tambi\u00e9n adopt\u00e9 cuatro ni\u00f1os en India<\/strong>, con Care\u00a0to\u00a0Action: el a\u00f1o pasado <strong>los conoc\u00ed en persona,<\/strong> y uno de ellos y yo nos escribimos por WhatsApp\u00bb, ha se\u00f1alado.\u00a0<\/p>\n","protected":false},"excerpt":{"rendered":"La artista\u00a0Romina\u00a0Power, de 74 a\u00f1os,\u00a0es otra de las famosas que se han sumado a escribir sus memorias,\u00a0\u2018Pensieri profondamente&hellip;\n","protected":false},"author":2,"featured_media":255500,"comment_status":"","ping_status":"","sticky":false,"template":"","format":"standard","meta":{"footnotes":""},"categories":[174],"tags":[255,146,147,25,24,256,23],"class_list":{"0":"post-255499","1":"post","2":"type-post","3":"status-publish","4":"format-standard","5":"has-post-thumbnail","7":"category-famosos","8":"tag-celebrities","9":"tag-entertainment","10":"tag-entretenimiento","11":"tag-es","12":"tag-espana","13":"tag-famosos","14":"tag-spain"},"share_on_mastodon":{"url":"https:\/\/pubeurope.com\/@es\/115611847088662732","error":""},"_links":{"self":[{"href":"https:\/\/www.europesays.com\/es\/wp-json\/wp\/v2\/posts\/255499","targetHints":{"allow":["GET"]}}],"collection":[{"href":"https:\/\/www.europesays.com\/es\/wp-json\/wp\/v2\/posts"}],"about":[{"href":"https:\/\/www.europesays.com\/es\/wp-json\/wp\/v2\/types\/post"}],"author":[{"embeddable":true,"href":"https:\/\/www.europesays.com\/es\/wp-json\/wp\/v2\/users\/2"}],"replies":[{"embeddable":true,"href":"https:\/\/www.europesays.com\/es\/wp-json\/wp\/v2\/comments?post=255499"}],"version-history":[{"count":0,"href":"https:\/\/www.europesays.com\/es\/wp-json\/wp\/v2\/posts\/255499\/revisions"}],"wp:featuredmedia":[{"embeddable":true,"href":"https:\/\/www.europesays.com\/es\/wp-json\/wp\/v2\/media\/255500"}],"wp:attachment":[{"href":"https:\/\/www.europesays.com\/es\/wp-json\/wp\/v2\/media?parent=255499"}],"wp:term":[{"taxonomy":"category","embeddable":true,"href":"https:\/\/www.europesays.com\/es\/wp-json\/wp\/v2\/categories?post=255499"},{"taxonomy":"post_tag","embeddable":true,"href":"https:\/\/www.europesays.com\/es\/wp-json\/wp\/v2\/tags?post=255499"}],"curies":[{"name":"wp","href":"https:\/\/api.w.org\/{rel}","templated":true}]}}