{"id":255507,"date":"2025-11-25T19:02:13","date_gmt":"2025-11-25T19:02:13","guid":{"rendered":"https:\/\/www.europesays.com\/es\/255507\/"},"modified":"2025-11-25T19:02:13","modified_gmt":"2025-11-25T19:02:13","slug":"cristiano-ronaldo-evitara-sancion-en-el-mundial-tras-veredicto-de-la-fifa","status":"publish","type":"post","link":"https:\/\/www.europesays.com\/es\/255507\/","title":{"rendered":"Cristiano Ronaldo evitar\u00e1 sanci\u00f3n en el Mundial tras veredicto de la FIFA"},"content":{"rendered":"<p>MIAMI (AP) \u2014 Cristiano Ronaldo probablemente no se perder\u00e1 ning\u00fan partido de Portugal en la Copa del Mundo a pesar de su tarjeta roja en un partido de clasificaci\u00f3n por dar un codazo a un oponente de Irlanda.<\/p>\n<p>La FIFA public\u00f3 un veredicto disciplinario el martes que impuso una suspensi\u00f3n de tres partidos, aunque con dos de esos partidos diferidos por un per\u00edodo de prueba de un a\u00f1o.<\/p>\n<p>Cristiano cumpli\u00f3 el partido de suspensi\u00f3n obligatoria en el \u00faltimo duelo de Portugal en la eliminatoria la semana pasada \u2014una victoria 9-1 sobre Armenia que asegur\u00f3 su lugar en la Copa del Mundo en Am\u00e9rica del Norte.<\/p>\n<p>Se esperaba que la superestrella fuera suspendida por al menos un partido m\u00e1s y comenzara lo que ser\u00e1 su sexto Mundial en la banca.<\/p>\n<p>Crisitano Ronaldo lanz\u00f3 un brazo y golpe\u00f3 al defensor irland\u00e9s Dara O\u2019Shea con el codo en la derrota 2-0 en Dubl\u00edn hace dos semanas.<\/p>\n<p>El veredicto de la FIFA llega seis d\u00edas despu\u00e9s de que el jugador se reuniera con el presidente de Estados Unidos, Donald Trump, en la Casa Blanca para una cena formal con el pr\u00edncipe heredero de Arabia Saud\u00ed, Mohammed bin Salman. Crisitano ha jugado en la liga saud\u00ed durante tres a\u00f1os para un club mayoritariamente propiedad del fondo soberano que preside el pr\u00edncipe.<\/p>\n<p>___<\/p>\n<p>Deportes AP: <a class=\"Link AnClick-LinkEnhancement\" data-gtm-enhancement-style=\"LinkEnhancementA\" href=\"https:\/\/apnews.com\/hub\/deportes\" rel=\"nofollow noopener\" target=\"_blank\">https:\/\/apnews.com\/hub\/deportes<\/a><\/p>\n","protected":false},"excerpt":{"rendered":"MIAMI (AP) \u2014 Cristiano Ronaldo probablemente no se perder\u00e1 ning\u00fan partido de Portugal en la Copa del Mundo&hellip;\n","protected":false},"author":2,"featured_media":255508,"comment_status":"","ping_status":"","sticky":false,"template":"","format":"standard","meta":{"footnotes":""},"categories":[93],"tags":[168,25,24,23,167],"class_list":{"0":"post-255507","1":"post","2":"type-post","3":"status-publish","4":"format-standard","5":"has-post-thumbnail","7":"category-deportes","8":"tag-deportes","9":"tag-es","10":"tag-espana","11":"tag-spain","12":"tag-sports"},"share_on_mastodon":{"url":"https:\/\/pubeurope.com\/@es\/115611890074045256","error":""},"_links":{"self":[{"href":"https:\/\/www.europesays.com\/es\/wp-json\/wp\/v2\/posts\/255507","targetHints":{"allow":["GET"]}}],"collection":[{"href":"https:\/\/www.europesays.com\/es\/wp-json\/wp\/v2\/posts"}],"about":[{"href":"https:\/\/www.europesays.com\/es\/wp-json\/wp\/v2\/types\/post"}],"author":[{"embeddable":true,"href":"https:\/\/www.europesays.com\/es\/wp-json\/wp\/v2\/users\/2"}],"replies":[{"embeddable":true,"href":"https:\/\/www.europesays.com\/es\/wp-json\/wp\/v2\/comments?post=255507"}],"version-history":[{"count":0,"href":"https:\/\/www.europesays.com\/es\/wp-json\/wp\/v2\/posts\/255507\/revisions"}],"wp:featuredmedia":[{"embeddable":true,"href":"https:\/\/www.europesays.com\/es\/wp-json\/wp\/v2\/media\/255508"}],"wp:attachment":[{"href":"https:\/\/www.europesays.com\/es\/wp-json\/wp\/v2\/media?parent=255507"}],"wp:term":[{"taxonomy":"category","embeddable":true,"href":"https:\/\/www.europesays.com\/es\/wp-json\/wp\/v2\/categories?post=255507"},{"taxonomy":"post_tag","embeddable":true,"href":"https:\/\/www.europesays.com\/es\/wp-json\/wp\/v2\/tags?post=255507"}],"curies":[{"name":"wp","href":"https:\/\/api.w.org\/{rel}","templated":true}]}}