{"id":255509,"date":"2025-11-25T19:03:13","date_gmt":"2025-11-25T19:03:13","guid":{"rendered":"https:\/\/www.europesays.com\/es\/255509\/"},"modified":"2025-11-25T19:03:13","modified_gmt":"2025-11-25T19:03:13","slug":"el-sespa-ha-vacunado-contra-la-gripe-a-mas-de-la-mitad-de-la-poblacion-mayor-de-64-anos","status":"publish","type":"post","link":"https:\/\/www.europesays.com\/es\/255509\/","title":{"rendered":"El Sespa ha vacunado contra la gripe a m\u00e1s de la mitad de la poblaci\u00f3n mayor de 64 a\u00f1os"},"content":{"rendered":"<p>                                                        La gripe puede causar complicaciones graves, especialmente en personas mayores, ni\u00f1as y ni\u00f1os peque\u00f1os, y en quienes padecen enfermedades cr\u00f3nicas<\/p>\n<p>El Servicio de Salud del Principado (Sespa) ha vacunado contra la gripe a m\u00e1s de la mitad de la poblaci\u00f3n mayor de 64 a\u00f1os al haber aplicado la profilaxis a 150.289 personas, por lo que se ha superado el 50 por ciento de cobertura en este grupo de poblaci\u00f3n diana.<\/p>\n<p>Tambi\u00e9n han recibido la vacuna 168.166 personas de m\u00e1s de 60 a\u00f1os, el 44,4% de cobertura, y 8.293 menores de cinco a\u00f1os, que suponen el 43,89 %).<\/p>\n<p>En total, el Sespa ha administrado 221.675 dosis, informa el Gobierno de Asturias.<\/p>\n<p>Por otro lado, se han vacunado frente a la covid 128.561 personas mayores de 64 a\u00f1os, lo que supone una cobertura del 43%.<\/p>\n<p>Para facilitar la protecci\u00f3n de la poblaci\u00f3n frente a la gripe, Salud ha decidido mantener esta semana la vacunaci\u00f3n sin cita previa en horario de tarde, de 16:00 a 20:00 horas, en 30 puntos distribuidos por todas las \u00e1reas sanitarias.<\/p>\n<p>Esta medida busca favorecer la inmunizaci\u00f3n de las personas m\u00e1s vulnerables o con mayor exposici\u00f3n laboral, como mayores de 60 a\u00f1os, mujeres embarazadas, menores de 6 a 59 meses, personas con enfermedades cr\u00f3nicas o inmunosupresi\u00f3n y profesionales sanitarios y sociosanitarios.<\/p>\n<p>Salud recuerda que la gripe puede causar complicaciones graves, especialmente en personas mayores, ni\u00f1as y ni\u00f1os peque\u00f1os, y en quienes padecen enfermedades cr\u00f3nicas.<\/p>\n<p>Las autoridades sanitarias recomiendan el uso de mascarilla en espacios cerrados, especialmente en centros sanitarios, residencias de mayores y transporte p\u00fablico, a las personas que presenten s\u00edntomas respiratorios como tos, estornudos o congesti\u00f3n nasal, para evitar la transmisi\u00f3n de virus.<\/p>\n<p>Las vacunas frente a la gripe son seguras y eficaces y constituyen la mejor herramienta para prevenir la enfermedad, abunda el Ejecutivo auton\u00f3mico, que indica que ofrecen una protecci\u00f3n individual que evita hospitalizaciones y complicaciones, al tiempo que aportan seguridad colectiva, ya que una buena cobertura ayuda a contener la circulaci\u00f3n de los virus.<\/p>\n","protected":false},"excerpt":{"rendered":"La gripe puede causar complicaciones graves, especialmente en personas mayores, ni\u00f1as y ni\u00f1os peque\u00f1os, y en quienes padecen&hellip;\n","protected":false},"author":2,"featured_media":212816,"comment_status":"","ping_status":"","sticky":false,"template":"","format":"standard","meta":{"footnotes":""},"categories":[92],"tags":[25,24,165,166,23],"class_list":{"0":"post-255509","1":"post","2":"type-post","3":"status-publish","4":"format-standard","5":"has-post-thumbnail","7":"category-salud","8":"tag-es","9":"tag-espana","10":"tag-health","11":"tag-salud","12":"tag-spain"},"share_on_mastodon":{"url":"https:\/\/pubeurope.com\/@es\/115611894521407254","error":""},"_links":{"self":[{"href":"https:\/\/www.europesays.com\/es\/wp-json\/wp\/v2\/posts\/255509","targetHints":{"allow":["GET"]}}],"collection":[{"href":"https:\/\/www.europesays.com\/es\/wp-json\/wp\/v2\/posts"}],"about":[{"href":"https:\/\/www.europesays.com\/es\/wp-json\/wp\/v2\/types\/post"}],"author":[{"embeddable":true,"href":"https:\/\/www.europesays.com\/es\/wp-json\/wp\/v2\/users\/2"}],"replies":[{"embeddable":true,"href":"https:\/\/www.europesays.com\/es\/wp-json\/wp\/v2\/comments?post=255509"}],"version-history":[{"count":0,"href":"https:\/\/www.europesays.com\/es\/wp-json\/wp\/v2\/posts\/255509\/revisions"}],"wp:featuredmedia":[{"embeddable":true,"href":"https:\/\/www.europesays.com\/es\/wp-json\/wp\/v2\/media\/212816"}],"wp:attachment":[{"href":"https:\/\/www.europesays.com\/es\/wp-json\/wp\/v2\/media?parent=255509"}],"wp:term":[{"taxonomy":"category","embeddable":true,"href":"https:\/\/www.europesays.com\/es\/wp-json\/wp\/v2\/categories?post=255509"},{"taxonomy":"post_tag","embeddable":true,"href":"https:\/\/www.europesays.com\/es\/wp-json\/wp\/v2\/tags?post=255509"}],"curies":[{"name":"wp","href":"https:\/\/api.w.org\/{rel}","templated":true}]}}