{"id":255510,"date":"2025-11-25T19:04:11","date_gmt":"2025-11-25T19:04:11","guid":{"rendered":"https:\/\/www.europesays.com\/es\/255510\/"},"modified":"2025-11-25T19:04:11","modified_gmt":"2025-11-25T19:04:11","slug":"el-duelo-mas-intenso-entre-curro-y-lorenzo","status":"publish","type":"post","link":"https:\/\/www.europesays.com\/es\/255510\/","title":{"rendered":"el duelo m\u00e1s intenso entre Curro y Lorenzo"},"content":{"rendered":"\n<ul class=\"bodyList bodyList--unordered\">\n<li class=\"bodyList__item\"><strong><a href=\"https:\/\/www.elconfidencial.com\/television\/series-tv\/2025-09-10\/la-promesa-isabel-serrano-secuencia-muerte-jana-1qrt_4206096\/\" target=\"_self\" rel=\"nofollow noopener\">Isabel Serrano, actriz de La Promesa:<\/a> \u00abCruz tambi\u00e9n se enamor\u00f3 de Jana\u00bb<\/strong><\/li>\n<li class=\"bodyList__item\"><strong><a href=\"https:\/\/www.elconfidencial.com\/television\/series-tv\/2023-06-12\/la-promesa-serie-tve1-conoce-todos-los-personajes_3636732\/\" target=\"_self\" rel=\"nofollow noopener\">Reparto de La Promesa: conoce a todos los personajes de la serie de TVE<\/a><\/strong><\/li>\n<\/ul>\n<p> La relaci\u00f3n entre el personaje de Curro y su padre adoptivo, el <a href=\"https:\/\/www.elconfidencial.com\/television\/series-tv\/2025-02-03\/la-promesa-guillermo-serrano-deseos-lorenzo-1qrt_4056604\/\" target=\"_self\" rel=\"nofollow noopener\">capit\u00e1n De la Mata<\/a>, ha llegado a un extremo inimaginable. El lacayo de <a href=\"https:\/\/www.elconfidencial.com\/tags\/personajes\/la-promesa-serie-21315\/\" target=\"_self\" rel=\"nofollow noopener\">La Promesa<\/a>, la serie diaria que La 1 de Televisi\u00f3n Espa\u00f1ola emite entre semana, a las 18:35 horas, no ha aguantado m\u00e1s las burlas del militar, y ha aprovechado cuando este ha bajado la guardia, para realizar su desesperada venganza. En <strong>el cap\u00edtulo especial de este mi\u00e9rcoles<\/strong>, 26 de noviembre, el secuestro de Lorenzo ser\u00e1 un terremoto emocional, del que ninguno saldr\u00e1 ileso. <\/p>\n<p> Durante el episodio anterior del melodrama protagonizado por <a href=\"https:\/\/www.elconfidencial.com\/television\/series-tv\/2025-11-20\/la-promesa-xavi-lock-entrevista-2023-tinder-1qrt_4250573\/\" target=\"_self\" rel=\"nofollow noopener\">Xavi Lock<\/a>, Arturo Garc\u00eda Sancho e Isabel Serrano, entre otros int\u00e9rpretes, Martina no ha llegado a marcharse, de momento. <strong>Ha decidido posponer su viaje<\/strong> hasta que los beb\u00e9s se recuperasen. Manuel todav\u00eda no hab\u00eda descubierto la verdad sobre don Lisandro y la empresa de don Luis, y Enora ha seguido sin arrojar luz al asunto.  <\/p>\n<p>              <img decoding=\"async\" class=\"inTextNews__img\" alt=\"Foto: Lorenzo y Curro, en 'La Promesa'. (TVE)\" src=\"https:\/\/www.europesays.com\/es\/wp-content\/uploads\/2025\/11\/f.elconfidencial.com\/original\/ebf\/0f7\/41f\/ebf0f741f17e763a4d90568eba87d653.jpg\"  \/>     <\/p>\n<p>TE PUEDE INTERESAR<\/p>\n<p>      <a class=\"inTextNews__title\" href=\"https:\/\/www.elconfidencial.com\/television\/series-tv\/2025-11-24\/la-promesa-lorenzo-curro-capitulo-especial-tve_4253571\/\" onclick=\"window.ECCO.emit(&#039;amplitude&#039;, { dataEventName: &#039;click_related_article_module&#039;, data: { related_article_url: &#039;https:\/\/www.elconfidencial.com\/television\/series-tv\/2025-11-24\/la-promesa-lorenzo-curro-capitulo-especial-tve_4253571\/&#039;, related_article_author: &#039;Nay\u00edn Costas&#039;, related_article_section: &#039;series-tv&#039; } })\" rel=\"nofollow noopener\" target=\"_blank\"> \u00bfMatar\u00e1 Curro a Lorenzo en &#8216;La Promesa&#8217;? Todas las miradas puestas en el cap\u00edtulo especial del mi\u00e9rcoles, 26 de noviembre en TVE <\/a>   <\/p>\n<p>    Nay\u00edn Costas   <\/p>\n<p> El futuro de Mar\u00eda Fern\u00e1ndez junto a Samuel parec\u00eda imposible: la conversaci\u00f3n con P\u00eda se ha materializado en un distanciamiento entre ellos. Madame Cocotte, a su vez, estaba lejos del fracaso: en cocinas han sido testigos de c\u00f3mo su fama no para de crecer. Mientras, en palacio ha crecido la sombra de la duda sobre la desaparici\u00f3n del capit\u00e1n. Curro ha iniciado su venganza: <strong>tiene secuestrado a Lorenzo <\/strong>en la habitaci\u00f3n secreta. <\/p>\n<p>            Avance del cap\u00edtulo 724           <\/p>\n<p> Curro inicia la venganza que tanto tiempo lleva esperando: tiene secuestrado al capit\u00e1n en la habitaci\u00f3n secreta y lo acusa de <a href=\"https:\/\/www.elconfidencial.com\/television\/series-tv\/2025-03-20\/ana-garces-despedida-la-promesa-muerte-jana_4090143\/\" target=\"_self\" rel=\"nofollow noopener\">asesinar a Jana<\/a>, de volver loca a <a href=\"https:\/\/www.elconfidencial.com\/television\/series-tv\/2025-04-29\/la-promesa-quien-es-eugenia-regresa-respuestas_4118888\/\" target=\"_self\" rel=\"nofollow noopener\">su madre Eugenia<\/a> hasta conseguir que se suicidara y de utilizar a \u00c1ngela con <strong>el \u00fanico prop\u00f3sito de hacerle sufrir<\/strong>.  <\/p>\n<p> Decidido a hacer justicia y a forzar su confesi\u00f3n, Curro no duda en <strong>apuntar a Lorenzo con una pistola<\/strong>. El capit\u00e1n, astuto, trata de confundir y ablandar el coraz\u00f3n de Curro, habl\u00e1ndole de su ni\u00f1ez y de su pasado en com\u00fan. Afirma que hubo un tiempo en que su relaci\u00f3n fue diferente.  <\/p>\n<blockquote class=\"twitter-tweet\">\n<p lang=\"es\" dir=\"ltr\">Parece que Curro ha llegado al l\u00edmite\u2026 <a href=\"https:\/\/twitter.com\/hashtag\/LaPromesa?src=hash&amp;ref_src=twsrc%5Etfw\" rel=\"nofollow noopener\" target=\"_blank\">#LaPromesa<\/a><\/p>\n<p>\u2b55 <a href=\"https:\/\/t.co\/HG2b5Elrg7\" rel=\"nofollow\">https:\/\/t.co\/HG2b5Elrg7<\/a> <a href=\"https:\/\/t.co\/y25m9s1wud\" rel=\"nofollow\">pic.twitter.com\/y25m9s1wud<\/a><\/p>\n<p>\u2014 La Promesa (@lapromesa_tve) <a href=\"https:\/\/twitter.com\/lapromesa_tve\/status\/1993030104323440911?ref_src=twsrc%5Etfw\" rel=\"nofollow noopener\" target=\"_blank\">November 24, 2025<\/a><\/p><\/blockquote>\n<p> Su discurso termina haciendo mella en el muchacho. Sin embargo, Curro logra recomponerse, reafirm\u00e1ndose en su f\u00e9rreo compromiso de conocer la verdad. Y no duda en utilizar los m\u00e9todos que sean necesarios para ello. <strong>\u00bfTerminar\u00e1 cometiendo una locura?  <\/strong> <\/p>\n<ul class=\"bodyList bodyList--unordered\">\n<li class=\"bodyList__item\"><strong><a href=\"https:\/\/www.elconfidencial.com\/television\/series-tv\/2025-09-10\/la-promesa-isabel-serrano-secuencia-muerte-jana-1qrt_4206096\/\" target=\"_self\" rel=\"nofollow noopener\">Isabel Serrano, actriz de La Promesa:<\/a> \u00abCruz tambi\u00e9n se enamor\u00f3 de Jana\u00bb<\/strong><\/li>\n<li class=\"bodyList__item\"><strong><a href=\"https:\/\/www.elconfidencial.com\/television\/series-tv\/2023-06-12\/la-promesa-serie-tve1-conoce-todos-los-personajes_3636732\/\" target=\"_self\" rel=\"nofollow noopener\">Reparto de La Promesa: conoce a todos los personajes de la serie de TVE<\/a><\/strong><\/li>\n<\/ul>\n<p> La relaci\u00f3n entre el personaje de Curro y su padre adoptivo, el <a href=\"https:\/\/www.elconfidencial.com\/television\/series-tv\/2025-02-03\/la-promesa-guillermo-serrano-deseos-lorenzo-1qrt_4056604\/\" target=\"_self\" rel=\"nofollow noopener\">capit\u00e1n De la Mata<\/a>, ha llegado a un extremo inimaginable. El lacayo de <a href=\"https:\/\/www.elconfidencial.com\/tags\/personajes\/la-promesa-serie-21315\/\" target=\"_self\" rel=\"nofollow noopener\">La Promesa<\/a>, la serie diaria que La 1 de Televisi\u00f3n Espa\u00f1ola emite entre semana, a las 18:35 horas, no ha aguantado m\u00e1s las burlas del militar, y ha aprovechado cuando este ha bajado la guardia, para realizar su desesperada venganza. En <strong>el cap\u00edtulo especial de este mi\u00e9rcoles<\/strong>, 26 de noviembre, el secuestro de Lorenzo ser\u00e1 un terremoto emocional, del que ninguno saldr\u00e1 ileso. <\/p>\n<p>              <script async src=\"https:\/\/platform.twitter.com\/widgets.js\" charset=\"utf-8\"><\/script><\/p>\n","protected":false},"excerpt":{"rendered":"Isabel Serrano, actriz de La Promesa: \u00abCruz tambi\u00e9n se enamor\u00f3 de Jana\u00bb Reparto de La Promesa: conoce a&hellip;\n","protected":false},"author":2,"featured_media":255511,"comment_status":"","ping_status":"","sticky":false,"template":"","format":"standard","meta":{"footnotes":""},"categories":[91],"tags":[146,147,25,24,23],"class_list":{"0":"post-255510","1":"post","2":"type-post","3":"status-publish","4":"format-standard","5":"has-post-thumbnail","7":"category-entretenimiento","8":"tag-entertainment","9":"tag-entretenimiento","10":"tag-es","11":"tag-espana","12":"tag-spain"},"share_on_mastodon":{"url":"https:\/\/pubeurope.com\/@es\/115611898253251988","error":""},"_links":{"self":[{"href":"https:\/\/www.europesays.com\/es\/wp-json\/wp\/v2\/posts\/255510","targetHints":{"allow":["GET"]}}],"collection":[{"href":"https:\/\/www.europesays.com\/es\/wp-json\/wp\/v2\/posts"}],"about":[{"href":"https:\/\/www.europesays.com\/es\/wp-json\/wp\/v2\/types\/post"}],"author":[{"embeddable":true,"href":"https:\/\/www.europesays.com\/es\/wp-json\/wp\/v2\/users\/2"}],"replies":[{"embeddable":true,"href":"https:\/\/www.europesays.com\/es\/wp-json\/wp\/v2\/comments?post=255510"}],"version-history":[{"count":0,"href":"https:\/\/www.europesays.com\/es\/wp-json\/wp\/v2\/posts\/255510\/revisions"}],"wp:featuredmedia":[{"embeddable":true,"href":"https:\/\/www.europesays.com\/es\/wp-json\/wp\/v2\/media\/255511"}],"wp:attachment":[{"href":"https:\/\/www.europesays.com\/es\/wp-json\/wp\/v2\/media?parent=255510"}],"wp:term":[{"taxonomy":"category","embeddable":true,"href":"https:\/\/www.europesays.com\/es\/wp-json\/wp\/v2\/categories?post=255510"},{"taxonomy":"post_tag","embeddable":true,"href":"https:\/\/www.europesays.com\/es\/wp-json\/wp\/v2\/tags?post=255510"}],"curies":[{"name":"wp","href":"https:\/\/api.w.org\/{rel}","templated":true}]}}