{"id":255516,"date":"2025-11-25T19:07:17","date_gmt":"2025-11-25T19:07:17","guid":{"rendered":"https:\/\/www.europesays.com\/es\/255516\/"},"modified":"2025-11-25T19:07:17","modified_gmt":"2025-11-25T19:07:17","slug":"hamas-y-la-yihad-islamica-entregaron-los-restos-de-un-rehen-israeli-secuestrado-en-gaza","status":"publish","type":"post","link":"https:\/\/www.europesays.com\/es\/255516\/","title":{"rendered":"Hamas y la Yihad Isl\u00e1mica entregaron los restos de un reh\u00e9n israel\u00ed secuestrado en Gaza"},"content":{"rendered":"<p>Israel ha recibido, a trav\u00e9s de la Cruz Roja, los restos de un reh\u00e9n asesinado, que ha sido entregado a las Fuerzas de Defensa de Israel (FDI) dentro de la Franja de Gaza, seg\u00fan la Oficina del Primer Ministro Benjam\u00edn Netanyahu. Los restos <strong>ser\u00e1n enviados al Centro de Medicina Forense Nacional <\/strong>para su identificaci\u00f3n.<\/p>\n<p>\u00abIsrael ha recibido, a trav\u00e9s de la Cruz Roja, el ata\u00fad de un reh\u00e9n desaparecido, que fue entregado a las Fuerzas de Defensa de Israel y al Servicio de Inteligencia Nacional (Shin Bet) en la Franja de Gaza\u00bb, dice el comunicado de la Oficina de Netanyahu.<\/p>\n<p>El Ej\u00e9rcito israel\u00ed hab\u00eda informado este martes que Hamas entreg\u00f3 en la tarde del martes al Comit\u00e9 Internacional de la Cruz Roja<strong> el ata\u00fad con el cuerpo de otro supuesto reh\u00e9n<\/strong>, que ahora har\u00e1 llegar al Ej\u00e9rcito israel\u00ed.<\/p>\n<p>Desde all\u00ed, ser\u00e1 trasladado a Israel, donde ser\u00e1 recibido con una ceremonia militar a la que asistir\u00e1 un rabino del ej\u00e9rcito. Posteriormente, ser\u00e1 trasladado al Centro Nacional de Medicina Forense de Tel Aviv para su identificaci\u00f3n, tras lo cual se informar\u00e1 a la familia.<\/p>\n<p>A\u00fan quedan dos cuerpos de los rehenes fallecidos que Ham\u00e1s debe devolver en virtud del acuerdo de alto el fuego. (ANSA).<\/p>\n<p>Desde all\u00ed, ser\u00e1 trasladado a Israel, donde ser\u00e1 recibido con una ceremonia militar a la que asistir\u00e1 un rabino del ej\u00e9rcito. Posteriormente, ser\u00e1 trasladado al Centro Nacional de Medicina Forense de Tel Aviv para su identificaci\u00f3n, tras lo cual se informar\u00e1 a la familia.<\/p>\n<p>A\u00fan quedan dos cuerpos de los rehenes fallecidos que Ham\u00e1s debe devolver en virtud del acuerdo de alto el fuego. (ANSA).<\/p>\n<p>\u00abSeg\u00fan informaci\u00f3n proporcionada por la Cruz Roja, el ata\u00fad de un reh\u00e9n fallecido ha sido transferido a su custodia y se encuentra camino a las tropas en la Franja de Gaza\u00bb, recoge el comunicado del Ej\u00e9rcito israel\u00ed.<\/p>\n<p>Anteriormente, las milicias palestinas ya hab\u00edan anunciado que iban a hacer llegar este martes a Israel<strong> uno de los tres \u00faltimos cuerpos que todav\u00eda permanecen en Gaza.<\/strong><\/p>\n<p>\u00abLas Brigadas Al Quds y las Brigadas Ezzedine al Qassam entregar\u00e1n el cuerpo de un cautivo israel\u00ed encontrado en el centro de la Franja de Gaza a las 16H00 hora de Gaza (a las 11 hora de Buenos Aires)\u00bb, dijeron los grupos en un comunicado conjunto, en referencia a sus alas armadas.<\/p>\n<p>M\u00e1s temprano el martes, Israel afirm\u00f3 que el retraso en la entrega del cuerpo de un reh\u00e9n que la Yihad Isl\u00e1mica dijo haber encontrado <strong>constitu\u00eda una \u00abviolaci\u00f3n\u00bb del fr\u00e1gil alto el fuego.<\/strong><\/p>\n<p>El ala armada de la Yihad Isl\u00e1mica <strong>afirm\u00f3 haber localizado el lunes el cuerpo <\/strong>de un reh\u00e9n durante operaciones de b\u00fasqueda en el centro de la Franja de Gaza.<\/p>\n<p>Una fuente de la Yihad Isl\u00e1mica, que pidi\u00f3 el anonimato, confirm\u00f3 que los restos <strong>pertenec\u00edan a uno de los \u00faltimos tres rehenes retenidos en el territorio.<\/strong><\/p>\n<p>Al inicio del alto el fuego mediado por Estados Unidos entre Israel y Hamas, que entr\u00f3 en vigor el 10 de octubre, los militantes reten\u00edan a 20 rehenes vivos y 28 cuerpos de cautivos fallecidos.<\/p>\n<p>Desde entonces <strong>Hamas liber\u00f3 a todos los rehenes vivos<\/strong> y <strong>devolvi\u00f3 los restos de 25 rehenes muertos<\/strong>, conforme a los t\u00e9rminos del alto el fuego.<\/p>\n<p>A cambio Israel liber\u00f3 a casi 2.000 prisioneros palestinos bajo su custodia y devolvi\u00f3 los cuerpos de cientos de palestinos fallecidos.<\/p>\n","protected":false},"excerpt":{"rendered":"Israel ha recibido, a trav\u00e9s de la Cruz Roja, los restos de un reh\u00e9n asesinado, que ha sido&hellip;\n","protected":false},"author":2,"featured_media":255517,"comment_status":"","ping_status":"","sticky":false,"template":"","format":"standard","meta":{"footnotes":""},"categories":[42],"tags":[17,18,13,14,11,61,62,63,64,19,20,9,10,15,16,12,21,22,65,66,67],"class_list":{"0":"post-255516","1":"post","2":"type-post","3":"status-publish","4":"format-standard","5":"has-post-thumbnail","7":"category-internacional","8":"tag-breaking-news","9":"tag-breakingnews","10":"tag-featured-news","11":"tag-featurednews","12":"tag-headlines","13":"tag-internacional","14":"tag-international","15":"tag-international-news","16":"tag-internationalnews","17":"tag-latest-news","18":"tag-latestnews","19":"tag-news","20":"tag-noticias","21":"tag-noticias-destacadas","22":"tag-noticiasdestacadas","23":"tag-titulares","24":"tag-ultimas-noticias","25":"tag-ultimasnoticias","26":"tag-world","27":"tag-world-news","28":"tag-worldnews"},"share_on_mastodon":{"url":"https:\/\/pubeurope.com\/@es\/115611909808368001","error":""},"_links":{"self":[{"href":"https:\/\/www.europesays.com\/es\/wp-json\/wp\/v2\/posts\/255516","targetHints":{"allow":["GET"]}}],"collection":[{"href":"https:\/\/www.europesays.com\/es\/wp-json\/wp\/v2\/posts"}],"about":[{"href":"https:\/\/www.europesays.com\/es\/wp-json\/wp\/v2\/types\/post"}],"author":[{"embeddable":true,"href":"https:\/\/www.europesays.com\/es\/wp-json\/wp\/v2\/users\/2"}],"replies":[{"embeddable":true,"href":"https:\/\/www.europesays.com\/es\/wp-json\/wp\/v2\/comments?post=255516"}],"version-history":[{"count":0,"href":"https:\/\/www.europesays.com\/es\/wp-json\/wp\/v2\/posts\/255516\/revisions"}],"wp:featuredmedia":[{"embeddable":true,"href":"https:\/\/www.europesays.com\/es\/wp-json\/wp\/v2\/media\/255517"}],"wp:attachment":[{"href":"https:\/\/www.europesays.com\/es\/wp-json\/wp\/v2\/media?parent=255516"}],"wp:term":[{"taxonomy":"category","embeddable":true,"href":"https:\/\/www.europesays.com\/es\/wp-json\/wp\/v2\/categories?post=255516"},{"taxonomy":"post_tag","embeddable":true,"href":"https:\/\/www.europesays.com\/es\/wp-json\/wp\/v2\/tags?post=255516"}],"curies":[{"name":"wp","href":"https:\/\/api.w.org\/{rel}","templated":true}]}}