{"id":255518,"date":"2025-11-25T19:08:08","date_gmt":"2025-11-25T19:08:08","guid":{"rendered":"https:\/\/www.europesays.com\/es\/255518\/"},"modified":"2025-11-25T19:08:08","modified_gmt":"2025-11-25T19:08:08","slug":"aena-recurrira-la-multa-de-10-millones-de-proteccion-de-datos","status":"publish","type":"post","link":"https:\/\/www.europesays.com\/es\/255518\/","title":{"rendered":"Aena recurrir\u00e1 la multa de 10 millones de Protecci\u00f3n de Datos"},"content":{"rendered":"<p>El <strong>regulador aeroportuario espa\u00f1ol<\/strong>, <strong>Aena<\/strong>, ha anunciado este martes que recurrir\u00e1 ante los tribunales la <strong>sanci\u00f3n <\/strong>de m\u00e1s de <strong>10 millones de euros<\/strong> impuesta por la <strong>Agencia Espa\u00f1ola de Protecci\u00f3n de Datos<\/strong> (<strong>AEPD<\/strong>). La multa fue impuesta por desplegar sistemas de reconocimiento facial sin realizar previamente una evaluaci\u00f3n de impacto v\u00e1lida. <\/p>\n<p>Aena explica, a trav\u00e9s de un comunicado divulgado este martes, que la resoluci\u00f3n dictada por la AEPD, no es acorde al principio de proporcionalidad. <\/p>\n<p>Esta sanci\u00f3n fue impuesta debido a una supuesta infracci\u00f3n de una obligaci\u00f3n formal. Protecci\u00f3n de Datos afirma que Aena no cumpli\u00f3 debidamente con su obligaci\u00f3n formal de elaborar una evaluaci\u00f3n de impacto de protecci\u00f3n de datos que cumpliera con los <strong>requisitos normativos<\/strong>. <\/p>\n<p>Aena discrepa con la sentencia <\/p>\n<p><strong>El regulador aeroportuario ha discrepado<\/strong> con los motivos que ha llevado a la AEPD a imponer la multa y ha afirmado que se elaboraron las evaluaciones pertinentes seg\u00fan los requerimientos normativos aplicables. <\/p>\n<p>Aena ha subrayado que no se ha producido ninguna brecha de seguridad y no ha habido filtraciones de datos de los usuarios de los distintos <strong>programas de biometr\u00eda para embarque<\/strong>. El regular ha insistido en que estos datos no han \u00abestado en riesgo en ning\u00fan momento\u00bb. Adem\u00e1s, ha remarcado que los titulares presentaron su consentimiento. <\/p>\n<p>A los datos biom\u00e9tricos de los pasajeros, seg\u00fan Aena, se les ha dado el tratamiento de conservaci\u00f3n, bloqueo y supresi\u00f3n. Todo acorde al <strong>Reglamento General de Protecci\u00f3n de Datos<\/strong> (RGPD) y la Ley Org\u00e1nica de Protecci\u00f3n de Datos Personales y garant\u00eda de los derechos digitales (LOPDGDD).<\/p>\n<p>La empresa p\u00fablica tambi\u00e9n ha explicado que puso en marcha el embarque biom\u00e9trico, junto con las compa\u00f1\u00edas a\u00e9reas que participaron en el programa, para <strong>proporcionar a los pasajeros una mejor experiencia<\/strong> en los aeropuertos. El objetivo era agilizar el paso por los procesos de documentaci\u00f3n.<\/p>\n<p>El gestor aeroportuario ha explicado que \u00abseguir\u00e1 trabajando en esta l\u00ednea, para reiniciar el programa tan pronto como sea posible\u00bb. <\/p>\n","protected":false},"excerpt":{"rendered":"El regulador aeroportuario espa\u00f1ol, Aena, ha anunciado este martes que recurrir\u00e1 ante los tribunales la sanci\u00f3n de m\u00e1s&hellip;\n","protected":false},"author":2,"featured_media":255519,"comment_status":"","ping_status":"","sticky":false,"template":"","format":"standard","meta":{"footnotes":""},"categories":[8],"tags":[17,18,25,24,13,14,11,19,20,9,10,15,16,23,12,21,22],"class_list":{"0":"post-255518","1":"post","2":"type-post","3":"status-publish","4":"format-standard","5":"has-post-thumbnail","7":"category-espana","8":"tag-breaking-news","9":"tag-breakingnews","10":"tag-es","11":"tag-espana","12":"tag-featured-news","13":"tag-featurednews","14":"tag-headlines","15":"tag-latest-news","16":"tag-latestnews","17":"tag-news","18":"tag-noticias","19":"tag-noticias-destacadas","20":"tag-noticiasdestacadas","21":"tag-spain","22":"tag-titulares","23":"tag-ultimas-noticias","24":"tag-ultimasnoticias"},"share_on_mastodon":{"url":"https:\/\/pubeurope.com\/@es\/115611913724902330","error":""},"_links":{"self":[{"href":"https:\/\/www.europesays.com\/es\/wp-json\/wp\/v2\/posts\/255518","targetHints":{"allow":["GET"]}}],"collection":[{"href":"https:\/\/www.europesays.com\/es\/wp-json\/wp\/v2\/posts"}],"about":[{"href":"https:\/\/www.europesays.com\/es\/wp-json\/wp\/v2\/types\/post"}],"author":[{"embeddable":true,"href":"https:\/\/www.europesays.com\/es\/wp-json\/wp\/v2\/users\/2"}],"replies":[{"embeddable":true,"href":"https:\/\/www.europesays.com\/es\/wp-json\/wp\/v2\/comments?post=255518"}],"version-history":[{"count":0,"href":"https:\/\/www.europesays.com\/es\/wp-json\/wp\/v2\/posts\/255518\/revisions"}],"wp:featuredmedia":[{"embeddable":true,"href":"https:\/\/www.europesays.com\/es\/wp-json\/wp\/v2\/media\/255519"}],"wp:attachment":[{"href":"https:\/\/www.europesays.com\/es\/wp-json\/wp\/v2\/media?parent=255518"}],"wp:term":[{"taxonomy":"category","embeddable":true,"href":"https:\/\/www.europesays.com\/es\/wp-json\/wp\/v2\/categories?post=255518"},{"taxonomy":"post_tag","embeddable":true,"href":"https:\/\/www.europesays.com\/es\/wp-json\/wp\/v2\/tags?post=255518"}],"curies":[{"name":"wp","href":"https:\/\/api.w.org\/{rel}","templated":true}]}}