{"id":255520,"date":"2025-11-25T19:09:11","date_gmt":"2025-11-25T19:09:11","guid":{"rendered":"https:\/\/www.europesays.com\/es\/255520\/"},"modified":"2025-11-25T19:09:11","modified_gmt":"2025-11-25T19:09:11","slug":"informacion-para-los-hermanos-que-participen-en-el-cabildo-de-elecciones","status":"publish","type":"post","link":"https:\/\/www.europesays.com\/es\/255520\/","title":{"rendered":"Informaci\u00f3n para los hermanos que participen en el Cabildo de Elecciones"},"content":{"rendered":"<p>\t    \t  <img loading=\"lazy\" decoding=\"async\" width=\"399\" height=\"221\" src=\"https:\/\/www.europesays.com\/es\/wp-content\/uploads\/2025\/08\/Escudo-e1571998368744.jpg\" class=\"attachment- size- wp-post-image\" alt=\"\"  \/>            <\/p>\n<p>La Hermandad de la Macarena celebrar\u00e1 el pr\u00f3ximo <strong>domingo 30 de noviembre<\/strong> Cabildo General Ordinario de Elecciones.\u00a0<\/p>\n<p>El horario de las votaciones ser\u00e1 <strong>de 10:00 a 20:00 horas<\/strong>. A esta hora (20:00 h), se cerrar\u00e1n las puertas del atrio de la Bas\u00edlica pudiendo votar solo quienes est\u00e9n esperando su turno para hacerlo.\u00a0<\/p>\n<p>Podr\u00e1n ejercer su derecho a voto los <strong>hermanos y hermanas mayores de edad y con al menos un a\u00f1o de antig\u00fcedad<\/strong> en la Hermandad. Bajo estos requisitos, <strong>los hermanos y hermanas con derecho a voto ser\u00e1n 13.969<\/strong>.\u00a0<\/p>\n<p>Para votar, los hermanos deber\u00e1n identificarse mediante la <strong>presentaci\u00f3n a la mesa del DNI, NIE, pasaporte y\/o carn\u00e9 de conducir f\u00edsicos y originales<\/strong>, sin importar la fecha de caducidad; <strong>no se permitir\u00e1 la presentaci\u00f3n de dichos documentos en formato electr\u00f3nico ni en fotocopias<\/strong>.\u00a0<\/p>\n<p>La Hermandad colocar\u00e1 en el interior de la bas\u00edlica <strong>12 mesas con 12 urnas<\/strong>, organizadas <strong>seg\u00fan los apellidos <\/strong>(al final de la noticia se pueden consultar las mesas), para que los hermanos puedan votar de una manera m\u00e1s c\u00f3moda y \u00e1gil. Habr\u00e1 <strong>4 cabinas para garantizar la privacidad<\/strong> de la elecci\u00f3n de las papeletas de voto.\u00a0<\/p>\n<p>Cada una de las mesas estar\u00e1 compuesta por un <strong>presidente<\/strong> (nombrado por la autoridad eclesi\u00e1stica), un <strong>secretario<\/strong> (nombrado por la Junta de Gobierno) y <strong>tres interventores<\/strong> (uno por cada candidatura). Adem\u00e1s, habr\u00e1 un<strong> interventor general<\/strong> (nombrado por la Junta de Gobierno) y <strong>tres interventores<\/strong>, uno por cada candidatura.\u00a0<\/p>\n<p>Una vez finalizadas las votaciones presenciales, se incluir\u00e1n en las urnas los votos por correo, realiz\u00e1ndose a continuaci\u00f3n el recuento a puerta cerrada.\u00a0<\/p>\n<p>Posteriormente se sumar\u00e1n los escrutinios de cada mesa y el Secretario de Nuestra Se\u00f1ora de la Esperanza levantar\u00e1 acta de los resultados, que <strong>ser\u00e1n proclamados p\u00fablicamente en la Bas\u00edlica<\/strong>.\u00a0<\/p>\n<p>La Hermandad <strong>ruega encarecidamente<\/strong> a los hermanos presentes en la Bas\u00edlica en ese momento que mantengan un <strong>comportamiento acorde al lugar sagrado<\/strong> en el que est\u00e1n.\u00a0<\/p>\n<p>Las <strong>normas que regir\u00e1n el Cabildo han sido establecidas por la Delegaci\u00f3n Episcopal para los Asuntos Jur\u00eddicos de las Hermandades y Cofrad\u00edas<\/strong>, siendo <strong>refrendadas por los tres candidatos<\/strong> que se presentan.\u00a0<\/p>\n<p>\u00a0<\/p>\n<p>* Distribuci\u00f3n de las mesas por apellidos (por privacidad, solo se muestra el primer apellido y las dos primeras letras del segundo):<\/p>\n<p><b>MESA 1.\u00a0<\/b><b>DESDE: ABAD \u00c1V\u2026\u00a0<\/b><b>HASTA: BENDALA RI\u2026<\/b><\/p>\n<p><b>MESA 2.\u00a0<\/b><b>DESDE: BENDALA VI\u2026\u00a0<\/b><b>HASTA: CASTILLA MO\u2026<\/b><\/p>\n<p><b>MESA 3.\u00a0<\/b><b>DESDE: CASTILLA MO\u2026\u00a0<\/b><b>HASTA: ESCRICH US\u2026<\/b><\/p>\n<p><b>MESA 4.\u00a0<\/b><b>DESDE: ESCUDERO CA\u2026\u00a0<\/b><b>HASTA: GARC\u00cdA MA\u2026<\/b><\/p>\n<p><b>MESA 5. \u00a0<\/b><b>DESDE: GARC\u00cdA MA\u2026\u00a0<\/b><b>HASTA: GUTI\u00c9RREZ M\u00c1\u2026<\/b><\/p>\n<p><b>MESA 6. \u00a0<\/b><b>DESDE: GUTI\u00c9REZ MA\u2026\u00a0<\/b><b>HASTA: L\u00d3PEZ LO\u2026<\/b><\/p>\n<p><b>MESA 7.\u00a0<\/b><b>DESDE: L\u00d3PEZ LU\u2026\u00a0<\/b><b>HASTA: MELLADO S\u00c1\u2026<\/b><\/p>\n<p><b>MESA 8.\u00a0<\/b><b>DESDE: MELLADO S\u00c1\u2026\u00a0<\/b><b>HASTA: OJEDA JI\u2026<\/b><\/p>\n<p><b>MESA 9.\u00a0<\/b><b>DESDE: OJEDA MU\u2026\u00a0<\/b><b>HASTA: PRADO SA\u2026<\/b><\/p>\n<p><b>MESA 10.\u00a0<\/b><b>DESDE: PRADOS DE\u2026\u00a0\u00a0<\/b><b>HASTA: ROMERO ME\u2026<\/b><b\/><\/p>\n<p><b>MESA 11.\u00a0<\/b><b>DESDE: ROMERO MI\u2026\u00a0<\/b><b>HASTA: SOTO G\u00c1\u2026<\/b><\/p>\n<p><b>MESA 12.\u00a0<\/b><b>DESDE: SOTO G\u00c1\u2026\u00a0<\/b><b>HASTA: ZURITA S\u00c1\u2026<\/b><b\/><\/p>\n<p><\/p>\n","protected":false},"excerpt":{"rendered":"La Hermandad de la Macarena celebrar\u00e1 el pr\u00f3ximo domingo 30 de noviembre Cabildo General Ordinario de Elecciones.\u00a0 El&hellip;\n","protected":false},"author":2,"featured_media":74388,"comment_status":"","ping_status":"","sticky":false,"template":"","format":"standard","meta":{"footnotes":""},"categories":[5],"tags":[64296,17,18,25,24,13,14,11,29052,19,20,9,10,15,16,23,12,21,22,29053],"class_list":{"0":"post-255520","1":"post","2":"type-post","3":"status-publish","4":"format-standard","5":"has-post-thumbnail","7":"category-titulares","8":"tag-informacion-para-los-hermanos-que-participen-en-el-cabildo-de-elecciones","9":"tag-breaking-news","10":"tag-breakingnews","11":"tag-es","12":"tag-espana","13":"tag-featured-news","14":"tag-featurednews","15":"tag-headlines","16":"tag-hermandad-de-la-macarena","17":"tag-latest-news","18":"tag-latestnews","19":"tag-news","20":"tag-noticias","21":"tag-noticias-destacadas","22":"tag-noticiasdestacadas","23":"tag-spain","24":"tag-titulares","25":"tag-ultimas-noticias","26":"tag-ultimasnoticias","27":"tag-web-oficial-de-la-hermandad-de-la-macarena"},"share_on_mastodon":{"url":"https:\/\/pubeurope.com\/@es\/115611917683113067","error":""},"_links":{"self":[{"href":"https:\/\/www.europesays.com\/es\/wp-json\/wp\/v2\/posts\/255520","targetHints":{"allow":["GET"]}}],"collection":[{"href":"https:\/\/www.europesays.com\/es\/wp-json\/wp\/v2\/posts"}],"about":[{"href":"https:\/\/www.europesays.com\/es\/wp-json\/wp\/v2\/types\/post"}],"author":[{"embeddable":true,"href":"https:\/\/www.europesays.com\/es\/wp-json\/wp\/v2\/users\/2"}],"replies":[{"embeddable":true,"href":"https:\/\/www.europesays.com\/es\/wp-json\/wp\/v2\/comments?post=255520"}],"version-history":[{"count":0,"href":"https:\/\/www.europesays.com\/es\/wp-json\/wp\/v2\/posts\/255520\/revisions"}],"wp:featuredmedia":[{"embeddable":true,"href":"https:\/\/www.europesays.com\/es\/wp-json\/wp\/v2\/media\/74388"}],"wp:attachment":[{"href":"https:\/\/www.europesays.com\/es\/wp-json\/wp\/v2\/media?parent=255520"}],"wp:term":[{"taxonomy":"category","embeddable":true,"href":"https:\/\/www.europesays.com\/es\/wp-json\/wp\/v2\/categories?post=255520"},{"taxonomy":"post_tag","embeddable":true,"href":"https:\/\/www.europesays.com\/es\/wp-json\/wp\/v2\/tags?post=255520"}],"curies":[{"name":"wp","href":"https:\/\/api.w.org\/{rel}","templated":true}]}}