{"id":255522,"date":"2025-11-25T19:15:10","date_gmt":"2025-11-25T19:15:10","guid":{"rendered":"https:\/\/www.europesays.com\/es\/255522\/"},"modified":"2025-11-25T19:15:10","modified_gmt":"2025-11-25T19:15:10","slug":"tenerife-se-reivindica-con-una-bici-queremos-la-vuelta","status":"publish","type":"post","link":"https:\/\/www.europesays.com\/es\/255522\/","title":{"rendered":"Tenerife se reivindica con una bici: \u201cQueremos la Vuelta\u201d"},"content":{"rendered":"<p class=\"\">La <b>Vuelta a Espa\u00f1a<\/b> no terminar\u00e1 en <b>Tenerife<\/b> en 2026, pero la isla sigue respirando ciclismo. No acoger\u00e1 la principal carrera del pa\u00eds, al menos de momento, pero tendr\u00e1 una bicicleta exclusiva. <b>Alberto Contador e Ivan Basso,<\/b> dos excorredores que entrenaban por sus carreteras, hoy due\u00f1os de la <b>empresa Aurum<\/b> y del <a href=\"https:\/\/as.com\/ciclismo\/mas_ciclismo\/alberto-contador-ayuso-piensa-en-ganar-el-giro-estoy-seguro-n\/\" target=\"_self\" rel=\"nofollow noopener\" title=\"https:\/\/as.com\/ciclismo\/mas_ciclismo\/alberto-contador-ayuso-piensa-en-ganar-el-giro-estoy-seguro-n\/\"><b>equipo Polti VisitMalta,<\/b><\/a> presentaron este martes una bici inspirada en estas tierras canarias, la <b>Aurum Magma Tenerife, <\/b>en un acto celebrado en el Museo de la Naturaleza y Arqueolog\u00eda (MUNA), que encabez\u00f3 el vicepresidente y <b>consejero de Turismo del Cabildo, Lope Afonso,<\/b> quien tild\u00f3 la fecha como \u201cun d\u00eda excepcional\u201d.<\/p>\n<p class=\"\">\u201cIgual que cuando era ciclista juvenil me imaginaba que corr\u00eda el <b>Tour de Francia<\/b> y lo ganaba, esta bicicleta es otro sue\u00f1o hecho realidad que surge de las dosis de sufrimiento de mis entrenamientos aqu\u00ed, que se han plasmado en <b>el modelo Magma <\/b>y en esta<b> edici\u00f3n especial de Tenerife,<\/b> que tanto nos ha dado\u201d, dijo Contador en el acto. \u201cDesde que vine a entrenar aqu\u00ed por primera vez en 2009, surgi\u00f3 una conexi\u00f3n para siempre con esta isla\u201d, a\u00f1adi\u00f3 Basso.<\/p>\n<p class=\"\">Contador destac\u00f3 las caracter\u00edsticas t\u00e9cnicas de esta nueva bicicleta, pero expuso como \u201cparticularidad\u201d sobre el modelo anterior <b>sus colores azulados<\/b>: \u201cNos recuerdan a los acantilados que ve\u00edamos cuando entren\u00e1bamos por el norte de la isla\u201d. Basso, por su parte, resalt\u00f3 su ligereza: \u201cHemos pensado en hacer <b>una bici r\u00e1pida. <\/b>Que la bici lleve al ciclista, y no al rev\u00e9s\u201d.<\/p>\n<p class=\"\">Durante el evento surgi\u00f3, inevitablemente, el proyecto frustrado de celebrar <a href=\"https:\/\/as.com\/ciclismo\/vuelta_espana\/canarias-no-estara-en-la-vuelta-el-israel-sigue-siendo-el-mismo-equipo-f202511-n\/\" target=\"_self\" rel=\"nofollow noopener\" title=\"https:\/\/as.com\/ciclismo\/vuelta_espana\/canarias-no-estara-en-la-vuelta-el-israel-sigue-siendo-el-mismo-equipo-f202511-n\/\"><b>el final de la Vuelta 2026<\/b><\/a> debido a la negativa del Cabildo de Gran Canaria.<b> Lope Afonso lo tiene claro:<\/b> \u201cIgual que hac\u00eda Contador cuando sub\u00eda una monta\u00f1a, nosotros no vamos a rendirnos y vamos a pedalear hasta coronar el puerto\u201d. Al hilo de esta palabras, el<b> triple campe\u00f3n de la ronda espa\u00f1ola <\/b>tambi\u00e9n abog\u00f3 por traer la carrera a la isla: \u201cEs una l\u00e1stima que a \u00faltima hora no haya podido ser, pero ojal\u00e1 que venga en el futuro, porque <a href=\"https:\/\/as.com\/opinion\/el-israel-ya-no-es-israel-f202511-n\/\" target=\"_self\" rel=\"nofollow noopener\" title=\"https:\/\/as.com\/opinion\/el-israel-ya-no-es-israel-f202511-n\/\"><b>los canarios se lo merecen.<\/b> <\/a>Esta es una isla de ciclismo\u201d.<\/p>\n<p>Noticias relacionadas<\/p>\n<p class=\"\">Todos ellos definieron Tenerife como<b> \u201cun centro de alto rendimiento al aire libre\u201d<\/b>, que congrega a m\u00faltiples ciclistas durante la preparaci\u00f3n de sus grandes objetivos. Contador y Basso la descubrieron tarde, cuando ya ten\u00edan 31 a\u00f1os, pero ahora no tienen duda de recomend\u00e1rsela a los m\u00e1s j\u00f3venes: <b>\u201cVete al Teide\u201d.<\/b> Por esa raz\u00f3n, su <b>equipo Polti VisitMalta<\/b> celebrar\u00e1 la pr\u00f3xima temporada una <b>concentraci\u00f3n en Tenerife, <\/b>del 5 al 20 de abril, para preparar el Giro de Italia.<\/p>\n<p class=\"\"><b>\u00a1Tus opiniones importan!<\/b> Comenta en los art\u00edculos y suscr\u00edbete gratis a nuestra <a href=\"https:\/\/asfan.as.com\/newsletters\/\" target=\"_blank\" rel=\"nofollow noopener\" title=\"https:\/\/asfan.as.com\/newsletters\/\">newsletter<\/a> y a las alertas informativas en la <a href=\"https:\/\/as.com\/aplicacion-de-as-n\/\" target=\"_blank\" rel=\"nofollow noopener\" title=\"https:\/\/as.com\/aplicacion-de-as-n\/\">App<\/a> o el canal de <a href=\"https:\/\/www.whatsapp.com\/channel\/0029VaAasdA7j6g745nz9M10\" target=\"_blank\" rel=\"nofollow noopener\" title=\"https:\/\/www.whatsapp.com\/channel\/0029VaAasdA7j6g745nz9M10\">WhatsApp<\/a>. \u00bfBuscas licenciar contenido? Haz clic <a href=\"https:\/\/profesional.elpais.com\/soluciones-sindicacion?utm_medium=interno&amp;utm_source=crosslinking&amp;utm_campaign=sindicacion_as_pie_articulos\" target=\"_blank\" rel=\"nofollow noopener\" title=\"https:\/\/profesional.elpais.com\/soluciones-sindicacion?utm_medium=interno&amp;utm_source=crosslinking&amp;utm_campaign=sindicacion_as_pie_articulos\">aqu\u00ed<\/a><\/p>\n","protected":false},"excerpt":{"rendered":"La Vuelta a Espa\u00f1a no terminar\u00e1 en Tenerife en 2026, pero la isla sigue respirando ciclismo. No acoger\u00e1&hellip;\n","protected":false},"author":2,"featured_media":255523,"comment_status":"","ping_status":"","sticky":false,"template":"","format":"standard","meta":{"footnotes":""},"categories":[273],"tags":[313,312,168,25,24,23,167],"class_list":{"0":"post-255522","1":"post","2":"type-post","3":"status-publish","4":"format-standard","5":"has-post-thumbnail","7":"category-ciclismo","8":"tag-ciclismo","9":"tag-cycling","10":"tag-deportes","11":"tag-es","12":"tag-espana","13":"tag-spain","14":"tag-sports"},"share_on_mastodon":{"url":"https:\/\/pubeurope.com\/@es\/115611941148887378","error":""},"_links":{"self":[{"href":"https:\/\/www.europesays.com\/es\/wp-json\/wp\/v2\/posts\/255522","targetHints":{"allow":["GET"]}}],"collection":[{"href":"https:\/\/www.europesays.com\/es\/wp-json\/wp\/v2\/posts"}],"about":[{"href":"https:\/\/www.europesays.com\/es\/wp-json\/wp\/v2\/types\/post"}],"author":[{"embeddable":true,"href":"https:\/\/www.europesays.com\/es\/wp-json\/wp\/v2\/users\/2"}],"replies":[{"embeddable":true,"href":"https:\/\/www.europesays.com\/es\/wp-json\/wp\/v2\/comments?post=255522"}],"version-history":[{"count":0,"href":"https:\/\/www.europesays.com\/es\/wp-json\/wp\/v2\/posts\/255522\/revisions"}],"wp:featuredmedia":[{"embeddable":true,"href":"https:\/\/www.europesays.com\/es\/wp-json\/wp\/v2\/media\/255523"}],"wp:attachment":[{"href":"https:\/\/www.europesays.com\/es\/wp-json\/wp\/v2\/media?parent=255522"}],"wp:term":[{"taxonomy":"category","embeddable":true,"href":"https:\/\/www.europesays.com\/es\/wp-json\/wp\/v2\/categories?post=255522"},{"taxonomy":"post_tag","embeddable":true,"href":"https:\/\/www.europesays.com\/es\/wp-json\/wp\/v2\/tags?post=255522"}],"curies":[{"name":"wp","href":"https:\/\/api.w.org\/{rel}","templated":true}]}}