{"id":255526,"date":"2025-11-25T19:18:08","date_gmt":"2025-11-25T19:18:08","guid":{"rendered":"https:\/\/www.europesays.com\/es\/255526\/"},"modified":"2025-11-25T19:18:08","modified_gmt":"2025-11-25T19:18:08","slug":"lo-celso-descartado-para-el-jueves-ante-el-utrecht-y-duda-para-el-derbi-sevilla","status":"publish","type":"post","link":"https:\/\/www.europesays.com\/es\/255526\/","title":{"rendered":"Lo Celso, descartado para el jueves ante el Utrecht y duda para el derbi Sevilla"},"content":{"rendered":"<p>25\/11\/2025<br \/>\n<br \/><strong><br \/>\nActualizado a las 15:23h.<br \/>\n<\/strong><\/p>\n<p class=\"voc-p\" style=\"\">Giovani <strong>Lo Celso<\/strong>, jugador del <strong>Real Betis<\/strong>, est\u00e1 descartado para disputar este jueves el encuentro de la quinta jornada de la Europa League ante el Utrecht y es seria duda para el derbi del domingo en el Ram\u00f3n S\u00e1nchez-Pizju\u00e1n. El argentino pidi\u00f3  &#8230; el cambio en el descanso del partido ante el Girona del pasado domingo y este martes se le ha inspeccionado por parte de los servicios m\u00e9dicos.<\/p>\n<p class=\"voc-p\" style=\"\">Lo Celso \u00abno se entren\u00f3 con el grupo debido a unas <strong>molestias musculares pendientes de evoluci\u00f3n<\/strong>\u00ab, seg\u00fan inform\u00f3 el club verdiblanco. En los ex\u00e1menes realizados no se advierte una lesi\u00f3n grave para el argentino pero la incomodidad persiste y todo depender\u00e1 de c\u00f3mo se encuentre en estos d\u00edas. Lo que ya est\u00e1 pr\u00e1cticamente descartado es su concurso para el partido del jueves ante el Utrecht dado que no ha podido trabajar con el equipo ni lunes ni martes en la ciudad deportiva Luis del Sol y no es necesario que fuerce en esta situaci\u00f3n.<\/p>\n<p class=\"voc-p\" style=\"\">Ahora hay que ver si puede llegar Lo Celso al <strong>derbi del domingo ante el Sevilla<\/strong> en Nervi\u00f3n. El argentino puede ser una pieza importante dado que Antony est\u00e1 a la espera de conocer si Disciplina le sanciona finalmente e Isco acaba de volver de su periodo de recuperaci\u00f3n tras lesionarse en agosto en pretemporada, necesitando una adaptaci\u00f3n gradual.<\/p>\n<p class=\"voc-p\" style=\"\">Este martes tambi\u00e9n se ha conocido que <strong>Beller\u00edn<\/strong> estar\u00e1 de baja entre dos y tres semanas debido a una lesi\u00f3n en el s\u00f3leo, con lo que se une a Pau L\u00f3pez en la enfermer\u00eda b\u00e9tica, que estaba a punto de quedarse vac\u00eda pero ahora tiene nuevos inquilinos. <\/p>\n<p>\nArt\u00edculo solo para suscriptores\n<\/p>\n<p>Reportar un error<\/p>\n","protected":false},"excerpt":{"rendered":"25\/11\/2025 Actualizado a las 15:23h. Giovani Lo Celso, jugador del Real Betis, est\u00e1 descartado para disputar este jueves&hellip;\n","protected":false},"author":2,"featured_media":255527,"comment_status":"","ping_status":"","sticky":false,"template":"","format":"standard","meta":{"footnotes":""},"categories":[268],"tags":[1575,291,19464,168,18298,50303,2681,25,24,280,282,887,1171,281,23,167,64297],"class_list":{"0":"post-255526","1":"post","2":"type-post","3":"status-publish","4":"format-standard","5":"has-post-thumbnail","7":"category-futbol","8":"tag-ante","9":"tag-betis","10":"tag-celso","11":"tag-deportes","12":"tag-derbi","13":"tag-descartado","14":"tag-duda","15":"tag-es","16":"tag-espana","17":"tag-football","18":"tag-futbol","19":"tag-jueves","20":"tag-sevilla","21":"tag-soccer","22":"tag-spain","23":"tag-sports","24":"tag-utrecht"},"share_on_mastodon":{"url":"https:\/\/pubeurope.com\/@es\/115611953183486546","error":""},"_links":{"self":[{"href":"https:\/\/www.europesays.com\/es\/wp-json\/wp\/v2\/posts\/255526","targetHints":{"allow":["GET"]}}],"collection":[{"href":"https:\/\/www.europesays.com\/es\/wp-json\/wp\/v2\/posts"}],"about":[{"href":"https:\/\/www.europesays.com\/es\/wp-json\/wp\/v2\/types\/post"}],"author":[{"embeddable":true,"href":"https:\/\/www.europesays.com\/es\/wp-json\/wp\/v2\/users\/2"}],"replies":[{"embeddable":true,"href":"https:\/\/www.europesays.com\/es\/wp-json\/wp\/v2\/comments?post=255526"}],"version-history":[{"count":0,"href":"https:\/\/www.europesays.com\/es\/wp-json\/wp\/v2\/posts\/255526\/revisions"}],"wp:featuredmedia":[{"embeddable":true,"href":"https:\/\/www.europesays.com\/es\/wp-json\/wp\/v2\/media\/255527"}],"wp:attachment":[{"href":"https:\/\/www.europesays.com\/es\/wp-json\/wp\/v2\/media?parent=255526"}],"wp:term":[{"taxonomy":"category","embeddable":true,"href":"https:\/\/www.europesays.com\/es\/wp-json\/wp\/v2\/categories?post=255526"},{"taxonomy":"post_tag","embeddable":true,"href":"https:\/\/www.europesays.com\/es\/wp-json\/wp\/v2\/tags?post=255526"}],"curies":[{"name":"wp","href":"https:\/\/api.w.org\/{rel}","templated":true}]}}