{"id":255534,"date":"2025-11-25T19:23:11","date_gmt":"2025-11-25T19:23:11","guid":{"rendered":"https:\/\/www.europesays.com\/es\/255534\/"},"modified":"2025-11-25T19:23:11","modified_gmt":"2025-11-25T19:23:11","slug":"el-fondo-nacional-de-las-artes-entrega-los-premios-a-la-trayectoria-2025","status":"publish","type":"post","link":"https:\/\/www.europesays.com\/es\/255534\/","title":{"rendered":"El Fondo Nacional de las Artes entrega los premios a la Trayectoria 2025"},"content":{"rendered":"<p><img alt=\"El Gran Premio ser\u00e1 para\" class=\"global-image\" decoding=\"async\" fetchpriority=\"high\" height=\"2880\" loading=\"eager\" src=\"https:\/\/www.europesays.com\/es\/wp-content\/uploads\/2025\/11\/IA7XW7HMBZBRRCWPKRDKW74JBM.tif\" width=\"1920\"\/>El Gran Premio ser\u00e1 para Daniel Baremboim<\/p>\n<p class=\"paragraph\">Una vez m\u00e1s, el<b> Fondo Nacional de las Artes<\/b>, como cada a\u00f1o, entregar\u00e1 el Gran Premio y los Premios Trayectoria, que reconocen las carreras art\u00edsticas de los hacedores de diversas disciplinas de la cultura argentina.<\/p>\n<p class=\"paragraph\">En la edici\u00f3n 2025, el<b> Gran Premio <\/b>fue otorgado al pianista y director de orquesta <b>Daniel Barenboim<\/b>, mientras que los doce <b>Premios Trayectoria<\/b> fueron otorgados, por su contribuci\u00f3n a la identidad cultural nacional, a <b>H\u00e9ctor Alterio<\/b>, en Artes Esc\u00e9nicas; <b>Orly Benzacar<\/b>, en Gesti\u00f3n Cultural; <b>Sonia Berjman<\/b>, por Historia Urbana y Paisajismo; <b>Nelson Goerner<\/b>, en M\u00fasica); <b>Fabio Grementieri<\/b>, por Patrimonio; <b>Tom\u00e1s Lip\u00e1n<\/b>, en Folclore; <b>Vechy Logioio<\/b>, por Artes Visuales; <b>Edgardo Minond<\/b>, en Arquitectura; <b>Marcelo Pi\u00f1eyro<\/b>, en Artes Audiovisuales; <b>Lidia Segni<\/b>, en Danza; <b>Luisa Serrano<\/b>, por Artesan\u00edas, y <b>Luisa Valenzuela<\/b>, en las Letras.<\/p>\n<p class=\"paragraph\">En un acto que se llevar\u00e1 a cabo en la Sala Argentina del Palacio Libertad, Sarmiento 151, C. A. B. A., segundo subsuelo, el jueves 27 de noviembre, a las 16, se har\u00e1 entrega de las distinciones elegidas por el Directorio del Fondo Nacional de las Artes, conformado por <b>Mar\u00eda Silvia Corcuera<\/b>, <b>Juan Antonio L\u00e1zara<\/b>, <b>Marcelo Nougu\u00e9s<\/b>, <b>Miguel Pereira<\/b>, <b>Mauricio Wainrot<\/b>, <b>Guillermo Scarabino<\/b>, <b>Patricio Zunini<\/b>, <b>Gast\u00f3n Pulero<\/b> y <b>Marcelo Griffi<\/b>, quienes reconocen a los que, \u201ccon su labor creativa, han realizado aportes extraordinarios al desarrollo de la cultura argentina\u201d. <\/p>\n<p class=\"paragraph\">\u201cLa sola menci\u00f3n de quienes han recibido estos premios a lo largo de m\u00e1s de sesenta a\u00f1os, da cuenta de su peso y legitimidad. Honramos as\u00ed a las personalidades que dejaron una huella imborrable en nuestra cultura\u201d, expres\u00f3 <b>Tulio Andreussi Guzm\u00e1n<\/b>, presidente del <b>Fondo Nacional de las Artes<\/b>, y agreg\u00f3: \u201cesta edici\u00f3n se distingue, adem\u00e1s, por un proyecto realizado conjuntamente con el Banco Central de la Rep\u00fablica Argentina para dise\u00f1ar y realizar las medallas que recibir\u00e1n los premiados\u201d.<\/p>\n<p><img alt=\"En las Letras, la elegida\" class=\"global-image\" decoding=\"async\" fetchpriority=\"low\" height=\"1275\" loading=\"lazy\" src=\"https:\/\/www.europesays.com\/es\/wp-content\/uploads\/2025\/11\/YTEC62QTWZGFZE6E54HIDCDBLU.JPG\" width=\"1920\"\/>En las Letras, la elegida de esta edici\u00f3n fue Luisa Valenzuela<\/p>\n<p class=\"paragraph\">La novedad de esta edici\u00f3n es que cada uno de los premiados recibir\u00e1 una medalla especialmente dise\u00f1ada, que es fruto del trabajo conjunto entre el Fondo Nacional de las Artes y el Banco Central de la Rep\u00fablica Argentina. Esta medalla es una pieza \u00fanica que, a trav\u00e9s de su dise\u00f1o e impresi\u00f3n celebra la libertad y la proyecci\u00f3n del arte en todas sus disciplinas, a la vez que mantiene la coherencia visual con el isotipo institucional del FNA.<\/p>\n<p class=\"paragraph\">El ingreso al acto es gratuito pero requiere de una inscripci\u00f3n en el siguiente formulario: https:\/\/docs.google.com\/forms\/d\/e\/1FAIpQLSfXZS4aLc2rtA9fwle76mER0gM-_5ZsEJO9e6zReu5vtd-NVA\/viewform <\/p>\n<p class=\"paragraph\">El Gran Premio FNA y los Premios a la Trayectoria Art\u00edstica son distinciones anuales que otorga el Fondo Nacional de las Artes a personalidades de distintas disciplinas que realizaron aportes extraordinarios al desarrollo de la cultura de nuestro pa\u00eds. <\/p>\n<p class=\"paragraph\">El Gran Premio FNA, el m\u00e1ximo galard\u00f3n, fue concedido por primera vez en 1963 a <b>Jorge Luis Borges<\/b> en la categor\u00eda Letras y, desde entonces, ha honrado a figuras como <b>Emilio Pettoruti<\/b>, <b>Armando Disc\u00e9polo<\/b>, <b>Tita Merello<\/b>, <b>Quinquela Mart\u00edn<\/b>, el <b>Cuchi<\/b><b> Leguizam\u00f3n<\/b>, <b>Griselda Gambaro<\/b>, <b>Ricardo Piglia<\/b>, <b>Mar\u00eda Elena Walsh<\/b>, <b>Enrique Cad\u00edcamo<\/b>, <b>Silvina Ocampo<\/b>, <b>Marco Denevi<\/b>, <b>Le\u00f3n Gieco<\/b>, <b>Mauricio Kartun<\/b>, <b>Susana Rinaldi<\/b>, <b>Le\u00f3n Ferrari<\/b>, <b>Eduardo Fal\u00fa<\/b>, <b>Ang\u00e9lica Gorodischer<\/b> y <b>Julio Le Parc<\/b>, entre otros. Estos artistas han dejado una marca imborrable en la historia del arte argentino, representando diversas expresiones y regiones del pa\u00eds. <\/p>\n<p class=\"paragraph\">En 1992, el <b>FNA<\/b> ampli\u00f3 este homenaje con los <b>Premios a la Trayectoria Art\u00edstica<\/b>, creados para reconocer a referentes en distintas disciplinas. Entre ellos figuran: <b>Agust\u00edn Alezzo<\/b>, <b>Sara Facio<\/b>, <b>Julio Bocca<\/b>, <b>Leonardo Favio<\/b>, <b>Mercedes Sosa<\/b>, <b>Kenneth Kemble<\/b>, <b>Marta Minuj\u00edn<\/b>, <b>Mar\u00eda Teresa Andruetto<\/b>, <b>Hilda Bernard<\/b>, <b>Cristina Banegas<\/b>, <b>Charly Garc\u00eda<\/b>, <b>Gylula Kosice<\/b>, <b>Roberto Cossa<\/b>, <b>Jairo<\/b>, <b>Marcelo Birjamer<\/b>, <b>Pedro Ignacio Calder\u00f3n<\/b> y <b>Helena Tritek<\/b>, entre otros. <\/p>\n<p class=\"paragraph\">Desde las letras hasta la m\u00fasica, la arquitectura, las artesan\u00edas y las artes visuales, todos estos premios destacan el esfuerzo, la perseverancia y la pasi\u00f3n de quienes, a trav\u00e9s de su trabajo, inspiran a las generaciones futuras, enriqueciendo el patrimonio cultural del pa\u00eds.<\/p>\n<p class=\"paragraph\">Fuente y fotos: gentileza equipo de comunicaci\u00f3n del Fondo Nacional de las Artes.<\/p>\n","protected":false},"excerpt":{"rendered":"El Gran Premio ser\u00e1 para Daniel Baremboim Una vez m\u00e1s, el Fondo Nacional de las Artes, como cada&hellip;\n","protected":false},"author":2,"featured_media":255535,"comment_status":"","ping_status":"","sticky":false,"template":"","format":"standard","meta":{"footnotes":""},"categories":[170],"tags":[146,147,25,24,184,185,23],"class_list":{"0":"post-255534","1":"post","2":"type-post","3":"status-publish","4":"format-standard","5":"has-post-thumbnail","7":"category-musica","8":"tag-entertainment","9":"tag-entretenimiento","10":"tag-es","11":"tag-espana","12":"tag-music","13":"tag-musica","14":"tag-spain"},"share_on_mastodon":{"url":"https:\/\/pubeurope.com\/@es\/115611973218235588","error":""},"_links":{"self":[{"href":"https:\/\/www.europesays.com\/es\/wp-json\/wp\/v2\/posts\/255534","targetHints":{"allow":["GET"]}}],"collection":[{"href":"https:\/\/www.europesays.com\/es\/wp-json\/wp\/v2\/posts"}],"about":[{"href":"https:\/\/www.europesays.com\/es\/wp-json\/wp\/v2\/types\/post"}],"author":[{"embeddable":true,"href":"https:\/\/www.europesays.com\/es\/wp-json\/wp\/v2\/users\/2"}],"replies":[{"embeddable":true,"href":"https:\/\/www.europesays.com\/es\/wp-json\/wp\/v2\/comments?post=255534"}],"version-history":[{"count":0,"href":"https:\/\/www.europesays.com\/es\/wp-json\/wp\/v2\/posts\/255534\/revisions"}],"wp:featuredmedia":[{"embeddable":true,"href":"https:\/\/www.europesays.com\/es\/wp-json\/wp\/v2\/media\/255535"}],"wp:attachment":[{"href":"https:\/\/www.europesays.com\/es\/wp-json\/wp\/v2\/media?parent=255534"}],"wp:term":[{"taxonomy":"category","embeddable":true,"href":"https:\/\/www.europesays.com\/es\/wp-json\/wp\/v2\/categories?post=255534"},{"taxonomy":"post_tag","embeddable":true,"href":"https:\/\/www.europesays.com\/es\/wp-json\/wp\/v2\/tags?post=255534"}],"curies":[{"name":"wp","href":"https:\/\/api.w.org\/{rel}","templated":true}]}}