{"id":255540,"date":"2025-11-25T19:26:11","date_gmt":"2025-11-25T19:26:11","guid":{"rendered":"https:\/\/www.europesays.com\/es\/255540\/"},"modified":"2025-11-25T19:26:11","modified_gmt":"2025-11-25T19:26:11","slug":"la-comunidad-de-madrid-recuerda-la-importancia-de-vacunarse-contra-la-gripe-tras-superarse-el-umbral-epidemico","status":"publish","type":"post","link":"https:\/\/www.europesays.com\/es\/255540\/","title":{"rendered":"La Comunidad de Madrid recuerda la importancia de vacunarse contra la gripe tras superarse el umbral epid\u00e9mico"},"content":{"rendered":"<p>Tambi\u00e9n est\u00e1 recomendada para los siguientes perfiles de poblaci\u00f3n: embarazadas, enfermos con patolog\u00eda cr\u00f3nica cardiovascular, respiratoria, renal, diabetes, cuidadores de personas vulnerables, fumadores y docentes de guarder\u00edas y centros de Educaci\u00f3n Infantil.<\/p>\n<p>Esta medida preventiva se aconseja igualmente a personas con exposici\u00f3n laboral directa a aves dom\u00e9sticas o cerdos en granjas, as\u00ed como o explotaciones av\u00edcolas o porcinas, y aquellas que realizan servicios p\u00fablicos esenciales como miembros de las Fuerzas y Cuerpos de Seguridad del Estado, bomberos o servicios de Protecci\u00f3n Civil.<\/p>\n<p>Desde el comienzo de la campa\u00f1a, la sanidad p\u00fablica madrile\u00f1a ha prestado este servicio de forma gratuita a casi 1,2 millones de ciudadanos, destacando el incremento en un 3% en el ritmo de administraci\u00f3n a los ni\u00f1os respecto a la temporada anterior. Se extender\u00e1 hasta el 31 de enero de 2026, salvo que circunstancias epidemiol\u00f3gicas aconsejen prolongarla.<\/p>\n<p>Esta iniciativa de Salud P\u00fablica se lleva a cabo en m\u00e1s de 800 puntos, principalmente en los centros de salud y consultorios de Atenci\u00f3n Primaria, hospitales p\u00fablicos y residencias de mayores y de personas con discapacidad.<\/p>\n<p>La Comunidad de Madrid reitera que la vacunaci\u00f3n sigue siendo la medida m\u00e1s eficaz para evitar las complicaciones graves de la gripe y todas las personas con s\u00edntomas respiratorios deben extremar las medidas preventivas para frenar la transmisi\u00f3n de este virus, como el uso de mascarilla en espacios p\u00fablicos o en presencia de personas vulnerables, as\u00ed como el lavado de manos frecuente.<\/p>\n<p>Los interesados en obtener m\u00e1s informaci\u00f3n sobre la gripe y la vacunaci\u00f3n pueden consultarla en este <a href=\"https:\/\/www.comunidad.madrid\/servicios\/salud\/gripe\" rel=\"nofollow noopener\" target=\"_blank\">enlace<\/a>.<\/p>\n","protected":false},"excerpt":{"rendered":"Tambi\u00e9n est\u00e1 recomendada para los siguientes perfiles de poblaci\u00f3n: embarazadas, enfermos con patolog\u00eda cr\u00f3nica cardiovascular, respiratoria, renal, diabetes,&hellip;\n","protected":false},"author":2,"featured_media":255541,"comment_status":"","ping_status":"","sticky":false,"template":"","format":"standard","meta":{"footnotes":""},"categories":[92],"tags":[25,24,165,166,23],"class_list":{"0":"post-255540","1":"post","2":"type-post","3":"status-publish","4":"format-standard","5":"has-post-thumbnail","7":"category-salud","8":"tag-es","9":"tag-espana","10":"tag-health","11":"tag-salud","12":"tag-spain"},"share_on_mastodon":{"url":"https:\/\/pubeurope.com\/@es\/115611984532801475","error":""},"_links":{"self":[{"href":"https:\/\/www.europesays.com\/es\/wp-json\/wp\/v2\/posts\/255540","targetHints":{"allow":["GET"]}}],"collection":[{"href":"https:\/\/www.europesays.com\/es\/wp-json\/wp\/v2\/posts"}],"about":[{"href":"https:\/\/www.europesays.com\/es\/wp-json\/wp\/v2\/types\/post"}],"author":[{"embeddable":true,"href":"https:\/\/www.europesays.com\/es\/wp-json\/wp\/v2\/users\/2"}],"replies":[{"embeddable":true,"href":"https:\/\/www.europesays.com\/es\/wp-json\/wp\/v2\/comments?post=255540"}],"version-history":[{"count":0,"href":"https:\/\/www.europesays.com\/es\/wp-json\/wp\/v2\/posts\/255540\/revisions"}],"wp:featuredmedia":[{"embeddable":true,"href":"https:\/\/www.europesays.com\/es\/wp-json\/wp\/v2\/media\/255541"}],"wp:attachment":[{"href":"https:\/\/www.europesays.com\/es\/wp-json\/wp\/v2\/media?parent=255540"}],"wp:term":[{"taxonomy":"category","embeddable":true,"href":"https:\/\/www.europesays.com\/es\/wp-json\/wp\/v2\/categories?post=255540"},{"taxonomy":"post_tag","embeddable":true,"href":"https:\/\/www.europesays.com\/es\/wp-json\/wp\/v2\/tags?post=255540"}],"curies":[{"name":"wp","href":"https:\/\/api.w.org\/{rel}","templated":true}]}}