{"id":255542,"date":"2025-11-25T19:27:16","date_gmt":"2025-11-25T19:27:16","guid":{"rendered":"https:\/\/www.europesays.com\/es\/255542\/"},"modified":"2025-11-25T19:27:16","modified_gmt":"2025-11-25T19:27:16","slug":"el-sueno-trasatlantico-de-juan-usle","status":"publish","type":"post","link":"https:\/\/www.europesays.com\/es\/255542\/","title":{"rendered":"El sue\u00f1o trasatl\u00e1ntico de Juan Usl\u00e9"},"content":{"rendered":"<p>Entre Cantabria y Nueva York ha discurrido el viaje pl\u00e1stico y vital de Juan Usl\u00e9 (Santander, 1954). Una singladura por la rutas de la abstracci\u00f3n,  &#8230; la geometr\u00eda, la oscuridad y el color de m\u00e1s de 40 a\u00f1os. La recrea ahora el Museo Reina Sof\u00eda que la revisa este periplo en la segunda gran retrospectiva que dedica al internacional y reconocido artista c\u00e1ntabro. Un creador que ha hecho de su propio pulso el motor de su aventura pict\u00f3rica. <\/p>\n<p class=\"v-p\"> &#8216;Juan Usl\u00e9. Ese barco en la monta\u00f1a&#8217; se titula la exposici\u00f3n. Con casi un centenar de obras, estar\u00e1 en cartel hasta el pr\u00f3ximo 20 de abril. En un recorrido circular a trav\u00e9s de once salas del edificio Nouvel, avanza de forma cronol\u00f3gica conectando las &#8216;familias&#8217; de obras y las experiencias vitales de Usl\u00e9, con etapas expresionistas, abstractas y alg\u00fan episodio figurativo.<\/p>\n<p><img decoding=\"async\" loading=\"lazy\" src=\"https:\/\/www.europesays.com\/es\/wp-content\/uploads\/2025\/11\/Usle004-U84706157337Bdy-650x975@RC.jpg\" class=\"v-a-img\" width=\"650\" height=\"975\" alt=\"'Mi-Mon (Mir\u00f3 versus Mondrian)', 1992. Colecci\u00f3n Usl\u00e9 \u2013 Civera.\" data-voc-vtm-id=\"in-text-traffic\"\/><\/p>\n<p>&#8216;Mi-Mon (Mir\u00f3 versus Mondrian)&#8217;, 1992. Colecci\u00f3n Usl\u00e9 \u2013 Civera.<\/p>\n<p>\u00a9 Juan Usl\u00e9, VEGAP, Madrid, 2025<\/p>\n<p class=\"v-p\"> Parte de un acontecimiento que qued\u00f3 grabado a fuego en la memoria del pintor: el hundimiento del buque Elorrio en 1960 en la costa de Langre, cerca de su casa familiar en Cantabria. Un hecho anclado en su memoria infantil que recre\u00f3 en unas oscuras creaciones ya en Nueva York.<\/p>\n<p>Pardillo en Nueva York<\/p>\n<p class=\"v-p\"> Lleg\u00f3 Usl\u00e9 a la Gran Manzana \u00abcomo un pardillo\u00bb en 1985. Sin hablar una palabra de ingl\u00e9s ni tener un proyecto concreto, logr\u00f3 una beca Fulbright que se revelar\u00eda \u00abmilagrosa\u00bb y la atenci\u00f3n de grandes galeristas. \u00abEran tiempos de desconcierto y pintaba lo que pod\u00eda y como pod\u00eda en papeles y tablas que encontraba en la basura\u00bb. Lo explica ante las p\u00e1ginas de un libro de contabilidad hallado en la calle que intervino realizando las primeras acuarelas neoyorquinas de inspiraci\u00f3n &#8216;duchampiana&#8217;. Una extra\u00f1a serie de aire figurativo en una galaxia abstracta que exhibe junto a los negruzcos paisajes con los que evoc\u00f3, entre rascacielos, la tragedia del Elorrio y su a\u00f1oranza de Cantabria.<\/p>\n<p><img decoding=\"async\" loading=\"lazy\" src=\"https:\/\/www.europesays.com\/es\/wp-content\/uploads\/2025\/11\/Usle003-U11166083150clj-650x975@RC.jpg\" class=\"v-a-img\" width=\"650\" height=\"975\" alt=\"'Sin t\u00edtulo', 1987. Colecci\u00f3n Usl\u00e9-Civera\" data-voc-vtm-id=\"in-text-traffic\"\/><\/p>\n<p>&#8216;Sin t\u00edtulo&#8217;, 1987. Colecci\u00f3n Usl\u00e9-Civera<\/p>\n<p>. \u00a9 Juan Usl\u00e9, VEGAP, Madrid, 2025<\/p>\n<p class=\"v-p\"> Su etapa &#8216;negra&#8217; de Nueva York \u00abrefleja la situaci\u00f3n que viv\u00eda entonces, encerrado e incomunicado y sin un duro,\u00bb, precisa ante cuadros como &#8216;1960. Boat at sea&#8217; que inspiran el t\u00edtulo de la muestra. \u00abNo sab\u00eda a qu\u00e9 hab\u00eda ido, ni me sent\u00eda pintor, pero e Nueva York encontr\u00e9 a otros &#8216;juanes&#8217; que quer\u00edan volar. Hab\u00eda tiempo para zozobras, obsesiones, sue\u00f1os y pensamientos\u00bb, enumera. Logr\u00f3 sentir Nueva York como \u00abmi casa\u00bb y desde 1987 vive a caballo entre la megaurbe y la villa c\u00e1ntabra de Saro.<\/p>\n<p class=\"v-p\"> \u00abNos habitan muchos otros. Hay un Juan Usl\u00e9 que nunca est\u00e1 contento con lo que hace, al que le parece que todo es un desastre. Pero y hay otro contento y satisfecho del resultado\u00bb, asegura repasando las cuatro d\u00e9cadas de una doble \u00abtraves\u00eda\u00bb en la que la inicial grisura neoyorquina se trasmut\u00f3 en una explosi\u00f3n de color y geometr\u00eda.<\/p>\n<p class=\"v-p\"> No en vano se le otorg\u00f3 el Premio al Nacional de Artes Pl\u00e1sticas en 2002 \u00abpor conciliar geometr\u00eda y lirismo\u00bb. El comisario de la exposici\u00f3n, \u00c1ngel Calvo Ulloa, sit\u00faa adem\u00e1s su trabajo en la \u00ababstracci\u00f3n l\u00edrica\u00bb. Un concepto que Usl\u00e9 acepta \u00absin comprenderlo muy bien\u00bb. \u00abLo que dicen los dem\u00e1s de m\u00ed me gusta, pero no s\u00e9 muy bien qu\u00e9 es lo que hago\u00bb, reconoce.<\/p>\n<p>Laboratorio vital<\/p>\n<p class=\"v-p\"> \u00abLa pintura es mi laboratorio vital. Busco el ritmo para que la luz y el espacio se muevan y nos procuren una emoci\u00f3n. Mi propio pulso es la m\u00fasica de fondo que mueve el pincel en una suerte de trance que me tomo muy en serio; en un viaje, un perderme\u00bb, explica el pintor sobre su mec\u00e1nica creativa\u00bb.<\/p>\n<p><img decoding=\"async\" loading=\"lazy\" src=\"https:\/\/www.europesays.com\/es\/wp-content\/uploads\/2025\/11\/Usle006-U87811564241scl-650x975@RC.jpg\" class=\"v-a-img\" width=\"650\" height=\"975\" alt=\"'Ojos de Fallujah'. Colecci\u00f3n Usl\u00e9-Civera.\" data-voc-vtm-id=\"in-text-traffic\"\/><\/p>\n<p>&#8216;Ojos de Fallujah&#8217;. Colecci\u00f3n Usl\u00e9-Civera.<\/p>\n<p>\u00a9 Juan Usl\u00e9, VEGAP, Madrid, 2025<\/p>\n<p class=\"v-p\"> Para el comisario la labor creativa de Usl\u00e9 \u00abarticula un lenguaje visual, profundamente \u00edntimo que oscila entre lo gestual y lo geom\u00e9trico\u00bb. Algo que convierte su pintura \u00aben ritmo, respiraci\u00f3n y memoria\u00bb. Un enunciado que, esta vez s\u00ed, convence al pintor.<\/p>\n<p class=\"v-p\"> \u00abEs el deseo y la necesidad de aventura y de viajar lo que me mueve. Mantengo el hambre, el deseo de pintar con grandes dosis de exigencia y compromiso\u00bb , se ufana. \u00abIntento no quedarme jam\u00e1s en la zona de confort del estilo\u00bb, aclara, lo que le permite hacer constantes descubrimientos. Asegura tambi\u00e9n \u00abindagar\u00bb en distintos tipos de belleza, \u00abque no tienen que estar en lo evidente\u00bb, y destaca \u00abla importancia de lo espacial y lo atmosf\u00e9rico que a menudo da lugar a una ambig\u00fcedad y una complejidad que requieren un tiempo largo de concentraci\u00f3n y escucha\u00bb.<\/p>\n<p class=\"v-p\"> Tres de las obras expuestas ya pertenecen a la colecci\u00f3n permanente del Reina Sof\u00eda. Usl\u00e9 las ha depositado permanentemente despu\u00e9s de muchos a\u00f1os de cedidas pr\u00e9stamo.<\/p>\n<p><img decoding=\"async\" loading=\"lazy\" src=\"https:\/\/www.europesays.com\/es\/wp-content\/uploads\/2025\/11\/Usle005-U37363106511moJ-650x975@RC.jpg\" class=\"v-a-img\" width=\"650\" height=\"975\" alt=\"Amapola', 1991. Colecci\u00f3n Soledad Lorenzo, MNCARS.\" data-voc-vtm-id=\"in-text-traffic\"\/><\/p>\n<p>Amapola&#8217;, 1991. Colecci\u00f3n Soledad Lorenzo, MNCARS.<\/p>\n<p>\u00a9 Juan Usl\u00e9, VEGAP, Madrid, 2025<\/p>\n<p class=\"v-p\"> Usl\u00e9 es uno de los pintores espa\u00f1olas contempor\u00e1neo m\u00e1s reconocidos e internacionales. El Reina Sof\u00eda ya le dedic\u00f3 en 2003, &#8216;Open rooms&#8217; su primer gran retrospectiva en el Palacio de Vel\u00e1zquez. Ha participado en la Bienal de Venecia, (2005), la Documenta de Kasell (1992), la Bienal de Estambul (1992) y la de S\u00e3o Paulo (1985). Ha expuesto en casi todos los grandes museos internacionales y su obra est\u00e1 en colecciones p\u00fablicas y privadas internacionales, como la del MoMa de Nueva York, los museo de Bellas Artes de Boston y Houston, el MACBA de Barcelona, el Centro Pompidou de Par\u00eds, el Museo Guggenheim de Bilbao, el Serralves de Oporto o la Tate Modern de Londres.<\/p>\n","protected":false},"excerpt":{"rendered":"Entre Cantabria y Nueva York ha discurrido el viaje pl\u00e1stico y vital de Juan Usl\u00e9 (Santander, 1954). Una&hellip;\n","protected":false},"author":2,"featured_media":255543,"comment_status":"","ping_status":"","sticky":false,"template":"","format":"standard","meta":{"footnotes":""},"categories":[91],"tags":[146,147,25,24,409,23,3466,64299,63607],"class_list":{"0":"post-255542","1":"post","2":"type-post","3":"status-publish","4":"format-standard","5":"has-post-thumbnail","7":"category-entretenimiento","8":"tag-entertainment","9":"tag-entretenimiento","10":"tag-es","11":"tag-espana","12":"tag-juan","13":"tag-spain","14":"tag-sueno","15":"tag-trasatlantico","16":"tag-usle"},"share_on_mastodon":{"url":"https:\/\/pubeurope.com\/@es\/115611988762736447","error":""},"_links":{"self":[{"href":"https:\/\/www.europesays.com\/es\/wp-json\/wp\/v2\/posts\/255542","targetHints":{"allow":["GET"]}}],"collection":[{"href":"https:\/\/www.europesays.com\/es\/wp-json\/wp\/v2\/posts"}],"about":[{"href":"https:\/\/www.europesays.com\/es\/wp-json\/wp\/v2\/types\/post"}],"author":[{"embeddable":true,"href":"https:\/\/www.europesays.com\/es\/wp-json\/wp\/v2\/users\/2"}],"replies":[{"embeddable":true,"href":"https:\/\/www.europesays.com\/es\/wp-json\/wp\/v2\/comments?post=255542"}],"version-history":[{"count":0,"href":"https:\/\/www.europesays.com\/es\/wp-json\/wp\/v2\/posts\/255542\/revisions"}],"wp:featuredmedia":[{"embeddable":true,"href":"https:\/\/www.europesays.com\/es\/wp-json\/wp\/v2\/media\/255543"}],"wp:attachment":[{"href":"https:\/\/www.europesays.com\/es\/wp-json\/wp\/v2\/media?parent=255542"}],"wp:term":[{"taxonomy":"category","embeddable":true,"href":"https:\/\/www.europesays.com\/es\/wp-json\/wp\/v2\/categories?post=255542"},{"taxonomy":"post_tag","embeddable":true,"href":"https:\/\/www.europesays.com\/es\/wp-json\/wp\/v2\/tags?post=255542"}],"curies":[{"name":"wp","href":"https:\/\/api.w.org\/{rel}","templated":true}]}}