{"id":255549,"date":"2025-11-25T19:31:09","date_gmt":"2025-11-25T19:31:09","guid":{"rendered":"https:\/\/www.europesays.com\/es\/255549\/"},"modified":"2025-11-25T19:31:09","modified_gmt":"2025-11-25T19:31:09","slug":"el-ts-rechaza-la-querella-de-ayuso-contra-belarra-por-hablar-de-gestion-homicida","status":"publish","type":"post","link":"https:\/\/www.europesays.com\/es\/255549\/","title":{"rendered":"El TS rechaza la querella de Ayuso contra Belarra por hablar de \u00abgesti\u00f3n homicida\u00bb"},"content":{"rendered":"<p>El <strong>Tribunal Supremo<\/strong> ha rechazado una querella de la presidenta de la Comunidad de Madrid, <strong>Isabel D\u00edaz Ayuso<\/strong>, contra la secretaria general del Podemos, <strong>Ione Belarra<\/strong>, por calumnias al referirse a la \u00ab<strong>gesti\u00f3n homicida<\/strong>\u00bb del Gobierno regional durante la pandemia. <\/p>\n<p> As\u00ed lo ha acordado el Alto Tribunal en un auto de este martes al que ha tenido acceso RTVE, en el que detallan la<strong> \u00abinadmisi\u00f3n a tr\u00e1mite\u00bb de la querella<\/strong> presentada por el letrado de la Comunidad de Madrid en representaci\u00f3n y defensa de Ayuso.<\/p>\n<p>La Sala Penal ha inadmitido esta querella por un delito de calumnias con publicidad por unas declaraciones de marzo de 2025 en las que la diputada de Podemos sostuvo que la mandataria auton\u00f3mica \u00ab<strong>deber\u00eda estar en la c\u00e1rcel por la gesti\u00f3n homicida que ha hecho de la pandemia<\/strong> y por todas esas personas que fallecieron de manera absolutamente evitable\u00bb. <\/p>\n<p>El escrito de acusaci\u00f3n destacaba que se \u00abatribuy\u00f3 a la querellante la <strong>muerte de un conjunto de ciudadanos<\/strong>\u00bb y que se emiti\u00f3 ante varios periodistas, por lo que adquiri\u00f3 una gran trascendencia p\u00fablica y \u00ab<strong>resulta constitutivo de un delito de calumnia<\/strong>\u00ab. <\/p>\n<p>Declaraciones amparadas en la libertad de expresi\u00f3n<\/p>\n<p>El Tribunal Supremo no aprecia delito en las manifestaciones que considera que est\u00e1n amparadas en la libertad de expresi\u00f3n. Las declaraciones de Belarra \u00ab<strong>constituyen una cr\u00edtica pol\u00edtica<\/strong> asentada en la convicci\u00f3n o inter\u00e9s pol\u00edtico de quien las hizo\u00bb con el prop\u00f3sito de \u00ab<strong>censurar la gesti\u00f3n<\/strong>\u00bb del Gobierno auton\u00f3mico que preside Isabel D\u00edaz Ayuso. <\/p>\n<p>Esta circunstancia \u00ab<strong>excluye la tipicidad de los hechos que la querella sustenta<\/strong>\u00bb porque la doctrina del Tribunal Constitucional ha proclamado que \u00abcomo consecuencia de los principios de libertad, tolerancia y pluralismo pol\u00edtico, la libertad de expresi\u00f3n no solo ampara la cr\u00edtica ordinaria, sino <strong>tambi\u00e9n la severa o exacerbada, particularmente en supuestos en los que se suscita e <\/strong>introduce en el debate pol\u00edtico de una sociedad democr\u00e1tica\u00bb, ha subrayado el Alto Tribunal en el auto. <\/p>\n<p>De hecho, la libertad de expresi\u00f3n \u00ab<strong>alcanza sus cuotas m\u00e1ximas de protecci\u00f3n<\/strong>\u00bb cuando se ejercita por una persona cuyo mandato emana de la soberan\u00eda popular, como es el caso de Belarra por ser diputada en el Congreso. <\/p>\n<p>M\u00e1s all\u00e1 de estar amparada en la libertad de expresi\u00f3n, Ione Belarra tambi\u00e9n \u00ab<strong>goza de inviolabilidad por las opiniones manifestadas en el ejercicio de sus funciones<\/strong>\u00bb al ser parlamentaria: \u00abSe trata de una prerrogativa reconocida ordinariamente en el derecho constitucional comparado y que representa una faceta esencial para el funcionamiento eficaz y libre de la actividad parlamentaria\u00bb.<\/p>\n","protected":false},"excerpt":{"rendered":"El Tribunal Supremo ha rechazado una querella de la presidenta de la Comunidad de Madrid, Isabel D\u00edaz Ayuso,&hellip;\n","protected":false},"author":2,"featured_media":255550,"comment_status":"","ping_status":"","sticky":false,"template":"","format":"standard","meta":{"footnotes":""},"categories":[8],"tags":[17,18,25,24,13,14,11,19,20,9,10,15,16,23,12,21,22],"class_list":{"0":"post-255549","1":"post","2":"type-post","3":"status-publish","4":"format-standard","5":"has-post-thumbnail","7":"category-espana","8":"tag-breaking-news","9":"tag-breakingnews","10":"tag-es","11":"tag-espana","12":"tag-featured-news","13":"tag-featurednews","14":"tag-headlines","15":"tag-latest-news","16":"tag-latestnews","17":"tag-news","18":"tag-noticias","19":"tag-noticias-destacadas","20":"tag-noticiasdestacadas","21":"tag-spain","22":"tag-titulares","23":"tag-ultimas-noticias","24":"tag-ultimasnoticias"},"share_on_mastodon":{"url":"https:\/\/pubeurope.com\/@es\/115612004477411944","error":""},"_links":{"self":[{"href":"https:\/\/www.europesays.com\/es\/wp-json\/wp\/v2\/posts\/255549","targetHints":{"allow":["GET"]}}],"collection":[{"href":"https:\/\/www.europesays.com\/es\/wp-json\/wp\/v2\/posts"}],"about":[{"href":"https:\/\/www.europesays.com\/es\/wp-json\/wp\/v2\/types\/post"}],"author":[{"embeddable":true,"href":"https:\/\/www.europesays.com\/es\/wp-json\/wp\/v2\/users\/2"}],"replies":[{"embeddable":true,"href":"https:\/\/www.europesays.com\/es\/wp-json\/wp\/v2\/comments?post=255549"}],"version-history":[{"count":0,"href":"https:\/\/www.europesays.com\/es\/wp-json\/wp\/v2\/posts\/255549\/revisions"}],"wp:featuredmedia":[{"embeddable":true,"href":"https:\/\/www.europesays.com\/es\/wp-json\/wp\/v2\/media\/255550"}],"wp:attachment":[{"href":"https:\/\/www.europesays.com\/es\/wp-json\/wp\/v2\/media?parent=255549"}],"wp:term":[{"taxonomy":"category","embeddable":true,"href":"https:\/\/www.europesays.com\/es\/wp-json\/wp\/v2\/categories?post=255549"},{"taxonomy":"post_tag","embeddable":true,"href":"https:\/\/www.europesays.com\/es\/wp-json\/wp\/v2\/tags?post=255549"}],"curies":[{"name":"wp","href":"https:\/\/api.w.org\/{rel}","templated":true}]}}