{"id":255551,"date":"2025-11-25T19:32:12","date_gmt":"2025-11-25T19:32:12","guid":{"rendered":"https:\/\/www.europesays.com\/es\/255551\/"},"modified":"2025-11-25T19:32:12","modified_gmt":"2025-11-25T19:32:12","slug":"el-ere-de-telefonica-supera-los-6-000-despidos-tras-concretarse-el-recorte-en-la-matriz-y-las-filiales-un-24-de-la-plantilla","status":"publish","type":"post","link":"https:\/\/www.europesays.com\/es\/255551\/","title":{"rendered":"El ERE de Telef\u00f3nica supera los 6.000 despidos tras concretarse el recorte en la matriz y las filiales, un 24% de la plantilla"},"content":{"rendered":"<p class=\"article-text\">\n        El mapa del ajuste laboral de Telef\u00f3nica ya est\u00e1 completo y su magnitud supera las previsiones iniciales. La direcci\u00f3n de la operadora ha planteado a los sindicatos la salida de un total de 6.088 trabajadores en el conjunto de las siete divisiones afectadas por el Expediente de Regulaci\u00f3n de Empleo (ERE). El cuadro se ha cerrado este martes tras la constituci\u00f3n de las \u00faltimas mesas de negociaci\u00f3n, que han desvelado un fuerte impacto en la matriz y las divisiones tecnol\u00f3gicas.\n    <\/p>\n<p>    <a href=\"https:\/\/www.eldiario.es\/economia\/trabajo-remite-carta-sepi-tacha-indecente-ere-telefonica_1_12794798.html\" data-mrf-recirculation=\"saber-mas\" data-dl-event=\"saber-mas\" rel=\"nofollow noopener\" target=\"_blank\"><\/p>\n<p class=\"know-more__title\">Trabajo remite una carta a la SEPI en la que tacha de \u00abindecente\u00bb el ERE de Telef\u00f3nica<\/p>\n<p>            <img decoding=\"async\" class=\"lazy\" loading=\"lazy\" data-src=\"https:\/\/static.eldiario.es\/clip\/034e1642-c858-4399-94f8-712f372af1b6_16-9-aspect-ratio_default_0.jpg\" src=\"data:image\/svg+xml,%3Csvg xmlns=\" http:=\"\" viewbox=\"0 0 880 495\" alt=\"Trabajo remite una carta a la SEPI en la que tacha de &quot;indecente&quot; el ERE de Telef\u00f3nica\"\/><\/p>\n<p>                        <\/a><\/p>\n<p class=\"article-text\">\n        <a href=\"https:\/\/www.eldiario.es\/tecnologia\/telefonica-plantea-sindicatos-ere-5-000-trabajadores-20-plantilla_1_12792479.html\" data-mrf-recirculation=\"links-noticia\" class=\"link\" rel=\"nofollow noopener\" target=\"_blank\">A los 5.337 despidos comunicados este lunes<\/a> para las principales divisiones de negocio, se han sumado hoy otras 751 salidas. Entre los recortes planteados hoy golpe es especialmente significativo en Telef\u00f3nica S.A., el centro corporativo del grupo, donde la empresa propone prescindir de 378 personas, lo que supone eliminar al 33% de una plantilla de 1.160 trabajadores.\n    <\/p>\n<p class=\"article-text\">\n        Los despidos comunicados este martes se extienden tambi\u00e9n a Telef\u00f3nica Innovaci\u00f3n Digital, con un recorte de 233 empleos (el 23% de la plantilla total), y en Telef\u00f3nica Global Solutions, la filial de negocios internacionales, donde el ajuste afectar\u00e1 a 140 empleados (un 22%).\n    <\/p>\n<p class=\"article-text\">\n        Con la incorporaci\u00f3n de estos \u00faltimos datos, la propuesta de despido colectivo alcanza un total de 6.088 trabajadores en todo el grupo. El grueso de la afectaci\u00f3n se concentra en las divisiones cuyo ajuste se comunic\u00f3 este lunes: Telef\u00f3nica de Espa\u00f1a (3.649 afectados), Telef\u00f3nica M\u00f3viles (1.124), Movistar+ (279) y Telef\u00f3nica Soluciones (267). El ERE propuesto alcanza finalmente al 24% de la plantilla de la teleco en Espa\u00f1a, que est\u00e1 en torno a 25.000 trabajadores.\n    <\/p>\n<p>    Negociaci\u00f3n conjunta<\/p>\n<p class=\"article-text\">\n        La informaci\u00f3n sobre el alcance real del despido colectivo ha llegado con cuentagotas debido a la decisi\u00f3n de abordar el ERE mediante negociaciones individuales en cada divisi\u00f3n, en lugar de un proceso unitario. Esto implica mesas de di\u00e1logo separadas y el riesgo de que las condiciones de salida difieran entre departamentos.\n    <\/p>\n<p class=\"article-text\">\n        UGT y CCOO (sindicatos mayoritarios junto a Sumados-Fetico) han mostrado su rechazo frontal a este planteamiento. En un comunicado conjunto, han se\u00f1alado que \u201cno comparten ni consideran justificada\u201d la necesidad de recurrir a despidos colectivos y defienden que existen alternativas organizativas viables.\n    <\/p>\n<p class=\"article-text\">\n        Ante la estrategia de la empresa de fragmentar el proceso en siete mesas diferentes, los representantes de los trabajadores advierten de que no aceptar\u00e1n acuerdos parciales y que tanto los ERE como la negociaci\u00f3n de los convenios colectivos deben avanzar de forma coordinada y cerrarse a la vez en todas las empresas del grupo. El objetivo es blindar la \u201cunidad de plantilla\u201d y evitar que se pacten condiciones peores en las filiales con menos fuerza sindical.\n    <\/p>\n<p>    La batalla por la rebaja de cifras<\/p>\n<p class=\"article-text\">\n        Fuentes sindicales asumen que las cifras presentadas esta semana son una propuesta de m\u00e1ximos que se ver\u00e1 rebajada durante el proceso de negociaci\u00f3n de 30 d\u00edas que acaba de arrancar. Existe un precedente inmediato: en el ERE de principios de 2024, la negociaci\u00f3n logr\u00f3 reducir la afectaci\u00f3n inicial en un 33%, pasando de una propuesta de 5.124 salidas a las <a href=\"https:\/\/www.eldiario.es\/economia\/telefonica-afronta-nuevo-recorte-miles-empleos-reducir-plantilla-tercio-decadas_1_10734416.html\" data-mrf-recirculation=\"links-noticia\" class=\"link\" rel=\"nofollow noopener\" target=\"_blank\">3.421 finales<\/a>.\n    <\/p>\n<p class=\"article-text\">\n        La l\u00ednea roja para los representantes de los trabajadores sigue siendo la voluntariedad. \u201cNosotros queremos que sea voluntario, universal, que conecte con la jubilaci\u00f3n y que tenga mejoras respecto al anterior ERE\u201d, explica V\u00edctor Manuel Pascual, secretario general de CCOO en el grupo. Aquel acuerdo previo tuvo un coste para la empresa de 1.300 millones de euros y garantiz\u00f3 a los mayores de 56 a\u00f1os el 68% de su salario regulador hasta los 63 a\u00f1os, manteniendo cotizaciones y seguro m\u00e9dico.\n    <\/p>\n<p class=\"article-text\">\n        Este nuevo ajuste responde a la estrategia de \u201ceficiencia\u201d del plan estrat\u00e9gico del presidente Marc Murtra, que busca liberar 3.000 millones de euros para 2030, reducir la deuda de m\u00e1s de 28.000 millones y financiar el giro <a href=\"https:\/\/www.eldiario.es\/economia\/telefonica-afronta-nuevo-recorte-miles-empleos-reducir-plantilla-tercio-decadas_1_10734416.html\" data-mrf-recirculation=\"links-noticia\" class=\"link\" rel=\"nofollow noopener\" target=\"_blank\">hacia la IA y la ciberseguridad<\/a>.\n    <\/p>\n<p class=\"article-text\">\n        Sin embargo, la maniobra tiene una lectura pol\u00edtic: es el primer gran ERE que se ejecuta con la Sociedad Estatal de Participaciones Industriales (SEPI) sentada en el consejo de administraci\u00f3n con un 10% del capital. Aunque el ministro \u00d3scar L\u00f3pez ha insistido en que \u201clo que ocurra tiene que ser siempre con acuerdo de los sindicatos\u201d, el proceso arranca con un fuerte rechazo por parte del Ministerio de Trabajo. La vicepresidenta segunda, Yolanda D\u00edaz, ha calificado este martes de <a href=\"https:\/\/www.eldiario.es\/economia\/trabajo-remite-carta-sepi-tacha-indecente-ere-telefonica_1_12794798.html\" data-mrf-recirculation=\"links-noticia\" class=\"link\" rel=\"nofollow noopener\" target=\"_blank\">\u201cindecente\u201d<\/a> que una empresa con beneficios y participaci\u00f3n p\u00fablica plantee este tipo de recorte.\n    <\/p>\n<p class=\"article-text\">\n        D\u00edaz ha confirmado el env\u00edo de una carta a la SEPI exigiendo explicaciones y ha advertido de que \u201cel dinero p\u00fablico no est\u00e1 para despedir a nadie\u201d. Por su parte, el holding p\u00fablico ha tratado de rebajar la tensi\u00f3n pol\u00edtica asegurando que su exigencia en el consejo de administraci\u00f3n es que cualquier medida laboral sea \u201cfruto de la negociaci\u00f3n y el acuerdo\u201d con los sindicatos.\n    <\/p>\n<p class=\"article-text\">\n        &#8212;\n    <\/p>\n<p>    <a href=\"https:\/\/www.eldiario.es\/tecnologia\/telefonica-plantea-sindicatos-ere-5-000-trabajadores-20-plantilla_1_12792479.html\" data-mrf-recirculation=\"saber-mas-abajo\" data-dl-event=\"saber-mas-abajo\" rel=\"nofollow noopener\" target=\"_blank\"><\/p>\n<p class=\"know-more__title\">Las divisiones del grupo en Espa\u00f1a, las m\u00e1s afectadas por el recorte<\/p>\n<p>            <img decoding=\"async\" class=\"lazy\" loading=\"lazy\" data-src=\"https:\/\/static.eldiario.es\/clip\/ea5968a2-2b39-4791-b0b2-b9ebfc92a6aa_16-9-aspect-ratio_default_0.jpg\" src=\"data:image\/svg+xml,%3Csvg xmlns=\" http:=\"\" viewbox=\"0 0 880 495\" alt=\"Telef\u00f3nica plantea a los sindicatos un ERE para 5.319 trabajadores, m\u00e1s del 20% de la plantilla\"\/><\/p>\n<p>                        <\/a><\/p>\n<p class=\"article-text\">\n        Esta informaci\u00f3n se ha ido actualizando a lo largo de este martes, conforme Telef\u00f3nica ha comunicado los despidos previstos en cada una de las filiales afectadas.\n    <\/p>\n","protected":false},"excerpt":{"rendered":"El mapa del ajuste laboral de Telef\u00f3nica ya est\u00e1 completo y su magnitud supera las previsiones iniciales. La&hellip;\n","protected":false},"author":2,"featured_media":255552,"comment_status":"","ping_status":"","sticky":false,"template":"","format":"standard","meta":{"footnotes":""},"categories":[5],"tags":[36741,64300,1153,4179,17,18,20356,18277,25,24,13,14,54929,11,19,20,23433,9,10,15,16,23,4991,1826,12,1627,21,22],"class_list":{"0":"post-255551","1":"post","2":"type-post","3":"status-publish","4":"format-standard","5":"has-post-thumbnail","7":"category-titulares","8":"tag-36741","9":"tag-64300","10":"tag-1153","11":"tag-afectados","12":"tag-breaking-news","13":"tag-breakingnews","14":"tag-despidos","15":"tag-erte","16":"tag-es","17":"tag-espana","18":"tag-featured-news","19":"tag-featurednews","20":"tag-filiales","21":"tag-headlines","22":"tag-latest-news","23":"tag-latestnews","24":"tag-llegando","25":"tag-news","26":"tag-noticias","27":"tag-noticias-destacadas","28":"tag-noticiasdestacadas","29":"tag-spain","30":"tag-suma","31":"tag-telefonica","32":"tag-titulares","33":"tag-total","34":"tag-ultimas-noticias","35":"tag-ultimasnoticias"},"share_on_mastodon":{"url":"https:\/\/pubeurope.com\/@es\/115612007971223014","error":""},"_links":{"self":[{"href":"https:\/\/www.europesays.com\/es\/wp-json\/wp\/v2\/posts\/255551","targetHints":{"allow":["GET"]}}],"collection":[{"href":"https:\/\/www.europesays.com\/es\/wp-json\/wp\/v2\/posts"}],"about":[{"href":"https:\/\/www.europesays.com\/es\/wp-json\/wp\/v2\/types\/post"}],"author":[{"embeddable":true,"href":"https:\/\/www.europesays.com\/es\/wp-json\/wp\/v2\/users\/2"}],"replies":[{"embeddable":true,"href":"https:\/\/www.europesays.com\/es\/wp-json\/wp\/v2\/comments?post=255551"}],"version-history":[{"count":0,"href":"https:\/\/www.europesays.com\/es\/wp-json\/wp\/v2\/posts\/255551\/revisions"}],"wp:featuredmedia":[{"embeddable":true,"href":"https:\/\/www.europesays.com\/es\/wp-json\/wp\/v2\/media\/255552"}],"wp:attachment":[{"href":"https:\/\/www.europesays.com\/es\/wp-json\/wp\/v2\/media?parent=255551"}],"wp:term":[{"taxonomy":"category","embeddable":true,"href":"https:\/\/www.europesays.com\/es\/wp-json\/wp\/v2\/categories?post=255551"},{"taxonomy":"post_tag","embeddable":true,"href":"https:\/\/www.europesays.com\/es\/wp-json\/wp\/v2\/tags?post=255551"}],"curies":[{"name":"wp","href":"https:\/\/api.w.org\/{rel}","templated":true}]}}