{"id":255555,"date":"2025-11-25T19:37:13","date_gmt":"2025-11-25T19:37:13","guid":{"rendered":"https:\/\/www.europesays.com\/es\/255555\/"},"modified":"2025-11-25T19:37:13","modified_gmt":"2025-11-25T19:37:13","slug":"nadal-abre-la-puerta-a-la-presidencia-de-real-madrid-por-que-no","status":"publish","type":"post","link":"https:\/\/www.europesays.com\/es\/255555\/","title":{"rendered":"Nadal abre la puerta a la presidencia de Real Madrid: \u00ab\u00bfPor qu\u00e9 no?\u00bb"},"content":{"rendered":"<p>25  de  nov, 2025, 06:57 ETEl hist\u00f3rico extenista habl\u00f3 con Jorge Valdano y consider\u00f3 que ser\u00eda \u00abun reto bonito, motivacional y excitante\u00bb.<\/p>\n<p><strong><a href=\"https:\/\/espndeportes.espn.com\/tenis\/jugador\/_\/id\/261\/rafael-nadal\" target=\"_blank\" rel=\"nofollow noopener\">Rafael Nadal<\/a><\/strong>, la gran leyenda del tenis espa\u00f1ol y fiel seguidor de <strong><a href=\"https:\/\/espndeportes.espn.com\/futbol\/equipo\/_\/id\/86\/real-madrid\" target=\"_blank\" rel=\"nofollow noopener\">Real Madrid<\/a><\/strong>, confiesa que <strong>no descarta llegar a la presidencia<\/strong> del club blanco: \u201cA nivel conceptual, <strong>si me dicen si me gustar\u00eda, contesto: \u2018pues s\u00ed, \u00bfpor qu\u00e9 no?<\/strong>\u2019\u201d.<\/p>\n<p>Nadal, que <strong>se retir\u00f3 de manera oficial del tenis<\/strong> <a href=\"https:\/\/espndeportes.espn.com\/tenis\/nota\/_\/id\/16003155\/el-record-mas-importante-que-tengo-la-confesion-de-rafael-nadal-a-un-ano-del-retiro\" target=\"_blank\" rel=\"nofollow noopener\">hace un a\u00f1o<\/a>, trat\u00f3 la actualidad Merengue en una entrevista con <strong>Jorge Valdano<\/strong>.<\/p>\n<p>El deportista de Manacor siempre ha sido relacionado con la posibilidad de ser presidente del club en un futuro. Y no descarta esa opci\u00f3n: \u00abMe lo preguntan habitualmente y respondo lo mismo:<strong> ahora no le conviene al club, porque tienen al mejor<\/strong>. No s\u00e9 lo que me deparar\u00e1 el futuro. <strong>Ser\u00eda un reto bonito, motivacional y excitante para m\u00ed<\/strong>\u201d.<\/p>\n<p>\u201c<strong>Despu\u00e9s tendr\u00eda que ver c\u00f3mo tiene que ser mi vida para llegar a eso. Qu\u00e9 tendr\u00eda que sacrificar<\/strong>. Soy socio de honor desde hace bastantes a\u00f1os. Repito, me gustar\u00eda. \u00bfEso significa que alg\u00fan d\u00eda me plantear\u00eda ser presidente o no? <strong>Lo veo lejano y dif\u00edcil, pero nunca se sabe<\/strong>\u00ab, comenta Nadal.<\/p>\n<p>Selecciones Editoriales<\/p>\n<p>2 Relacionado<\/p>\n<p>Florentino quiere seguir<\/p>\n<p><strong>Florentino P\u00e9rez<\/strong> reafirm\u00f3 en la Asamblea de Real Madrid del pasado domingo <strong>su intenci\u00f3n de continuar como m\u00e1ximo mandatario<\/strong> de Real Madrid, desmintiendo los rumores que apuntaban a su salida pr\u00f3ximamente.<\/p>\n<p>Para poder ser presidente de la instituci\u00f3n, la entidad blanca plantea esta serie de requisitos: ser espa\u00f1ol, ser mayor de edad y con capacidad de obra, hallarse al corriente en el pago de las cuotas, <strong>ser socio de Real Madrid con una antig\u00fcedad de al menos 20 a\u00f1os interrumpidos<\/strong>, no estar sujeto a sanci\u00f3n que inhabilite para desempe\u00f1as cargos directivos, no poseer ning\u00fan otro cargo en el f\u00fatbol y <strong>aportar un aval bancario del 15% del presupuesto del club respaldado con el patrimonio personal<\/strong>.<\/p>\n","protected":false},"excerpt":{"rendered":"25 de nov, 2025, 06:57 ETEl hist\u00f3rico extenista habl\u00f3 con Jorge Valdano y consider\u00f3 que ser\u00eda \u00abun reto&hellip;\n","protected":false},"author":2,"featured_media":255556,"comment_status":"","ping_status":"","sticky":false,"template":"","format":"standard","meta":{"footnotes":""},"categories":[274],"tags":[168,25,24,23,167,327,326],"class_list":{"0":"post-255555","1":"post","2":"type-post","3":"status-publish","4":"format-standard","5":"has-post-thumbnail","7":"category-tenis","8":"tag-deportes","9":"tag-es","10":"tag-espana","11":"tag-spain","12":"tag-sports","13":"tag-tenis","14":"tag-tennis"},"share_on_mastodon":{"url":"https:\/\/pubeurope.com\/@es\/115612028299826036","error":""},"_links":{"self":[{"href":"https:\/\/www.europesays.com\/es\/wp-json\/wp\/v2\/posts\/255555","targetHints":{"allow":["GET"]}}],"collection":[{"href":"https:\/\/www.europesays.com\/es\/wp-json\/wp\/v2\/posts"}],"about":[{"href":"https:\/\/www.europesays.com\/es\/wp-json\/wp\/v2\/types\/post"}],"author":[{"embeddable":true,"href":"https:\/\/www.europesays.com\/es\/wp-json\/wp\/v2\/users\/2"}],"replies":[{"embeddable":true,"href":"https:\/\/www.europesays.com\/es\/wp-json\/wp\/v2\/comments?post=255555"}],"version-history":[{"count":0,"href":"https:\/\/www.europesays.com\/es\/wp-json\/wp\/v2\/posts\/255555\/revisions"}],"wp:featuredmedia":[{"embeddable":true,"href":"https:\/\/www.europesays.com\/es\/wp-json\/wp\/v2\/media\/255556"}],"wp:attachment":[{"href":"https:\/\/www.europesays.com\/es\/wp-json\/wp\/v2\/media?parent=255555"}],"wp:term":[{"taxonomy":"category","embeddable":true,"href":"https:\/\/www.europesays.com\/es\/wp-json\/wp\/v2\/categories?post=255555"},{"taxonomy":"post_tag","embeddable":true,"href":"https:\/\/www.europesays.com\/es\/wp-json\/wp\/v2\/tags?post=255555"}],"curies":[{"name":"wp","href":"https:\/\/api.w.org\/{rel}","templated":true}]}}