{"id":255557,"date":"2025-11-25T19:38:06","date_gmt":"2025-11-25T19:38:06","guid":{"rendered":"https:\/\/www.europesays.com\/es\/255557\/"},"modified":"2025-11-25T19:38:06","modified_gmt":"2025-11-25T19:38:06","slug":"los-calendarios-que-preparan-tadej-pogacar-jonas-vingegaard-y-remco-evenepoel-que-grandes-vueltas-y-monumentos-van-a-correr-en-2026","status":"publish","type":"post","link":"https:\/\/www.europesays.com\/es\/255557\/","title":{"rendered":"Los calendarios que preparan Tadej Pogacar, Jonas Vingegaard y Remco Evenepoel: \u00bfQu\u00e9 Grandes Vueltas y Monumentos van a correr en 2026?"},"content":{"rendered":"<p class=\"typo-tk-rs-caption-xs\">El mejor deportista de 2025: Todas las victorias de Tadej Pogacar que viste este a\u00f1o en Eurosport<\/p>\n<p class=\"typo-tk-rs-caption-xs\">Autor del v\u00eddeo: Eurosport<\/p>\n<p>Con la temporada de ciclismo cerrada y sin competici\u00f3n, el gran foco al que miran los aficionados son <b data-testid=\"body-text-bold\">los calendarios de los grandes ciclistas del pelot\u00f3n para el pr\u00f3ximo 2026<\/b>, que comenzar\u00e1 de forma oficial con el Tour Down Under, en Australia, del 21 al 26 de enero. <\/p>\n<p><b data-testid=\"body-text-bold\">\u00bfCu\u00e1les ser\u00e1n las aspiraciones y los objetivos para el siguiente a\u00f1o? \u00bfQu\u00e9 Grandes Vueltas, Monumentos y otras carreras disputar\u00e1n?<\/b> Son interrogantes que todav\u00eda est\u00e1n por resolver. Aunque <b data-testid=\"body-text-bold\">Tadej Pogacar, Jonas Vingegaard y Remco Evenpoel<\/b>, los tres mejores vuelt\u00f3manos del pelot\u00f3n, ya han dado alguna que otra pista.<\/p>\n<p>POGACAR: TOUR, MUNDIAL Y LOS CINCO MONUMENTOSEl doble campe\u00f3n del mundo viene de firmar un par de temporadas para la historia. Y no hay dos sin tres. Su gran objetivo ser\u00e1 el <b data-testid=\"body-text-bold\">Tour de Francia<\/b> -donde opta a entrar en el Olimpo con su quinto t\u00edtulo-, tal y como afirm\u00f3 <b data-testid=\"body-text-bold\">Joxean Fern\u00e1ndez Matxin<\/b> a <a class=\"typo-tk-rs-body-md focus-visible:text-focused-text-fill-01 focus-visible:bg-focused-surface-fill-01 hover:underline focus-visible:outline-none text-content-block-default-text-fill-04 hover:text-content-block-default-text-fill-01 active:text-content-block-default-text-fill-03\" target=\"_self\" href=\"https:\/\/espanol.eurosport.com\/ciclismo\/tour-de-francia\/2025\/entrevista-joxean-fernandez-matxin-principal-objetivo-2026-tadej-pogacar-calendario-vuelta-a-espana-quinto-tour-merckx-indurain-anquetil-hinault-hoy_sto23232915\/story.shtml\" data-testid=\"body-hyper-link\" rel=\"nofollow noopener\">Eurosport<\/a> y confirm\u00f3 el propio ciclista a <a class=\"typo-tk-rs-body-md focus-visible:text-focused-text-fill-01 focus-visible:bg-focused-surface-fill-01 hover:underline focus-visible:outline-none text-content-block-default-text-fill-04 hover:text-content-block-default-text-fill-01 active:text-content-block-default-text-fill-03\" target=\"_self\" href=\"https:\/\/espanol.eurosport.com\/ciclismo\/tadej-pogacar-entrevista-grandes-objetivos-2026-tour-de-francia-milan-san-remo-paris-roubaix-hoy_sto23242698\/story.shtml\" data-testid=\"body-hyper-link\" rel=\"nofollow noopener\">MARCA<\/a>.<\/p>\n<blockquote class=\"wrapping-break-word typo-tk-rs-display-sm flex-auto text-content-block-default-text-fill-01\"><p>El Tour es la carrera m\u00e1s grande de todas.<\/p><\/blockquote>\n<p>Adem\u00e1s, Pogacar prepara un calendario muy similar al de 2025, aunque quiz\u00e1 algo m\u00e1s reducido respecto a los 50 d\u00edas de competici\u00f3n que tuvo esta temporada. El esloveno correr\u00e1 <b data-testid=\"body-text-bold\">los cinco Monumentos<\/b>, centrando sus principales metas en <b data-testid=\"body-text-bold\">Mil\u00e1n-San Remo y Par\u00eds-Roubaix<\/b>, los dos que todav\u00eda no ha ganado.<\/p>\n<blockquote class=\"wrapping-break-word typo-tk-rs-display-sm flex-auto text-content-block-default-text-fill-01\"><p>San Remo y Roubaix son dos carreras por las que estoy muy motivado por intentar de nuevo y luchar por la victoria.<\/p><\/blockquote>\n<p>Por \u00faltimo, Tadej buscar\u00e1 su tercer arco\u00edris consecutivo en el <b data-testid=\"body-text-bold\">Mundial de Montreal<\/b>, el cual preparar\u00e1 en las<b data-testid=\"body-text-bold\"> cl\u00e1sicas de Canad\u00e1<\/b> que se disputan dos semanas antes. Como tambi\u00e9n apunta a estar en el <b data-testid=\"body-text-bold\">Europeo<\/b> que se disputa en Eslovenia. Por lo tanto, <b data-testid=\"body-text-bold\">su presencia en la Vuelta a Espa\u00f1a parece de nuevo descartada.<\/b><\/p>\n<p>A diferencia de 2025, en el que debut\u00f3 en el UAE Tour, su estreno el pr\u00f3ximo a\u00f1o ser\u00eda en la <b data-testid=\"body-text-bold\">Strade Bianche,<\/b> el 8 de marzo, tal y como hizo en 2024. Est\u00e1n por decidirse las pruebas que completar\u00e1n su programa, que podr\u00eda incluir el <b data-testid=\"body-text-bold\">tr\u00edptico de las Ardenas<\/b>,<b data-testid=\"body-text-bold\"> E3<\/b> y alguna vuelta por etapas como <b data-testid=\"body-text-bold\">Dauphin\u00e9 <\/b>o el <b data-testid=\"body-text-bold\">Tour de Suiza<\/b>, donde todav\u00eda no ha participado.<\/p>\n<p><img decoding=\"async\" class=\"text-transparent h-full w-full object-cover\" src=\"https:\/\/www.europesays.com\/es\/wp-content\/uploads\/2025\/10\/image-a8618e52-e5c7-454c-bdba-7c33ab3f4d19-85-2560-1440.jpeg\" alt=\"picture\" data-testid=\"image-high-res\"\/><\/p>\n<p class=\"typo-tk-rs-caption-xs\">Las cinco victorias consecutivas de Pogacar en Lombard\u00eda que viviste en Eurosport<\/p>\n<p class=\"typo-tk-rs-caption-xs\">Autor del v\u00eddeo: Eurosport<\/p>\n<p>VINGEGAARD: GANAR LAS TRES GRANDES VUELTAS<\/p>\n<p>La gran aspiraci\u00f3n del dan\u00e9s este a\u00f1o, tras ganar recientemente la Vuelta a Espa\u00f1a, es unirse al selecto grupo de <b data-testid=\"body-text-bold\">campeones de las tres Grandes Vueltas<\/b>. Para ello, a falta de confirmaci\u00f3n oficial, acudir\u00e1 al <b data-testid=\"body-text-bold\">Giro de Italia<\/b> como gran favorito a conquistar la Maglia Rosa.<\/p>\n<blockquote class=\"wrapping-break-word typo-tk-rs-display-sm flex-auto text-content-block-default-text-fill-01\"><p>\u00bfGanar las tres Grandes Vueltas o ganar el Tour en 2026? Creo que preferir\u00eda ganar las tres Grandes. Me queda el Giro&#8230;<\/p><\/blockquote>\n<p>Ir al Giro no comprometer\u00e1 su presencia en el <b data-testid=\"body-text-bold\">Tour de Francia<\/b>, el cual seguir\u00e1 siendo uno de los principales objetivos para el <b data-testid=\"body-text-bold\">Visma-Lease a Bike<\/b>, aunque s\u00ed podr\u00eda condicionar su estado de forma para medirse a Tadej Pogacar. \u00bfPodr\u00e1 el dan\u00e9s recuperar alg\u00fan d\u00eda el trono perdido hace dos temporadas?<\/p>\n<p>El resto de calendario es una inc\u00f3gnita. Visto lo visto en a\u00f1os anteriores, una opci\u00f3n es que debute en la<b data-testid=\"body-text-bold\"> Volta al Algarve<\/b> y luego haga carreras como <b data-testid=\"body-text-bold\">Par\u00eds-Niza <\/b>o<b data-testid=\"body-text-bold\"> Tirreno-Adri\u00e1tico<\/b>. Como preparaci\u00f3n al Giro, tambi\u00e9n podr\u00eda decantarse por la<b data-testid=\"body-text-bold\"> Volta a Catalunya<\/b> -carrera que iba a disputar este a\u00f1o- o <b data-testid=\"body-text-bold\">Itzulia<\/b>.<\/p>\n<blockquote class=\"wrapping-break-word typo-tk-rs-display-sm flex-auto text-content-block-default-text-fill-01\"><p>El Mundial me gustar\u00eda, pero depende del calendario que haga. Quiero prepararlo correctamente.<\/p><\/blockquote>\n<p>Y la pregunta del mill\u00f3n: \u00bfDisputar\u00e1 Vingegaard al fin carreras de un d\u00eda? El dan\u00e9s fracas\u00f3 en los \u00faltimos Campeonatos de Europa, aunque bien es cierto que su preparaci\u00f3n no fue la id\u00f3nea al venir de La Vuelta. El doblete Giro-Tour le podr\u00eda abrir las puertas a un final de temporada con <b data-testid=\"body-text-bold\">Mundial, Europeo y cl\u00e1sicas italianas<\/b>.<\/p>\n<p><img decoding=\"async\" class=\"text-transparent h-full w-full object-cover\" src=\"https:\/\/www.europesays.com\/es\/wp-content\/uploads\/2025\/10\/image-0013380c-c78d-4693-8eb6-5f6fbd380fa9-85-2560-1440.jpeg\" alt=\"picture\" data-testid=\"image-high-res\"\/><\/p>\n<p class=\"typo-tk-rs-caption-xs\">La conquista de Vingegaard a La Vuelta: Tres etapas, un susto en Italia y un broche a lo campe\u00f3n<\/p>\n<p class=\"typo-tk-rs-caption-xs\">Autor del v\u00eddeo: Eurosport<\/p>\n<p>EVENEPOEL: TOUR Y DOS PLANES A ELEGIR<\/p>\n<p>El nuevo corredor de Red Bull-BORA-Hansgrohe ha sido muy claro respecto a su pr\u00f3ximo a\u00f1o, el cual afrontar\u00e1 con <b data-testid=\"body-text-bold\">dos planes alternativos<\/b>. En ambos, hay un denominador com\u00fan: el <b data-testid=\"body-text-bold\">Tour de Francia<\/b>, pese a que el recorrido solo tendr\u00e1 26 kil\u00f3metros de contrarreloj y no favorecer\u00e1 al m\u00e1ximo sus caracter\u00edsticas.<\/p>\n<blockquote class=\"wrapping-break-word typo-tk-rs-display-sm flex-auto text-content-block-default-text-fill-01\"><p>El Plan A incluye una campa\u00f1a de cl\u00e1sicas y el Plan B, el Giro.<\/p><\/blockquote>\n<p>El primer plan incluye un programa muy completo de <b data-testid=\"body-text-bold\">cl\u00e1sicas de primavera<\/b>, en la que se destacan su debut en <b data-testid=\"body-text-bold\">Mil\u00e1n-San Remo y Tour de Flandes.<\/b> El segundo, se centra en el <b data-testid=\"body-text-bold\">doblete Giro-Tour<\/b>, aunque de igual manera podr\u00eda correr los dos primeros Monumentos de la temporada.<\/p>\n<p>La decisi\u00f3n entre ambos programas ser\u00e1 tomada en base al <b data-testid=\"body-text-bold\">recorrido del Giro de Italia<\/b>, que se anuncia el pr\u00f3ximo 1 de diciembre. Tambi\u00e9n est\u00e1 por conocerse la fecha de su debut, ya que Red Bull deber\u00e1 compaginar las aspiraciones del doble campe\u00f3n ol\u00edmpico con otros corredores como <b data-testid=\"body-text-bold\">Primoz Roglic o Florian Lipowitz<\/b>. <\/p>\n<blockquote class=\"wrapping-break-word typo-tk-rs-display-sm flex-auto text-content-block-default-text-fill-01\"><p>Quiero estar en mi mejor forma en los Mundiales.<\/p><\/blockquote>\n<p>Para el final de temporada, Evenepoel asegur\u00f3 que se preparar\u00e1 a conciencia para los <b data-testid=\"body-text-bold\">Mundiales de Montreal. <\/b>Al igual que Pogacar, descansar\u00e1 tras el Tour, descartar\u00e1 La Vuelta y acudir\u00e1 a los <b data-testid=\"body-text-bold\">Grandes Premios de Quebec y Montreal.<\/b> Y muy posiblemente cerrar\u00e1 de nuevo el curso en <b data-testid=\"body-text-bold\">Il Lombardia.<\/b><\/p>\n<p><img decoding=\"async\" class=\"text-transparent h-full w-full object-cover\" src=\"https:\/\/www.europesays.com\/es\/wp-content\/uploads\/2025\/11\/image-554358c0-cc93-478b-bc1e-c989ab7860ce-85-2560-1440.jpeg\" alt=\"picture\" data-testid=\"image-high-res\"\/><\/p>\n<p class=\"typo-tk-rs-caption-xs\">Final Europeo CRI: Remco Evenepoel es campe\u00f3n de todo contra el crono<\/p>\n<p class=\"typo-tk-rs-caption-xs\">Autor del v\u00eddeo: Eurosport<\/p>\n","protected":false},"excerpt":{"rendered":"El mejor deportista de 2025: Todas las victorias de Tadej Pogacar que viste este a\u00f1o en Eurosport Autor&hellip;\n","protected":false},"author":2,"featured_media":255558,"comment_status":"","ping_status":"","sticky":false,"template":"","format":"standard","meta":{"footnotes":""},"categories":[273],"tags":[313,312,168,25,24,23,167],"class_list":{"0":"post-255557","1":"post","2":"type-post","3":"status-publish","4":"format-standard","5":"has-post-thumbnail","7":"category-ciclismo","8":"tag-ciclismo","9":"tag-cycling","10":"tag-deportes","11":"tag-es","12":"tag-espana","13":"tag-spain","14":"tag-sports"},"share_on_mastodon":{"url":"https:\/\/pubeurope.com\/@es\/115612032154551942","error":""},"_links":{"self":[{"href":"https:\/\/www.europesays.com\/es\/wp-json\/wp\/v2\/posts\/255557","targetHints":{"allow":["GET"]}}],"collection":[{"href":"https:\/\/www.europesays.com\/es\/wp-json\/wp\/v2\/posts"}],"about":[{"href":"https:\/\/www.europesays.com\/es\/wp-json\/wp\/v2\/types\/post"}],"author":[{"embeddable":true,"href":"https:\/\/www.europesays.com\/es\/wp-json\/wp\/v2\/users\/2"}],"replies":[{"embeddable":true,"href":"https:\/\/www.europesays.com\/es\/wp-json\/wp\/v2\/comments?post=255557"}],"version-history":[{"count":0,"href":"https:\/\/www.europesays.com\/es\/wp-json\/wp\/v2\/posts\/255557\/revisions"}],"wp:featuredmedia":[{"embeddable":true,"href":"https:\/\/www.europesays.com\/es\/wp-json\/wp\/v2\/media\/255558"}],"wp:attachment":[{"href":"https:\/\/www.europesays.com\/es\/wp-json\/wp\/v2\/media?parent=255557"}],"wp:term":[{"taxonomy":"category","embeddable":true,"href":"https:\/\/www.europesays.com\/es\/wp-json\/wp\/v2\/categories?post=255557"},{"taxonomy":"post_tag","embeddable":true,"href":"https:\/\/www.europesays.com\/es\/wp-json\/wp\/v2\/tags?post=255557"}],"curies":[{"name":"wp","href":"https:\/\/api.w.org\/{rel}","templated":true}]}}