{"id":255560,"date":"2025-11-25T19:41:12","date_gmt":"2025-11-25T19:41:12","guid":{"rendered":"https:\/\/www.europesays.com\/es\/255560\/"},"modified":"2025-11-25T19:41:12","modified_gmt":"2025-11-25T19:41:12","slug":"laliga-denuncia-insultos-a-nico-williams-y-sancet-en-el-spotify-camp-nou","status":"publish","type":"post","link":"https:\/\/www.europesays.com\/es\/255560\/","title":{"rendered":"LaLiga denuncia insultos a Nico Williams y Sancet en el Spotify Camp Nou"},"content":{"rendered":"<p class=\"ft-text\"><strong>Ya sucedi\u00f3 el curso pasado en Montju\u00efc y se repiti\u00f3 el pasado s\u00e1bado<\/strong>. Los aficionados del <a class=\"ft-link ft-link--decoration\" href=\"https:\/\/www.sport.es\/es\/noticias\/barca\/tarde-hostil-nico-williams-nico-124012927\" rel=\"nofollow noopener\" target=\"_blank\"><strong>Spotify Camp Nou la tomaron con Nico Williams<\/strong><\/a>, silb\u00e1ndole y abuche\u00e1ndole cada vez que entraba en contacto con el bal\u00f3n. El encuentro del extremo izquierdo navarro, <strong>pretendido por los cul\u00e9s los dos anteriores veranos, fue para olvidar, con apenas una acci\u00f3n que incomod\u00f3 a Joan Garcia<\/strong> en un remate que se perdi\u00f3 lejos de su objetivo.<\/p>\n<p class=\"ft-text\"><strong>LaLiga, como cada semana, remiti\u00f3 un escrito al Comit\u00e9 de Disciplina de la RFEF y a la Comisi\u00f3n Antiviolencia<\/strong> con las incidencias m\u00e1s destacadas de cada jornada y, entre ellas, se <strong>recogen algunos insultos proferidos a los jugadores del Athletic Club, Nico Willimas y Oihan Sancet, por parte de la afici\u00f3n azulgrana.<\/strong><\/p>\n<p><img decoding=\"async\" src=\"https:\/\/www.europesays.com\/es\/wp-content\/uploads\/2025\/11\/5115eae3-218a-4756-b4a7-5e440db05f59_alta-libre-aspect-ratio_default_0.jpg\" width=\"1200\" height=\"800\" alt=\"Nico Williams, en el partido ante el Bar\u00e7a\" class=\"ft-helper-img-rd\" loading=\"lazy\"\/><\/p>\n<p class=\"ft-helper-fontColor-quaternary ft-helper-fontSize-body-S ft-helper-spacer-t-xxs\">Nico Williams, en el partido ante el Bar\u00e7a  \/ Siu Wu \/ EFE<\/p>\n<p class=\"ft-text\"><strong>La patronal presidida por Javier Tebas censur\u00f3 c\u00e1nticos de \u00abp\u00edsalo, p\u00edsalo\u00bb contra Nico Williams<\/strong> durante una acci\u00f3n del encuentro en la que el futbolista de Pamplona se encontraba en el suelo. Asimismo, <strong>el acta recogida por LaLiga comunica leves insultos a Sancet de \u00abtonto, tonto\u00bb, tras ser expulsado por una dur\u00edsima entrada sobre Ferm\u00edn<\/strong> cuando el partido estaba ya 3-0.<\/p>\n<p>M\u00e1s denuncias<\/p>\n<p class=\"ft-text\">En el escrito dirigido por LaLiga se censuran tambi\u00e9n incidencias durante el<strong> Osasuna-Real Sociedad, donde se cant\u00f3 en algunas fases del partido: \u00abEspa\u00f1a es una mierda, el rey es un fascista y todos sus vasallos son unos hijos de puta\u00bb.<\/strong><\/p>\n<p class=\"ft-text\">La palma, sin embargo, se la llev\u00f3 el derbi valenciano del viernes. <strong>En el Valencia-Levante se registraron hasta catorce incidencias, entre las que destaca un c\u00e1ntico en contra de los aficionados granotas: \u00abPuto sapo el que no bote\u00bb<\/strong>. LaLiga remiti\u00f3 tambi\u00e9n<strong> insultos recogidos contra el \u00e1rbitro en el Betis-Girona, Villarreal-Mallorca y contra la afici\u00f3n del Sevilla en el RCDE Stadium<\/strong>.<\/p>\n<p><img decoding=\"async\" src=\"https:\/\/www.europesays.com\/es\/wp-content\/uploads\/2025\/11\/3a985045-d5fd-4c0b-89ec-39f1ae5fdb2e_alta-libre-aspect-ratio_default_0.jpg\" width=\"1200\" height=\"675\" alt=\"Pere Milla celebrando el 1-0 del Espanyol\" class=\"ft-helper-img-rd\" loading=\"lazy\"\/><\/p>\n<p class=\"ft-helper-fontColor-quaternary ft-helper-fontSize-body-S ft-helper-spacer-t-xxs\">Pere Milla celebrando el 1-0 del Espanyol  \/ RCDE<\/p>\n<p class=\"ft-text\"><strong>LaLiga, a trav\u00e9s de la plataforma LALIGAVS, recoge informes, sugerencias o requerimientos de los aficionados que acuden a los partidos,<\/strong> para contribuir a la lucha contra la violencia en los estadios y desde hace <strong>a\u00f1os solicita m\u00e1s competencias para poder luchar contra el problema de la violencia <\/strong>en el f\u00fatbol.<\/p>\n","protected":false},"excerpt":{"rendered":"Ya sucedi\u00f3 el curso pasado en Montju\u00efc y se repiti\u00f3 el pasado s\u00e1bado. Los aficionados del Spotify Camp&hellip;\n","protected":false},"author":2,"featured_media":255561,"comment_status":"","ping_status":"","sticky":false,"template":"","format":"standard","meta":{"footnotes":""},"categories":[268],"tags":[2182,2296,15927,168,25,24,280,282,288,8329,281,23,167],"class_list":{"0":"post-255560","1":"post","2":"type-post","3":"status-publish","4":"format-standard","5":"has-post-thumbnail","7":"category-futbol","8":"tag-athletic","9":"tag-barca","10":"tag-camp-nou","11":"tag-deportes","12":"tag-es","13":"tag-espana","14":"tag-football","15":"tag-futbol","16":"tag-laliga","17":"tag-nico-williams","18":"tag-soccer","19":"tag-spain","20":"tag-sports"},"share_on_mastodon":{"url":"https:\/\/pubeurope.com\/@es\/115612043792146797","error":""},"_links":{"self":[{"href":"https:\/\/www.europesays.com\/es\/wp-json\/wp\/v2\/posts\/255560","targetHints":{"allow":["GET"]}}],"collection":[{"href":"https:\/\/www.europesays.com\/es\/wp-json\/wp\/v2\/posts"}],"about":[{"href":"https:\/\/www.europesays.com\/es\/wp-json\/wp\/v2\/types\/post"}],"author":[{"embeddable":true,"href":"https:\/\/www.europesays.com\/es\/wp-json\/wp\/v2\/users\/2"}],"replies":[{"embeddable":true,"href":"https:\/\/www.europesays.com\/es\/wp-json\/wp\/v2\/comments?post=255560"}],"version-history":[{"count":0,"href":"https:\/\/www.europesays.com\/es\/wp-json\/wp\/v2\/posts\/255560\/revisions"}],"wp:featuredmedia":[{"embeddable":true,"href":"https:\/\/www.europesays.com\/es\/wp-json\/wp\/v2\/media\/255561"}],"wp:attachment":[{"href":"https:\/\/www.europesays.com\/es\/wp-json\/wp\/v2\/media?parent=255560"}],"wp:term":[{"taxonomy":"category","embeddable":true,"href":"https:\/\/www.europesays.com\/es\/wp-json\/wp\/v2\/categories?post=255560"},{"taxonomy":"post_tag","embeddable":true,"href":"https:\/\/www.europesays.com\/es\/wp-json\/wp\/v2\/tags?post=255560"}],"curies":[{"name":"wp","href":"https:\/\/api.w.org\/{rel}","templated":true}]}}