{"id":255562,"date":"2025-11-25T19:42:09","date_gmt":"2025-11-25T19:42:09","guid":{"rendered":"https:\/\/www.europesays.com\/es\/255562\/"},"modified":"2025-11-25T19:42:09","modified_gmt":"2025-11-25T19:42:09","slug":"el-tierno-gesto-de-guillermo-de-holanda-que-demuestra-cuanto-piensa-en-la-reina-maxima-y-sus-hijas","status":"publish","type":"post","link":"https:\/\/www.europesays.com\/es\/255562\/","title":{"rendered":"El tierno gesto de Guillermo de Holanda que demuestra cu\u00e1nto piensa en la reina M\u00e1xima y sus hijas"},"content":{"rendered":"<p id=\"eyiQjMEY6b\" data-wc=\"72\">El rey Guillermo de Holanda es un monarca que siempre tiene presente a su mujer<strong>, la reina M\u00e1xima, y a sus tres hijas, las princesas Amalia, de 21 a\u00f1os; Alexia, de 20, y Ariane, de 18<\/strong>. El monarca neerland\u00e9s se ha reunido en su despacho con el presidente de la C\u00e1mara de Representantes, Thom van Campen, donde <a class=\"hm-link ho-link\" href=\"https:\/\/www.hola.com\/realeza\/casa_holanda\/20220317206500\/guillermo-de-paises-bajos-foto-familiar-despacho\/\" data-mrf-recirculation=\"article-body-link\" rel=\"nofollow noopener\" target=\"_blank\">la otra protagonista ha sido una gran fotograf\u00eda de la Reina y de las Princesas.\u00a0<\/a><\/p>\n<p> <img src=\"https:\/\/www.europesays.com\/es\/wp-content\/uploads\/2025\/11\/831c1ebc19d2-dlu595613002.jpg\"   width=\"1024\" height=\"732\" loading=\"lazy\" decoding=\"async\" alt=\" El rey Guillermo de Holanda con el presidente de la C\u00e1mara de Representes en su despacho del Palacio Huis Ten Bosch\" fetchpriority=\"auto\" class=\"image ho-image\"\/>\u00a9 GTRES El rey Guillermo de Holanda con el presidente de la C\u00e1mara de Representes en su despacho del Palacio Huis Ten Bosch<\/p>\n<p id=\"epQJ05qxky\" data-wc=\"57\">Se trata de una foto familiar de M\u00e1xima de Pa\u00edses Bajos con sus hijas cuando eran peque\u00f1as. Las cuatro est\u00e1n abrazadas y se sit\u00faa en un lugar preferente de la sala de trabajo del monarca en el Palacio de Huis ten Bosch, <a class=\"hm-link ho-link\" href=\"https:\/\/www.hola.com\/realeza\/casa_holanda\/20190709145230\/guillermo-maxima-holanda-residencia-reformada\/\" data-mrf-recirculation=\"article-body-link\" rel=\"nofollow noopener\" target=\"_blank\">a donde se mud\u00f3 la Familia Real en 2019 tras varios a\u00f1os de millonarias obras.\u00a0<\/a><\/p>\n<p> <img src=\"https:\/\/www.europesays.com\/es\/wp-content\/uploads\/2025\/11\/efeaf653e788-dlu595613001.jpg\"   width=\"1024\" height=\"767\" loading=\"lazy\" decoding=\"async\" alt=\" El rey Guillermo de Holanda con el presidente de la C\u00e1mara de Representes en su despacho\" fetchpriority=\"auto\" class=\"image ho-image\"\/>\u00a9 GTRES El rey Guillermo de Holanda con el presidente de la C\u00e1mara de Representes en su despacho<\/p>\n<p id=\"ewXIWdjGR_\" data-wc=\"66\">El retrato ocupa un lugar privilegiado, junto a la chimenea, colgado en la pared y justo encima del asiento en el que el monarca despacha sus asuntos de Estado. No hay duda que es todo un padrazo y para \u00e9l no hay nada mejor que los planes que hace en familia. De hecho, las muestras de cari\u00f1o en p\u00fablico que los cinco se profesan son constantes.\u00a0<\/p>\n<p> <img src=\"https:\/\/www.europesays.com\/es\/wp-content\/uploads\/2025\/11\/bee59e50155a-474718707183169894571613848009039016959861803n.jpg\"   width=\"1024\" height=\"683\" loading=\"lazy\" decoding=\"async\" alt=\"La gran foto de la reina M\u00e1xima y sus tres hijas preside el despacho del rey Guillermo de Holanda\" fetchpriority=\"auto\" class=\"image ho-image\"\/>\u00a9 koninklijkhuisLa gran foto de la reina M\u00e1xima y sus tres hijas preside el despacho del rey Guillermo de Holanda<br \/>\nM\u00e1xima, la reina latina<\/p>\n<p id=\"eA5e9Z_YBu\" data-wc=\"135\">Hace dos a\u00f1os, en abril de 2023, el Rey de los Pa\u00edses Bajos dio una entrevista en un podcast con motivo del d\u00e9cimo aniversario de su coronaci\u00f3n en el que dio pinceladas de su vida personal y de c\u00f3mo es la relaci\u00f3n con su esposa e hijas. El rey Guillermo se muestra con los ciudadanos de forma natural y cercana. \u00abC<strong>uando veo a otras personas llorar o sufrir me cuesta mucho mantenerme fr\u00edo.\u00a0<\/strong>En ese sentido, agradezco vivir en el siglo XXI, donde mostrar tus emociones no se asocia a ser d\u00e9bil. No me averg\u00fcenzo para nada de ser as\u00ed\u00bb. Adem\u00e1s, a\u00f1adi\u00f3 que esta forma de ser era una de las cosas que m\u00e1s le hab\u00eda unido a su mujer. \u00ab<strong>E<\/strong><a class=\"hm-link ho-link\" href=\"https:\/\/www.hola.com\/realeza\/casa_holanda\/20230408229630\/guillermo-paises-bajos-entrevista-aniversario-coronacion-familia\/\" data-mrf-recirculation=\"article-body-link\" rel=\"nofollow noopener\" target=\"_blank\">lla, como una mujer latina, tambi\u00e9n puede ser muy emocional. Compartimos eso y es genial\u00bb.<\/a><\/p>\n<p id=\"eKjvEBi1bRv\" data-wc=\"52\">No hay duda que las mujeres de su vida tienen mucho que ver en \u00e9l y los cinco forman una verdadera pi\u00f1a. En ese mismo podcast\u00a0y en un tono mucho m\u00e1s distendido, el Rey apuntaba que el hecho de haberse dejado barba hab\u00eda sido consejo de la mujer y sus hijas.\u00a0<\/p>\n","protected":false},"excerpt":{"rendered":"El rey Guillermo de Holanda es un monarca que siempre tiene presente a su mujer, la reina M\u00e1xima,&hellip;\n","protected":false},"author":2,"featured_media":255563,"comment_status":"","ping_status":"","sticky":false,"template":"","format":"standard","meta":{"footnotes":""},"categories":[174],"tags":[255,146,147,25,24,256,23141,23150,1027,23152,23],"class_list":{"0":"post-255562","1":"post","2":"type-post","3":"status-publish","4":"format-standard","5":"has-post-thumbnail","7":"category-famosos","8":"tag-celebrities","9":"tag-entertainment","10":"tag-entretenimiento","11":"tag-es","12":"tag-espana","13":"tag-famosos","14":"tag-guillermo-de-holanda","15":"tag-maxima-de-holanda","16":"tag-realeza","17":"tag-realeza-holanda","18":"tag-spain"},"share_on_mastodon":{"url":"https:\/\/pubeurope.com\/@es\/115612047588461082","error":""},"_links":{"self":[{"href":"https:\/\/www.europesays.com\/es\/wp-json\/wp\/v2\/posts\/255562","targetHints":{"allow":["GET"]}}],"collection":[{"href":"https:\/\/www.europesays.com\/es\/wp-json\/wp\/v2\/posts"}],"about":[{"href":"https:\/\/www.europesays.com\/es\/wp-json\/wp\/v2\/types\/post"}],"author":[{"embeddable":true,"href":"https:\/\/www.europesays.com\/es\/wp-json\/wp\/v2\/users\/2"}],"replies":[{"embeddable":true,"href":"https:\/\/www.europesays.com\/es\/wp-json\/wp\/v2\/comments?post=255562"}],"version-history":[{"count":0,"href":"https:\/\/www.europesays.com\/es\/wp-json\/wp\/v2\/posts\/255562\/revisions"}],"wp:featuredmedia":[{"embeddable":true,"href":"https:\/\/www.europesays.com\/es\/wp-json\/wp\/v2\/media\/255563"}],"wp:attachment":[{"href":"https:\/\/www.europesays.com\/es\/wp-json\/wp\/v2\/media?parent=255562"}],"wp:term":[{"taxonomy":"category","embeddable":true,"href":"https:\/\/www.europesays.com\/es\/wp-json\/wp\/v2\/categories?post=255562"},{"taxonomy":"post_tag","embeddable":true,"href":"https:\/\/www.europesays.com\/es\/wp-json\/wp\/v2\/tags?post=255562"}],"curies":[{"name":"wp","href":"https:\/\/api.w.org\/{rel}","templated":true}]}}