{"id":255578,"date":"2025-11-25T19:58:16","date_gmt":"2025-11-25T19:58:16","guid":{"rendered":"https:\/\/www.europesays.com\/es\/255578\/"},"modified":"2025-11-25T19:58:16","modified_gmt":"2025-11-25T19:58:16","slug":"bolsonaro-empieza-a-cumplir-la-pena-de-27-anos-en-la-comisaria-de-brasilia-donde-esta-recluido","status":"publish","type":"post","link":"https:\/\/www.europesays.com\/es\/255578\/","title":{"rendered":"Bolsonaro empieza a cumplir la pena de 27 a\u00f1os en la comisar\u00eda de Brasilia donde est\u00e1 recluido"},"content":{"rendered":"<p class=\"\">El expresidente de Brasil Jair Messias Bolsonaro, de 70 a\u00f1os, ha empezado este martes a cumplir la condena de 27 a\u00f1os por <a href=\"https:\/\/elpais.com\/america\/2025-09-11\/el-expresidente-bolsonaro-condenado-por-intento-de-golpe-contra-lula-en-brasil.html\" target=\"_self\" rel=\"nofollow noopener\" title=\"https:\/\/elpais.com\/america\/2025-09-11\/el-expresidente-bolsonaro-condenado-por-intento-de-golpe-contra-lula-en-brasil.html\">liderar un intento de golpe de Estado,<\/a> pero sin moverse un metro del cuarto-celda donde est\u00e1 recluido, en Brasilia. El juez del caso ha decidido, presumiblemente en atenci\u00f3n a su edad y a su fr\u00e1gil estado de salud, que permanezca en la principal sede policial de Brasilia, adonde fue trasladado el s\u00e1bado tras intentar <a href=\"https:\/\/elpais.com\/america\/2025-11-23\/bolsonaro-asegura-que-manipulo-la-tobillera-tras-una-alucinacion-causada-por-medicamentos.html\" target=\"_self\" rel=\"nofollow noopener\" title=\"https:\/\/elpais.com\/america\/2025-11-23\/bolsonaro-asegura-que-manipulo-la-tobillera-tras-una-alucinacion-causada-por-medicamentos.html\">quitarse la tobillera electr\u00f3nica<\/a> que vigilaba sus movimientos. El principal dirigente de la derecha brasile\u00f1a queda, por tanto, recluido en condiciones similares a las dispensadas en 2018 al actual presidente, Luiz In\u00e1cio Lula da Silva, y elude, por tanto, ser internado en una c\u00e1rcel de m\u00e1xima seguridad o en una prisi\u00f3n militar.<\/p>\n<p class=\"\">El juez del Tribunal Supremo Alexandre de Moraes, instructor del caso y al que el bolsonarismo considera su peor enemigo, no ha atendido la solicitud de la defensa de que le permitiera cumplir el castigo <a href=\"https:\/\/elpais.com\/america\/2025-11-21\/la-defensa-de-bolsonaro-pide-que-siga-en-prision-domiciliaria-porque-la-carcel-pone-en-riesgo-su-vida.html\" target=\"_self\" rel=\"nofollow noopener\" title=\"https:\/\/elpais.com\/america\/2025-11-21\/la-defensa-de-bolsonaro-pide-que-siga-en-prision-domiciliaria-porque-la-carcel-pone-en-riesgo-su-vida.html\">en prisi\u00f3n domiciliaria.<\/a> El capit\u00e1n del Ej\u00e9rcito en la reserva padece recurrentes crisis gastrointestinales y de hipo, secuela de una pu\u00f1alada que sufri\u00f3 en 2018.<\/p>\n<p class=\"\">El magistrado le acusa de intentar fugarse el fin de semana pasado. Desde el s\u00e1bado, Bolsonaro permanece en una habitaci\u00f3n de unos 12 metros cuadrados en la Superintendencia de la Polic\u00eda Federal en la capital. Dispone de una cama, una mesa, televisor y aire acondicionado. Esta ma\u00f1ana le han visitado dos de sus hijos y la v\u00edspera lo hizo su esposa, que le cocina platos caseros con los que se alimenta el expresidente, que ha preferido no probar el men\u00fa de la Polic\u00eda Federal para los presidiarios.<\/p>\n<p class=\"\">La m\u00e1xima corte, erigida en los \u00faltimos tiempos en la gran defensora de la democracia, ha solicitado a las Fuerzas Armadas que retire los galones a los condenados.<\/p>\n<p class=\"\">Si el expresidente Bolsonaro tuviera que cumplir toda la pena, saldr\u00eda con casi 100 a\u00f1os de prisi\u00f3n. La legislaci\u00f3n penal brasile\u00f1a, muy volcada en la reinserci\u00f3n social, contempla que en un caso grave como el de Bolsonaro el preso cumpla un 25% en r\u00e9gimen cerrado (lo que se traduce para \u00e9l en seis a\u00f1os) antes de pasar a una semilibertad que permite salir a trabajar. El ultra estaba inhabilitado desde 2023 para concurrir a las elecciones. Y, desde agosto pasado, en prisi\u00f3n domiciliaria y con veto de usar redes sociales.<\/p>\n<p class=\"\">La desaparici\u00f3n de la escena p\u00fablica y el mutismo impuesto por el juez le ha debilitado pol\u00edticamente. Los esfuerzos de sus hijos y de su partido para impulsar, en el Congreso, una ley de amnist\u00eda o <a href=\"https:\/\/elpais.com\/america\/2025-09-21\/el-congreso-de-brasil-pretende-aparcar-la-amnistia-a-bolsonaro-y-reducir-las-penas-a-los-golpistas.html\" target=\"_self\" rel=\"nofollow noopener\" title=\"https:\/\/elpais.com\/america\/2025-09-21\/el-congreso-de-brasil-pretende-aparcar-la-amnistia-a-bolsonaro-y-reducir-las-penas-a-los-golpistas.html\">una reducci\u00f3n de pena<\/a> que le librara del trago de la c\u00e1rcel o lo suavizara han resultado fracasados por el momento. <\/p>\n<p class=\"\">La formidable presi\u00f3n del presidente Donald Trump, en forma de amenazas, aranceles y <a href=\"https:\/\/elpais.com\/america\/2025-09-23\/estados-unidos-castiga-con-sanciones-economicas-a-la-esposa-de-un-juez-que-condeno-a-bolsonaro.html\" target=\"_self\" rel=\"nofollow noopener\" title=\"https:\/\/elpais.com\/america\/2025-09-23\/estados-unidos-castiga-con-sanciones-economicas-a-la-esposa-de-un-juez-que-condeno-a-bolsonaro.html\">sanciones econ\u00f3micas a los jueces<\/a>, no han logrado salvar a su aliado y evitar que rindiera cuentas por intentar subvertir el orden constitucional y planear el asesinato de Lula, su vicepresidente, Geraldo Alckmin y el juez Moraes. Las instituciones brasile\u00f1as han mostrado enorme firmeza ante las amenazas y agresiones del pol\u00edtico m\u00e1s poderoso del mundo. \u201cEs una pena\u201d, respondi\u00f3 el estadounidense el s\u00e1bado cuando supo, por los periodistas, que el Trump de los tr\u00f3picos hab\u00eda sido llevado a una comisar\u00eda ante la sospecha del juez de que quer\u00eda refugiarse en la Embajada de EEUU.<\/p>\n<p class=\"\">Los generales condenados con Bolsonaro por urdir un complot golpista contra Lula tambi\u00e9n est\u00e1n ya encarcelados, en su caso en dependencias castrenses. Son los primeros militares de alta graduaci\u00f3n <a href=\"https:\/\/elpais.com\/america\/2025-09-07\/brasil-ajusta-cuentas-con-la-historia-los-militares-y-bolsonaro.html\" target=\"_self\" rel=\"nofollow noopener\" title=\"https:\/\/elpais.com\/america\/2025-09-07\/brasil-ajusta-cuentas-con-la-historia-los-militares-y-bolsonaro.html\">condenados y encarcelados en la historia<\/a> de Brasil, salpicada de asonadas exitosas y fracasadas. Otro de los condenados, un comisario de polic\u00eda que dirig\u00eda el espionaje y es diputado, huy\u00f3 hace semanas a Estados Unidos, a Miami. El Supremo ha solicitado al Congreso que lo destituya de su esca\u00f1o.<\/p>\n<p class=\"\">Que un presidente sea encarcelado resulta menos raro en Brasil. Bolsonaro es el tercero de esta etapa democr\u00e1tica, tras Lula, cuyas condenas fueron anuladas, y Fernando <a href=\"https:\/\/elpais.com\/america\/2025-04-25\/el-supremo-de-brasil-ordena-el-arresto-del-expresidente-fernando-collor-por-corrupcion.html\" target=\"_self\" rel=\"nofollow noopener\" title=\"https:\/\/elpais.com\/america\/2025-04-25\/el-supremo-de-brasil-ordena-el-arresto-del-expresidente-fernando-collor-por-corrupcion.html\">Collor de Mello, que cumple condena<\/a> en su domicilio desde hace unos meses.<\/p>\n<p class=\"\">La sentencia contra Bolsonaro, adoptada por 4-1, le conden\u00f3 por cinco delitos: intento de golpe de Estado, intento de abolici\u00f3n democr\u00e1tica del Estado de derecho, liderar una organizaci\u00f3n criminal, da\u00f1os a bienes p\u00fablicos y al patrimonio protegido.<\/p>\n<p class=\"\">La Fiscal\u00eda sostuvo que la trama liderada en 2022 por Bolsonaro para mantenerse en el poder tras perder las elecciones frente a Lula fracas\u00f3 por la oposici\u00f3n de dos de los tres miembros de la c\u00fapula de las Fuerzas Armadas.<\/p>\n","protected":false},"excerpt":{"rendered":"El expresidente de Brasil Jair Messias Bolsonaro, de 70 a\u00f1os, ha empezado este martes a cumplir la condena&hellip;\n","protected":false},"author":2,"featured_media":255579,"comment_status":"","ping_status":"","sticky":false,"template":"","format":"standard","meta":{"footnotes":""},"categories":[42],"tags":[889,3216,29132,17,18,2287,13,14,3217,11,61,62,63,64,3218,19,20,1804,3219,9,10,15,16,593,6932,12,21,22,65,66,67],"class_list":{"0":"post-255578","1":"post","2":"type-post","3":"status-publish","4":"format-standard","5":"has-post-thumbnail","7":"category-internacional","8":"tag-america","9":"tag-brasil","10":"tag-brasilia","11":"tag-breaking-news","12":"tag-breakingnews","13":"tag-extrema-derecha","14":"tag-featured-news","15":"tag-featurednews","16":"tag-golpes-estado","17":"tag-headlines","18":"tag-internacional","19":"tag-international","20":"tag-international-news","21":"tag-internationalnews","22":"tag-jair-bolsonaro","23":"tag-latest-news","24":"tag-latestnews","25":"tag-latinoamerica","26":"tag-lula-da-silva","27":"tag-news","28":"tag-noticias","29":"tag-noticias-destacadas","30":"tag-noticiasdestacadas","31":"tag-prisiones","32":"tag-sentencias-condenatorias","33":"tag-titulares","34":"tag-ultimas-noticias","35":"tag-ultimasnoticias","36":"tag-world","37":"tag-world-news","38":"tag-worldnews"},"share_on_mastodon":{"url":"","error":"Validation failed: Text character limit of 500 exceeded"},"_links":{"self":[{"href":"https:\/\/www.europesays.com\/es\/wp-json\/wp\/v2\/posts\/255578","targetHints":{"allow":["GET"]}}],"collection":[{"href":"https:\/\/www.europesays.com\/es\/wp-json\/wp\/v2\/posts"}],"about":[{"href":"https:\/\/www.europesays.com\/es\/wp-json\/wp\/v2\/types\/post"}],"author":[{"embeddable":true,"href":"https:\/\/www.europesays.com\/es\/wp-json\/wp\/v2\/users\/2"}],"replies":[{"embeddable":true,"href":"https:\/\/www.europesays.com\/es\/wp-json\/wp\/v2\/comments?post=255578"}],"version-history":[{"count":0,"href":"https:\/\/www.europesays.com\/es\/wp-json\/wp\/v2\/posts\/255578\/revisions"}],"wp:featuredmedia":[{"embeddable":true,"href":"https:\/\/www.europesays.com\/es\/wp-json\/wp\/v2\/media\/255579"}],"wp:attachment":[{"href":"https:\/\/www.europesays.com\/es\/wp-json\/wp\/v2\/media?parent=255578"}],"wp:term":[{"taxonomy":"category","embeddable":true,"href":"https:\/\/www.europesays.com\/es\/wp-json\/wp\/v2\/categories?post=255578"},{"taxonomy":"post_tag","embeddable":true,"href":"https:\/\/www.europesays.com\/es\/wp-json\/wp\/v2\/tags?post=255578"}],"curies":[{"name":"wp","href":"https:\/\/api.w.org\/{rel}","templated":true}]}}