{"id":255588,"date":"2025-11-25T20:09:13","date_gmt":"2025-11-25T20:09:13","guid":{"rendered":"https:\/\/www.europesays.com\/es\/255588\/"},"modified":"2025-11-25T20:09:13","modified_gmt":"2025-11-25T20:09:13","slug":"sarabia-recuerda-al-cta-una-accion-fortuita-no-es-argumento-para-decidir-si-es-falta-o-no","status":"publish","type":"post","link":"https:\/\/www.europesays.com\/es\/255588\/","title":{"rendered":"Sarabia recuerda al CTA una acci\u00f3n fortuita no es argumento para decidir si es falta o no"},"content":{"rendered":"<p data-gtm-element-container=\"modulo-texto-link\" class=\"paragraph\"><strong>El entrenador del Elche, Eder Sarabia,<\/strong> ha vuelto a pronunciarse este martes, en su cuenta de X, sobre la acci\u00f3n del empate definitivo del<strong> Real Madrid <\/strong>ante su equipo del pasado domingo, al recordar al <strong>Comit\u00e9 T\u00e9cnico de \u00c1rbitros (CTA) q<\/strong>ue una acci\u00f3n \u201cfortuita no es un argumento correcto para decidir si es infracci\u00f3n o no\u201d.<\/p>\n<p data-gtm-element-container=\"modulo-texto-link\" class=\"paragraph\"><strong>Las palabras del t\u00e9cnico llegan apenas unas horas despu\u00e9s de conocerse que el v\u00eddeo semanal de revisi\u00f3n arbitral del CTA no incluyera la acci\u00f3n de la posible falta de Vinicius a I\u00f1aki Pe\u00f1a<\/strong> en la que fue, posiblemente, una de las jugadas m\u00e1s pol\u00e9micas y determinantes de la jornada.<\/p>\n<p>    Lee tambi\u00e9n<\/p>\n<p data-gtm-element-container=\"modulo-texto-link\" class=\"paragraph\"><strong>El ex delantero del Real Madrid y del Valencia, Fernando Morientes,<\/strong> uno de los miembros que eligen las jugadas para su an\u00e1lisis, se\u00f1al\u00f3 en la Cadena Cope que la acci\u00f3n entre Vinicius e I\u00f1aki Pe\u00f1a no se tuvo en cuenta por unanimidad al considerarse \u201cfortuita\u201d y sin \u201cintencionalidad\u201d por parte del brasile\u00f1o.<\/p>\n<blockquote class=\"twitter-tweet\" data-lang=\"es\"><p>\n<a href=\"https:\/\/twitter.com\/edersa10\/status\/1993282219394449551\" rel=\"nofollow noopener\" target=\"_blank\">\n<\/p><\/blockquote>\n<p data-gtm-element-container=\"modulo-texto-link\" class=\"paragraph\"><strong>Sarabia y<\/strong>a defendi\u00f3 con vehemencia, en la rueda de prensa posterior al partido, la existencia de una falta a su portero, que tuvo que ser atendido sobre el c\u00e9sped tras un golpe en la nariz que le provoc\u00f3 una hemorragia.<\/p>\n<p data-gtm-element-container=\"modulo-texto-link\" class=\"paragraph\">\u201cQue me disculpen los que toman decisiones, pero desde hace m\u00e1s de 25 a\u00f1os que la \u2018voluntariedad\/intencionalidad\u2019 se sac\u00f3 del reglamento (salvo para las manos)\u201d, ha comentado en su red social el t\u00e9cnico vasco.<\/p>\n<p data-gtm-element-container=\"modulo-texto-link\" class=\"paragraph\">\u201cPor lo tanto, el hecho de ser una acci\u00f3n fortuita no es un argumento correcto para decidir si es infracci\u00f3n o no\u201d, ha sentenciado en su comentario.<\/p>\n<p><script async src=\"https:\/\/platform.twitter.com\/widgets.js\" charset=\"utf-8\"><\/script><\/p>\n","protected":false},"excerpt":{"rendered":"El entrenador del Elche, Eder Sarabia, ha vuelto a pronunciarse este martes, en su cuenta de X, sobre&hellip;\n","protected":false},"author":2,"featured_media":255589,"comment_status":"","ping_status":"","sticky":false,"template":"","format":"standard","meta":{"footnotes":""},"categories":[268],"tags":[168,25,24,280,282,281,23,167],"class_list":{"0":"post-255588","1":"post","2":"type-post","3":"status-publish","4":"format-standard","5":"has-post-thumbnail","7":"category-futbol","8":"tag-deportes","9":"tag-es","10":"tag-espana","11":"tag-football","12":"tag-futbol","13":"tag-soccer","14":"tag-spain","15":"tag-sports"},"share_on_mastodon":{"url":"https:\/\/pubeurope.com\/@es\/115612153661864785","error":""},"_links":{"self":[{"href":"https:\/\/www.europesays.com\/es\/wp-json\/wp\/v2\/posts\/255588","targetHints":{"allow":["GET"]}}],"collection":[{"href":"https:\/\/www.europesays.com\/es\/wp-json\/wp\/v2\/posts"}],"about":[{"href":"https:\/\/www.europesays.com\/es\/wp-json\/wp\/v2\/types\/post"}],"author":[{"embeddable":true,"href":"https:\/\/www.europesays.com\/es\/wp-json\/wp\/v2\/users\/2"}],"replies":[{"embeddable":true,"href":"https:\/\/www.europesays.com\/es\/wp-json\/wp\/v2\/comments?post=255588"}],"version-history":[{"count":0,"href":"https:\/\/www.europesays.com\/es\/wp-json\/wp\/v2\/posts\/255588\/revisions"}],"wp:featuredmedia":[{"embeddable":true,"href":"https:\/\/www.europesays.com\/es\/wp-json\/wp\/v2\/media\/255589"}],"wp:attachment":[{"href":"https:\/\/www.europesays.com\/es\/wp-json\/wp\/v2\/media?parent=255588"}],"wp:term":[{"taxonomy":"category","embeddable":true,"href":"https:\/\/www.europesays.com\/es\/wp-json\/wp\/v2\/categories?post=255588"},{"taxonomy":"post_tag","embeddable":true,"href":"https:\/\/www.europesays.com\/es\/wp-json\/wp\/v2\/tags?post=255588"}],"curies":[{"name":"wp","href":"https:\/\/api.w.org\/{rel}","templated":true}]}}