{"id":255590,"date":"2025-11-25T20:10:12","date_gmt":"2025-11-25T20:10:12","guid":{"rendered":"https:\/\/www.europesays.com\/es\/255590\/"},"modified":"2025-11-25T20:10:12","modified_gmt":"2025-11-25T20:10:12","slug":"ultima-hora-del-estado-de-salud-del-actor-antonio-resines-ingresado-durante-3-dias-en-la-uci","status":"publish","type":"post","link":"https:\/\/www.europesays.com\/es\/255590\/","title":{"rendered":"\u00daltima hora del estado de salud del actor Antonio Resines, ingresado durante 3 d\u00edas en la UCI"},"content":{"rendered":"<p data-gtm-element-container=\"modulo-texto-link\" class=\"paragraph\">El nombre de <strong>Antonio Resines<\/strong> vuelve a ocupar titulares despu\u00e9s de conocerse que el int\u00e9rprete, de 71 a\u00f1os, tuvo que ser ingresado recientemente en la <strong>UCI<\/strong>. La exclusiva, publicada por la revista &#8216;Semana&#8217;, explicaba que el actor se vio obligado a detener toda su actividad profesional para dedicar tiempo y energ\u00eda a su recuperaci\u00f3n f\u00edsica.<\/p>\n<p data-gtm-element-container=\"modulo-texto-link\" class=\"paragraph\">En el programa &#8216;El tiempo justo&#8217;, el director de la citada revista, Jorge Borrajo, explic\u00f3 que <strong>el ingreso se produjo el 13 de noviembre en el Hospital San Rafael,<\/strong> en Madrid. Durante su intervenci\u00f3n, detall\u00f3 que \u00abestuvo tres d\u00edas y luego pas\u00f3 a planta <strong>cinco d\u00edas m\u00e1s<\/strong>\u00ab, lo que gener\u00f3 inquietud entre los presentes en el plat\u00f3 de Telecinco y los seguidores del actor.<\/p>\n<p>                <img loading=\"lazy\" decoding=\"async\" data-full-src=\"https:\/\/www.mundodeportivo.com\/uploads\/2025\/10\/31\/6904772778c22.png\" alt=\"Antonio Resines, en 'La Revuelta'.\" width=\"449\" height=\"251\" src=\"https:\/\/www.europesays.com\/es\/wp-content\/uploads\/2025\/11\/6904772778c22.png\" class=\"lazy\"\/><\/p>\n<p class=\"caption-title \">Antonio Resines, en &#8216;La Revuelta&#8217;.<\/p>\n<p>                    La 1<\/p>\n<p data-gtm-element-container=\"modulo-texto-link\" class=\"paragraph\">Borrajo tambi\u00e9n se\u00f1al\u00f3 que alrededor de la situaci\u00f3n del actor existi\u00f3 \u00abcierta preocupaci\u00f3n\u00bb, dado que no se conoc\u00edan los motivos reales por los que hab\u00eda suspendido sus compromisos. Seg\u00fan a\u00f1adi\u00f3 el propio director, \u00ab<strong>es cierto que no sab\u00edamos qu\u00e9 hab\u00eda pasado con \u00e9l para cancelar esos compromisos profesionales y es que tuvo que ser ingresado en la UCI<\/strong>\u00ab, aclarando as\u00ed las dudas.<\/p>\n<p data-gtm-element-container=\"modulo-texto-link\" class=\"paragraph\">A pesar del susto inicial,<strong> la evoluci\u00f3n de Resines ha sido positiva y ya se encuentra en casa<\/strong>, donde contin\u00faa restableci\u00e9ndose. La noticia de su hospitalizaci\u00f3n coincidi\u00f3 con la confirmaci\u00f3n de que finalmente no participar\u00e1 en &#8216;Top Chef: Dulces y famosos&#8217;, el nuevo formato culinario que prepara Televisi\u00f3n Espa\u00f1ola para su pr\u00f3xima temporada.<\/p>\n<p>                <img loading=\"lazy\" decoding=\"async\" data-full-src=\"https:\/\/www.mundodeportivo.com\/uploads\/2025\/10\/31\/69047752719f9.png\" alt=\"Antonio Resines, en 'La Revuelta'.\" width=\"449\" height=\"249\" src=\"https:\/\/www.europesays.com\/es\/wp-content\/uploads\/2025\/11\/69047752719f9.png\" class=\"lazy\"\/><\/p>\n<p class=\"caption-title \">Antonio Resines, en &#8216;La Revuelta&#8217;.<\/p>\n<p>                    La 1<\/p>\n<p>    Lee tambi\u00e9n<\/p>\n<p data-gtm-element-container=\"modulo-texto-link\" class=\"paragraph\">Este concurso, desarrollado por la misma productora de &#8216;Bake Off: famosos al horno&#8217;, reunir\u00e1 a doce personajes conocidos del panorama nacional para <strong>competir en pruebas de reposter\u00eda<\/strong>. La ausencia de Resines se suma a los cambios recientes en el proyecto, mientras <strong>el actor prioriza su salud <\/strong>con el objetivo de recuperarse plenamente antes de retomar su agenda p\u00fablica.<\/p>\n","protected":false},"excerpt":{"rendered":"El nombre de Antonio Resines vuelve a ocupar titulares despu\u00e9s de conocerse que el int\u00e9rprete, de 71 a\u00f1os,&hellip;\n","protected":false},"author":2,"featured_media":255591,"comment_status":"","ping_status":"","sticky":false,"template":"","format":"standard","meta":{"footnotes":""},"categories":[174],"tags":[255,146,147,25,24,256,23],"class_list":{"0":"post-255590","1":"post","2":"type-post","3":"status-publish","4":"format-standard","5":"has-post-thumbnail","7":"category-famosos","8":"tag-celebrities","9":"tag-entertainment","10":"tag-entretenimiento","11":"tag-es","12":"tag-espana","13":"tag-famosos","14":"tag-spain"},"share_on_mastodon":{"url":"https:\/\/pubeurope.com\/@es\/115612158069560983","error":""},"_links":{"self":[{"href":"https:\/\/www.europesays.com\/es\/wp-json\/wp\/v2\/posts\/255590","targetHints":{"allow":["GET"]}}],"collection":[{"href":"https:\/\/www.europesays.com\/es\/wp-json\/wp\/v2\/posts"}],"about":[{"href":"https:\/\/www.europesays.com\/es\/wp-json\/wp\/v2\/types\/post"}],"author":[{"embeddable":true,"href":"https:\/\/www.europesays.com\/es\/wp-json\/wp\/v2\/users\/2"}],"replies":[{"embeddable":true,"href":"https:\/\/www.europesays.com\/es\/wp-json\/wp\/v2\/comments?post=255590"}],"version-history":[{"count":0,"href":"https:\/\/www.europesays.com\/es\/wp-json\/wp\/v2\/posts\/255590\/revisions"}],"wp:featuredmedia":[{"embeddable":true,"href":"https:\/\/www.europesays.com\/es\/wp-json\/wp\/v2\/media\/255591"}],"wp:attachment":[{"href":"https:\/\/www.europesays.com\/es\/wp-json\/wp\/v2\/media?parent=255590"}],"wp:term":[{"taxonomy":"category","embeddable":true,"href":"https:\/\/www.europesays.com\/es\/wp-json\/wp\/v2\/categories?post=255590"},{"taxonomy":"post_tag","embeddable":true,"href":"https:\/\/www.europesays.com\/es\/wp-json\/wp\/v2\/tags?post=255590"}],"curies":[{"name":"wp","href":"https:\/\/api.w.org\/{rel}","templated":true}]}}