{"id":255596,"date":"2025-11-25T20:15:10","date_gmt":"2025-11-25T20:15:10","guid":{"rendered":"https:\/\/www.europesays.com\/es\/255596\/"},"modified":"2025-11-25T20:15:10","modified_gmt":"2025-11-25T20:15:10","slug":"brendan-fraser-enfadado-por-la-cancelacion-de-su-pelicula-en-dc-podriamos-estar-destruyendonos-a-nosotros-mismos-vandal","status":"publish","type":"post","link":"https:\/\/www.europesays.com\/es\/255596\/","title":{"rendered":"Brendan Fraser, enfadado por la cancelaci\u00f3n de su pel\u00edcula en DC: &#039;Podr\u00edamos estar destruy\u00e9ndonos a nosotros mismos&#039; &#8211; Vandal"},"content":{"rendered":"<ol>\n<li><a href=\"https:\/\/news.google.com\/rss\/articles\/CBMi8AFBVV95cUxNM193MG1IWFNNXzVnTllNUTlYd3U2RjV6a1pWMU5SQlJraENtMU5BZXJCTks2eEtiR2pLUmdNdFRCaTZxNXVQU0pGNE5RNXFRcV9kNi1vaHFDb0ZoMkpkeUdjdV9UdGVtTzc4LWplVE1TbnRtQ1pYSmNZemFKU1cwM3JiSjBEblA4TUpaaWRBUVJXRkctN1VlNXF3UmNHSVByUERqeV9fS3hSMTZVaHpXTUVCZlc3N05hNHcwVjJFRkdSUy1LVUZRV3d1Rlc2WXRJOGR1Zkt4Q2xUVXgtRHpzcjNLemdkbXhzdENuRTRkX2nSAfYBQVVfeXFMTXBSVWdXaGNzWG5KU052RGhDZzhYdEo1Ql9pZ3EyXzBFYUQwd1pFQlRYRUE3UXZaUUc2QVRwMDRTc09Id1IwVnZxS2tGS09FOHlaSkp2d3pjck9wbElyOXFSYmcyN2FyTERtbVNTSkkyVG0wWG5vRVBjS0tJTUJCVGFnUG9HTlVDdmJ4NmtLVGp3QnM1RXlYa0VBaTFqT0NkaWRQaDFHelcybGU2aHBmQUVqeVFtTHZaSVYza1hCUUN6UHdtRmtfVmNsa2RsakNwZjZPcU5VdWs3ZWx2QkU1dUNlLVMxQ211RW1yek9zS1phMi1HMmVB?oc=5\" target=\"_blank\" rel=\"nofollow noopener\">Brendan Fraser, enfadado por la cancelaci\u00f3n de su pel\u00edcula en DC: &#8216;Podr\u00edamos estar destruy\u00e9ndonos a nosotros mismos&#8217;<\/a>&nbsp;&nbsp;Vandal<\/li>\n<li><a href=\"https:\/\/news.google.com\/rss\/articles\/CBMia0FVX3lxTE9DM0hEVi1hZ3I2bklhN1BCMEpHNURINnBncHdqM0ZLeWVJNHFnMDNjYUdVVGlTWGZQSGFpVS1oeFdnQXBUeU9Hd25SM0g5am8zWWVkT2lIU0g5ZEFRcVpVZUVmSmdfTUR6VjJF0gFwQVVfeXFMT2dUd25hYWQyamNYNTNvN0FyYVBuel9RUnRuZ2pVck5oRkpESlVSOTZOeDN5b0xTQzVPWXZDZmhsc243RDhtdU9zX0N0NVFwSzNneTNNSHFOLWgxak5mTFpRV0dxZVpqQTF2VmNScXJXWA?oc=5\" target=\"_blank\" rel=\"nofollow noopener\">Habr\u00eda hecho historia en el cine de superh\u00e9roes, pero la cancelaron cuando ya estaba casi terminada: Su actor protagonista sigue decepcionado<\/a>&nbsp;&nbsp;SensaCine<\/li>\n<li><a href=\"https:\/\/news.google.com\/rss\/articles\/CBMiywFBVV95cUxQT1BZWGRJekw3Z0NaWWRfWEVVdjk5bi1ldFlZQTdIT3I2eGxFR3phNEdrVG5ZOGoxRk0xU0lvRXFUUUJzNENURTdSQnpGUmVQbzhBVURCd1JiUURob3Q4SHNPWmlrd0hpbFhjVDZNRFRYaFllSnRTWjREODZmeGpZcDhTWVVjbU9WX2U1NzlTdm96LXBYZ2JRMF83RmY4WXp0el9acEpQczJfWlo4LTJmR29VRWJRc2ppNlJfeHBXWWpMUHpGSy1xNzVjcw?oc=5\" target=\"_blank\" rel=\"nofollow noopener\">Brendan Fraser carga contra Warner por destruir su trabajo: \u201cResulta m\u00e1s rentable quemarlo\u201d<\/a>&nbsp;&nbsp;Diario AS<\/li>\n<li><a href=\"https:\/\/news.google.com\/rss\/articles\/CBMiowFBVV95cUxPMGtWaGVwSWtOX3dHZ1IwcmxkakVRWkFWeEdLQzNKUEpjLUpFLUduV1JzR2syajRyYTd3Yi1vc1dwWTA4UmdjZ3NCRUZTb3kzMFEzeGNtVDMwX3RsS0NwS3dzbFBQYm91YVl2NFhWNEdLUnI4SmVKdzJKck5LR0RpS2NteTE1NHFHWWUtYVUzTWE2TEg3X2JwcGw1aWViWUhJbmNJ?oc=5\" target=\"_blank\" rel=\"nofollow noopener\">Brendan Fraser critica la cancelaci\u00f3n de &#8216;Batgirl&#8217;: \u00abEs m\u00e1s rentable quemarla y cobrar el seguro\u00bb<\/a>&nbsp;&nbsp;eCartelera<\/li>\n<li><a href=\"https:\/\/news.google.com\/rss\/articles\/CBMi7wFBVV95cUxNaktkTFBIVkVSdUVFRmpybmdkLTJBNHJiQ3E4SFJCQWkxUTVsVjZCNkRLOFVnQVVkRk1seGFKc0lsd3QxWDZKd09GYWl5TlFSQ3dfZFNSSXVtejlXUE9nYW8wWmF2QU5yZi1yVklNcHlBNWNfYXdlWFFrRFVIQ2Z6X1o1OFVmeWE4eGVmVk1MZE40SzlKRDJPcTVtMzRMOGt3c3d0SnphOFBrNko1eGZveFpuN2xPZXFzYWpaWm1wUnZlVUdzQV85NzBkc1FyeTFZZlVfb3JEblg5dFlHRWtuZGh6NUQweEVYRUkwM3dQONIB9AFBVV95cUxPYWhzYmp0NlFaVTROUF9ZUW9wRVJJeVNyUU9YbjBIRlRIUGZHS3h0MlZiNVhubC1QMnRxdHhkWHdyN0g5dHNHNUpPWUxPTXU2VDJ5cUhqbTRXZUk0UG1acVN6ckdzTXFteGNRN3VaUTNRVzF4MEJ6QjNMSkRwYmNlWDB5YlcxdHNXNWlBWUpJYzVIMFR2VnM5bXFOSXRkd3F1UUZETTM5MEZ6MG5EY3c3Zi1uN0lvSWF6YVBMMnVZeFFIZlVDV2tjUGpva0N1dU5EUlFPYWhGdnVDdGUtZEVGNElSOVY5ZFdQODR3S3pCcFNqdnA0?oc=5\" target=\"_blank\" rel=\"nofollow noopener\">\u00abNos estamos destruyendo a nosotros mismos\u00bb. Brendan Fraser echa en cara a Warner que no estrenara una&#8230;<\/a>&nbsp;&nbsp;Espinof<\/li>\n<\/ol>\n","protected":false},"excerpt":{"rendered":"Brendan Fraser, enfadado por la cancelaci\u00f3n de su pel\u00edcula en DC: &#8216;Podr\u00edamos estar destruy\u00e9ndonos a nosotros mismos&#8217;&nbsp;&nbsp;Vandal Habr\u00eda&hellip;\n","protected":false},"author":2,"featured_media":255597,"comment_status":"","ping_status":"","sticky":false,"template":"","format":"standard","meta":{"footnotes":""},"categories":[169],"tags":[177,146,147,25,24,2065,176,175,23],"class_list":{"0":"post-255596","1":"post","2":"type-post","3":"status-publish","4":"format-standard","5":"has-post-thumbnail","7":"category-cine","8":"tag-cine","9":"tag-entertainment","10":"tag-entretenimiento","11":"tag-es","12":"tag-espana","13":"tag-faltan-tags","14":"tag-film","15":"tag-movies","16":"tag-spain"},"share_on_mastodon":{"url":"https:\/\/pubeurope.com\/@es\/115612177157587823","error":""},"_links":{"self":[{"href":"https:\/\/www.europesays.com\/es\/wp-json\/wp\/v2\/posts\/255596","targetHints":{"allow":["GET"]}}],"collection":[{"href":"https:\/\/www.europesays.com\/es\/wp-json\/wp\/v2\/posts"}],"about":[{"href":"https:\/\/www.europesays.com\/es\/wp-json\/wp\/v2\/types\/post"}],"author":[{"embeddable":true,"href":"https:\/\/www.europesays.com\/es\/wp-json\/wp\/v2\/users\/2"}],"replies":[{"embeddable":true,"href":"https:\/\/www.europesays.com\/es\/wp-json\/wp\/v2\/comments?post=255596"}],"version-history":[{"count":0,"href":"https:\/\/www.europesays.com\/es\/wp-json\/wp\/v2\/posts\/255596\/revisions"}],"wp:featuredmedia":[{"embeddable":true,"href":"https:\/\/www.europesays.com\/es\/wp-json\/wp\/v2\/media\/255597"}],"wp:attachment":[{"href":"https:\/\/www.europesays.com\/es\/wp-json\/wp\/v2\/media?parent=255596"}],"wp:term":[{"taxonomy":"category","embeddable":true,"href":"https:\/\/www.europesays.com\/es\/wp-json\/wp\/v2\/categories?post=255596"},{"taxonomy":"post_tag","embeddable":true,"href":"https:\/\/www.europesays.com\/es\/wp-json\/wp\/v2\/tags?post=255596"}],"curies":[{"name":"wp","href":"https:\/\/api.w.org\/{rel}","templated":true}]}}