{"id":255600,"date":"2025-11-25T20:18:10","date_gmt":"2025-11-25T20:18:10","guid":{"rendered":"https:\/\/www.europesays.com\/es\/255600\/"},"modified":"2025-11-25T20:18:10","modified_gmt":"2025-11-25T20:18:10","slug":"oriol-pla-el-emmy-me-cambiara-la-vida-de-la-manera-que-yo-decida-y-quiera","status":"publish","type":"post","link":"https:\/\/www.europesays.com\/es\/255600\/","title":{"rendered":"Oriol Pla: \u00abEl Emmy me cambiar\u00e1 la vida de la manera que yo decida y quiera\u00bb"},"content":{"rendered":"<p>\u00abHacer historia\u00bb es una expresi\u00f3n que se utiliza a la ligera, pero en el caso de Oriol Pla tiene raz\u00f3n de ser. Habr\u00eda que  &#8230; remontarse a 1973 para encontrar un triunfo espa\u00f1ol tan sonado en los Emmy. Si entonces &#8216;La cabina&#8217;, de Antonio Mercero, logr\u00f3 el premio a mejor telefilme, el actor barcelon\u00e9s de 32 a\u00f1os ha logrado este lunes en Nueva York la haza\u00f1a de hacerse con el Emmy Internacional a mejor actor por su papel protagonista en la serie &#8216;Yo, adicto&#8217;. Antonio Banderas y Pen\u00e9lope Cruz estuvieron nominados en el pasado, pero no lo consiguieron. El documental de Netflix &#8216;#SeAcab\u00f3: Diario de las campeonas&#8217;, que cuenta el terremoto tras el beso no consentido de Luis Rubiales a Jenni Hermoso, ha ganado el Emmy Internacional en su categor\u00eda.<\/p>\n<p class=\"v-p\">Pla se lo debe a Javi Giner, que ha permanecido a su lado durante su aventura americana. Reputado jefe de prensa, mano derecha de Pedro Almod\u00f3var y Pen\u00e9lope Cruz durante a\u00f1os, Giner public\u00f3 en 2021 &#8216;Yo, adicto&#8217;, \u00abun relato personal de dependencia y reconciliaci\u00f3n\u00bb, tal como rezaba el subt\u00edtulo, en el que su autor narraba al detalle su adicci\u00f3n al alcohol, la coca\u00edna y el sexo, que logr\u00f3 superar gracias a su ingreso en una cl\u00ednica de desintoxicaci\u00f3n en 2009.<\/p>\n<p><img decoding=\"async\" loading=\"lazy\" src=\"https:\/\/www.europesays.com\/es\/wp-content\/uploads\/2025\/11\/oriol-emmy-knhE--650x455@RC.jpg\" class=\"v-a-img\" width=\"650\" height=\"455\" alt=\"El actor barcelon\u00e9s de 32 a\u00f1os con su Emmy.\" data-voc-vtm-id=\"in-text-traffic\"\/><\/p>\n<p>El actor barcelon\u00e9s de 32 a\u00f1os con su Emmy.<\/p>\n<p>Reuters<\/p>\n<p><img loading=\"lazy\" decoding=\"async\" src=\"https:\/\/www.europesays.com\/es\/wp-content\/uploads\/2025\/11\/oriol-emmy-knhE--650x455@RC.jpg\" class=\"v-mdl__img-z\" width=\"650\" height=\"455\" alt=\"\"\/><\/p>\n<p class=\"v-p\">Con sinceridad y sin moralismos, el escritor baracald\u00e9s se abr\u00eda en canal en una suerte de memorias sin pudor que llev\u00f3 a la pantalla en una serie de seis cap\u00edtulos estrenada en Disney Plus el a\u00f1o pasado. Oriol Pla suele decir que su personaje era como el hijo que hubieran tenido juntos. El actor salt\u00f3 al abismo dando vida a un torbellino humano, eg\u00f3latra, caprichoso y vicioso, al que se empezaba a querer a mitad de la serie.<\/p>\n<p class=\"v-p\">Antes de lograr el Oscar de la televisi\u00f3n, este hijo de actores teatrales criado en furgonetas cuando su familia hac\u00eda bolos ya hab\u00eda recogido por su papel en &#8216;Yo, adicto&#8217; el Feroz y el Premio de la Uni\u00f3n de Actores. Sus rivales en los Emmy eran el indio Diljit Dosanjh por &#8216;Amar&#8217;, el brit\u00e1nico David Mitchell por &#8216;Ludwig&#8217; y el colombiano Diego V\u00e1squez por &#8216;Cien a\u00f1os de soledad&#8217;. El plan de pasar un fin se semana divertido en Nueva York ha acabado convertido en una locura que puede cambiar las carreras de ambos.<\/p>\n<p class=\"v-p\">\u00abVinimos casi como dos amigos que iban a hacer una gamberrada, desde un sitio muy l\u00fadico, disfrutando mucho del viaje\u00bb, reconoce Oriol Pla. Y apunta Javi Giner: \u00abDe repente, te despiertas y en la habitaci\u00f3n de Oriol hay un Emmy. Muy fuerte. Pero los dos tenemos los pies en el suelo. Hace dos a\u00f1os est\u00e1bamos en ch\u00e1ndal rodando en la cima de un monte en Barcelona y ahora te hablamos desde la Quinta Avenida. Lo vemos un poco todo como turistas\u00bb.<\/p>\n<p><img decoding=\"async\" loading=\"lazy\" src=\"https:\/\/www.europesays.com\/es\/wp-content\/uploads\/2025\/11\/yo-adicto-knhE--650x455@RC.jpg\" class=\"v-a-img\" width=\"650\" height=\"455\" alt=\"Oriol Pla en la serie 'Yo, adicto'.\" data-voc-vtm-id=\"in-text-traffic\"\/><\/p>\n<p>Oriol Pla en la serie &#8216;Yo, adicto&#8217;.<\/p>\n<p><img loading=\"lazy\" decoding=\"async\" src=\"https:\/\/www.europesays.com\/es\/wp-content\/uploads\/2025\/11\/yo-adicto-knhE--650x455@RC.jpg\" class=\"v-mdl__img-z\" width=\"650\" height=\"455\" alt=\"\"\/><\/p>\n<p class=\"v-p\">El protagonista de &#8216;Merl\u00ed&#8217;, &#8216;Girasoles silvestres&#8217; y &#8216;Salve Mar\u00eda&#8217; escuch\u00f3 su nombre y subi\u00f3 al estrado tranquilo. \u00abFue una sensaci\u00f3n extra\u00f1a, como si estuviera preso en un metro cuadrado y de repente se abriera el espacio. Me intrigaba c\u00f3mo iban a pronunciar mi nombre: Oriol\u00bb. Cuando toc\u00f3 realizar declaraciones tras la gala, Giner se recuerda \u00abcomo en trance psic\u00f3tico\u00bb. \u00abNo tengo ni idea de lo que dije.Te vuelves loca\u00bb, admite, mientras el actor le recuerda que solt\u00f3 \u00abun speech rollo Malcolm X\u00bb.<\/p>\n<p class=\"v-p\">&#8216;Yo, adicto&#8217; est\u00e1 disponible en Disney Plus en EE UU. Su mensaje de superaci\u00f3n ha calado en un pa\u00eds azotado por las drogas. \u00abAqu\u00ed han sufrido la crisis de los opi\u00e1ceos, les toca muy de cerca. No hace falta estar enganchado para que te toque &#8216;Yo, adicto&#8217;\u00bb, observa el actor, que durante los d\u00edas en los que promocionaron la nominaci\u00f3n escuchaba todo el rato dos palabras: \u00abFelicidades\u00bb y \u00abgracias\u00bb. \u00abHa sido muy emocionante\u00bb.<\/p>\n<p class=\"v-p\">Oriol Pla \u00abnunca\u00bb hubiera sospechado que iba a ganar un Emmy. \u00abDe adolescente, so\u00f1aba con actuar alg\u00fan d\u00eda en Nueva York, si te gusta el cine forma parte de tu imaginario. Cuando empec\u00e9 a trabajar en Francia o en Alemania y tuve otro p\u00fablico sent\u00ed tambi\u00e9n alegr\u00eda. Se puede viajar, y eso es muy guay\u00bb. \u00bfEl Emmy marcar\u00e1 un antes y un despu\u00e9s en su carrera? \u00abEso no est\u00e1 en mi mano. Me cambiar\u00e1 la vida de la manera que yo decida y quiera\u00bb.<\/p>\n<p class=\"v-p\">El actor contrast\u00f3 el estado de las cosas en Am\u00e9rica en una gala que, tal como dijo el presentador, era \u00abcomo una peque\u00f1a ONU, pero mucho m\u00e1s guapos\u00bb. Ganaron dos filmes sobre Gaza, y \u00fanicamente unos pocos invitados, entre ellos los espa\u00f1oles, se levantaron a aplaudir. \u00abSolo nos alegramos los indios, los franceses y nosotros. La mayor\u00eda de la sala parec\u00eda refunfu\u00f1ar. Cuando se utiliz\u00f3 la palabra genocidio no palp\u00e9 la sensaci\u00f3n que yo experimento con este tema. Me choc\u00f3 mucho, me violent\u00f3 esa otra realidad, ese otro relato\u00bb.<\/p>\n<p class=\"v-p\">Pla y Giner han repetido juntos en &#8216;Esta soledad&#8217;, una pel\u00edcula que acaban de rodar en Bilbao, la historia de una pareja (Pla y Marina Salas) que acaba de separarse. \u00abEs muy distinta a &#8216;Yo, adicto&#8217;, mucho m\u00e1s sutil, silenciosa e intimista\u00bb, promete su director.<\/p>\n","protected":false},"excerpt":{"rendered":"\u00abHacer historia\u00bb es una expresi\u00f3n que se utiliza a la ligera, pero en el caso de Oriol Pla&hellip;\n","protected":false},"author":2,"featured_media":255601,"comment_status":"","ping_status":"","sticky":false,"template":"","format":"standard","meta":{"footnotes":""},"categories":[91],"tags":[1563,146,147,25,24,64305,694,30746,6144,42386,753,55498,64306,3932,57,23],"class_list":{"0":"post-255600","1":"post","2":"type-post","3":"status-publish","4":"format-standard","5":"has-post-thumbnail","7":"category-entretenimiento","8":"tag-dos","9":"tag-entertainment","10":"tag-entretenimiento","11":"tag-es","12":"tag-espana","13":"tag-ganaron","14":"tag-gaza","15":"tag-mayoria","16":"tag-oriol","17":"tag-parecia","18":"tag-peliculas","19":"tag-pla","20":"tag-refunfunar","21":"tag-sala","22":"tag-sobre","23":"tag-spain"},"share_on_mastodon":{"url":"https:\/\/pubeurope.com\/@es\/115612190541799293","error":""},"_links":{"self":[{"href":"https:\/\/www.europesays.com\/es\/wp-json\/wp\/v2\/posts\/255600","targetHints":{"allow":["GET"]}}],"collection":[{"href":"https:\/\/www.europesays.com\/es\/wp-json\/wp\/v2\/posts"}],"about":[{"href":"https:\/\/www.europesays.com\/es\/wp-json\/wp\/v2\/types\/post"}],"author":[{"embeddable":true,"href":"https:\/\/www.europesays.com\/es\/wp-json\/wp\/v2\/users\/2"}],"replies":[{"embeddable":true,"href":"https:\/\/www.europesays.com\/es\/wp-json\/wp\/v2\/comments?post=255600"}],"version-history":[{"count":0,"href":"https:\/\/www.europesays.com\/es\/wp-json\/wp\/v2\/posts\/255600\/revisions"}],"wp:featuredmedia":[{"embeddable":true,"href":"https:\/\/www.europesays.com\/es\/wp-json\/wp\/v2\/media\/255601"}],"wp:attachment":[{"href":"https:\/\/www.europesays.com\/es\/wp-json\/wp\/v2\/media?parent=255600"}],"wp:term":[{"taxonomy":"category","embeddable":true,"href":"https:\/\/www.europesays.com\/es\/wp-json\/wp\/v2\/categories?post=255600"},{"taxonomy":"post_tag","embeddable":true,"href":"https:\/\/www.europesays.com\/es\/wp-json\/wp\/v2\/tags?post=255600"}],"curies":[{"name":"wp","href":"https:\/\/api.w.org\/{rel}","templated":true}]}}