{"id":255612,"date":"2025-11-25T20:28:10","date_gmt":"2025-11-25T20:28:10","guid":{"rendered":"https:\/\/www.europesays.com\/es\/255612\/"},"modified":"2025-11-25T20:28:10","modified_gmt":"2025-11-25T20:28:10","slug":"para-sinner-y-alcaraz-la-copa-davis-jamas-sera-una-prioridad","status":"publish","type":"post","link":"https:\/\/www.europesays.com\/es\/255612\/","title":{"rendered":"\u201cPara Sinner y Alcaraz, la Copa Davis jam\u00e1s ser\u00e1 una prioridad\u201d"},"content":{"rendered":"<p data-gtm-element-container=\"modulo-texto-link\" class=\"paragraph\"><strong>La Copa Davis puso el pasado domingo fin a la temporada 2025<\/strong>. Lo hizo con el triunfo de Italia, que se alz\u00f3 con la &#8216;ensaladera&#8217; por tercer a\u00f1o consecutivo, con el m\u00e9rito a\u00f1adido de hacerlo sin su mejor jugador, <strong>Jannik Sinner<\/strong>.<\/p>\n<p data-gtm-element-container=\"modulo-texto-link\" class=\"paragraph\">A la baja del italiano, que prefiri\u00f3 descansar para afrontar con plenas garant\u00edas la pretemporada, <strong>se uni\u00f3 la de Carlos Alcaraz, tocado f\u00edsicamente tras la disputa de las ATP Finals<\/strong>. Su ausencia marc\u00f3 una fase final que tuvo tensi\u00f3n y emoci\u00f3n durante toda la semana, aunque hay quien a\u00f1ora el antiguo formato de la competici\u00f3n.<\/p>\n<p data-gtm-element-container=\"modulo-texto-link\" class=\"paragraph\">\u201c\u00bfMi opini\u00f3n sobre la nueva Copa Davis? Bueno, <strong>la han transformado por completo, dicen que para peor [\u2026] Sinceramente, yo tambi\u00e9n lo creo<\/strong>. Los mejores jugadores piden disputarla cada dos a\u00f1os, no s\u00e9 qu\u00e9 pensar\u00bb opin\u00f3 el recientemente retirado Fabio Fognini en una entrevista a &#8216;El Corriere della Sera&#8217;.<\/p>\n<p>    Lee tambi\u00e9n<\/p>\n<p data-gtm-element-container=\"modulo-texto-link\" class=\"paragraph\">\u00abPor supuesto, la ausencia de Sinner y Alcaraz provoc\u00f3 que perdiera algo de brillo, la realidad es que faltaban nombres del top10, donde solo estaba Zverev. Esto no es algo bueno para la competici\u00f3n, <strong>hay que revisar el formato, pero la prioridad de Jannik y Carlos nunca ser\u00e1 la Copa Davis<\/strong>\u201d lament\u00f3 el italiano, que reconoci\u00f3 que no est\u00e1 siguiendo mucho el tenis desde que colg\u00f3 la raqueta.<\/p>\n<blockquote class=\"twitter-tweet\" data-lang=\"es\"><p>\n<a href=\"https:\/\/twitter.com\/BastienFachan\/status\/1868099452529230048\" rel=\"nofollow noopener\" target=\"_blank\">\n<\/p><\/blockquote>\n<p data-gtm-element-container=\"modulo-texto-link\" class=\"paragraph\">\u00ab<strong>Hoy sigo algunos resultados a distancia, pero confieso que ya no veo tenis, me desconect\u00e9 por completo<\/strong>. No Fognini, no party. Aunque s\u00ed saqu\u00e9 tiempo para mandarle un par de mensajes a Flavio (Cobolli) para felicitarle por los partidos que gan\u00f3, adem\u00e1s jugando como a m\u00ed me gusta\u201d concluy\u00f3 Fognini, que es actualmente uno de los concursantes de la versi\u00f3n italiana de &#8216;Bailando con las Estrellas&#8217;.\u00a0<\/p>\n<p><script async src=\"https:\/\/platform.twitter.com\/widgets.js\" charset=\"utf-8\"><\/script><\/p>\n","protected":false},"excerpt":{"rendered":"La Copa Davis puso el pasado domingo fin a la temporada 2025. Lo hizo con el triunfo de&hellip;\n","protected":false},"author":2,"featured_media":255613,"comment_status":"","ping_status":"","sticky":false,"template":"","format":"standard","meta":{"footnotes":""},"categories":[274],"tags":[168,25,24,23,167,327,326],"class_list":{"0":"post-255612","1":"post","2":"type-post","3":"status-publish","4":"format-standard","5":"has-post-thumbnail","7":"category-tenis","8":"tag-deportes","9":"tag-es","10":"tag-espana","11":"tag-spain","12":"tag-sports","13":"tag-tenis","14":"tag-tennis"},"share_on_mastodon":{"url":"https:\/\/pubeurope.com\/@es\/115612228377734604","error":""},"_links":{"self":[{"href":"https:\/\/www.europesays.com\/es\/wp-json\/wp\/v2\/posts\/255612","targetHints":{"allow":["GET"]}}],"collection":[{"href":"https:\/\/www.europesays.com\/es\/wp-json\/wp\/v2\/posts"}],"about":[{"href":"https:\/\/www.europesays.com\/es\/wp-json\/wp\/v2\/types\/post"}],"author":[{"embeddable":true,"href":"https:\/\/www.europesays.com\/es\/wp-json\/wp\/v2\/users\/2"}],"replies":[{"embeddable":true,"href":"https:\/\/www.europesays.com\/es\/wp-json\/wp\/v2\/comments?post=255612"}],"version-history":[{"count":0,"href":"https:\/\/www.europesays.com\/es\/wp-json\/wp\/v2\/posts\/255612\/revisions"}],"wp:featuredmedia":[{"embeddable":true,"href":"https:\/\/www.europesays.com\/es\/wp-json\/wp\/v2\/media\/255613"}],"wp:attachment":[{"href":"https:\/\/www.europesays.com\/es\/wp-json\/wp\/v2\/media?parent=255612"}],"wp:term":[{"taxonomy":"category","embeddable":true,"href":"https:\/\/www.europesays.com\/es\/wp-json\/wp\/v2\/categories?post=255612"},{"taxonomy":"post_tag","embeddable":true,"href":"https:\/\/www.europesays.com\/es\/wp-json\/wp\/v2\/tags?post=255612"}],"curies":[{"name":"wp","href":"https:\/\/api.w.org\/{rel}","templated":true}]}}