{"id":255618,"date":"2025-11-25T20:32:11","date_gmt":"2025-11-25T20:32:11","guid":{"rendered":"https:\/\/www.europesays.com\/es\/255618\/"},"modified":"2025-11-25T20:32:11","modified_gmt":"2025-11-25T20:32:11","slug":"el-sevilla-anuncia-puertas-abiertas-antes-del-derbi-y-el-betis-recoge-el-guante","status":"publish","type":"post","link":"https:\/\/www.europesays.com\/es\/255618\/","title":{"rendered":"El Sevilla anuncia &#8216;puertas abiertas&#8217; antes del derbi y el Betis recoge el guante"},"content":{"rendered":"<p>El club nervionense ha comunicado que el \u00faltimo entrenamiento del equipo antes del derbi, el s\u00e1bado, ser\u00e1 a puerta abiertas en el S\u00e1nchez-Pizju\u00e1n, y en Heli\u00f3polis se plantean hacerlo en La Cartuja, pero han aplazado su decisi\u00f3n<\/p>\n<p class=\"parrafo\">A estas alturas no hace falta explicar que <strong>el derbi hispalense trasciende el puro \u00e1mbito deportivo para erigirse en una vor\u00e1gine pasional <\/strong>en la que entran en juego un sinf\u00edn de factores, no solo los meramente futbol\u00edsticos, sino tambi\u00e9n los sentimentales por su enorme carga emocional, y es fundamental trabajar tambi\u00e9n estos aspectos.<\/p>\n<p class=\"parrafo\">En los clubes saben de la importancia de esta realidad e igualmente <strong>se preparan en este sentido para disparar la motivaci\u00f3n<\/strong>, ya de por s\u00ed intr\u00ednseca para los jugadores de la casa, y fomentar una comuni\u00f3n absolutamente vital para esta citas.<\/p>\n<p>El s\u00e1bado, entrenamiento a puerta del Sevilla en el S\u00e1nchez-Pizju\u00e1n<\/p>\n<p class=\"parrafo\">Por ello, <strong>el Sevilla se ha apresurado a anunciar esta ma\u00f1ana &#8216;una fiesta&#8217; con su afici\u00f3n <\/strong>un d\u00eda antes del derbi para jugarlo con el tanque de frenes\u00ed e ilusi\u00f3n hasta arriba, lo que gana m\u00e1s importancia despu\u00e9s de la dolorosa derrota del pasado lunes contra el Espanyol.<\/p>\n<p class=\"parrafo\">De esa forma, <strong>el club ha comunicado que el \u00faltimo entrenamiento del equipo ser\u00e1 en el Ram\u00f3n S\u00e1nchez-Pizju\u00e1n<\/strong>, escenario del primer derbi de la temporada, y <strong>puerta abierta <\/strong>para que los sevillistas puedan presenciarlo y arropar al equipo 24 horas antes de saltar al terreno de juego para medirse contra el Betis.<\/p>\n<p class=\"parrafo\">De ese modo, <strong>este entrenamiento especial tendr\u00e1 lugar en la Bombonera de Nervi\u00f3n el s\u00e1bado 29 a partir de las 12:00 horas<\/strong>, si bien las puertas del estadio se abrir\u00e1n una hora antes para que el sevillismo vayan tomando posiciones. Esta iniciativa es una pr\u00e1ctica habitual en los \u00faltimos a\u00f1os para caldear los \u00e1nimos y &#8216;engorilar&#8217; al equipo.<\/p>\n<p>El Betis estudia hacer lo mismo en La Cartuja antes del derbi <\/p>\n<p class=\"parrafo\">Una vez anunciadas las puertas abiertas por parte nervionense, <strong>el Betis ha recogido el guante y se plantea hacer lo propio en La Cartuja antes del partido<\/strong>, aunque su situaci\u00f3n es diferente a la sevillista, pues el jueves disputa su compromiso europeo contra el Utrecht y <strong>solo dispondr\u00e1 de dos sesiones para preparar espec\u00edficamente el derbi<\/strong>, teniendo en cuenta que el primero suele ser de recuperaci\u00f3n.<\/p>\n<p><a class=\"elementos-rel-t2\" href=\"https:\/\/www.estadiodeportivo.com\/futbol\/sevilla-fc\/mas-picante-para-derbi-con-afirmacion-escude-central-del-sevilla-campo-del-betis-olia-amoniaco-20251125-521545.html\" title=\"M\u00e1s picante para el derbi con la afirmaci\u00f3n de Escud\u00e9, ex central del Sevilla: &quot;En el campo del Betis ol\u00eda a amon\u00edaco&quot;\" rel=\"nofollow noopener\" target=\"_blank\">M\u00e1s picante para el derbi con la afirmaci\u00f3n de Escud\u00e9, ex central del Sevilla: \u00abEn el campo del Betis ol\u00eda a amon\u00edaco\u00bb<img decoding=\"async\" src=\"https:\/\/www.europesays.com\/es\/wp-content\/uploads\/2025\/11\/f0b5838e-3df8-4f66-830c-5a9eebd172b3_320x180.jpeg\" alt=\"M\u00e1s picante para el derbi con la afirmaci\u00f3n de Escud\u00e9, ex central del Sevilla: &quot;En el campo del Betis ol\u00eda a amon\u00edaco&quot;\"\/><\/a><a class=\"elementos-rel-t2\" href=\"https:\/\/www.estadiodeportivo.com\/futbol\/betis\/golpe-efecto-del-betis-con-pellegrini-visperas-del-derbi-con-acercamiento-decisivo-para-renovacion-20251125-521554.html\" title=\"Golpe de efecto del Betis con Pellegrini en v\u00edsperas del derbi con un acercamiento decisivo para su renovaci\u00f3n  \" rel=\"nofollow noopener\" target=\"_blank\">Golpe de efecto del Betis con Pellegrini en v\u00edsperas del derbi con un acercamiento decisivo para su renovaci\u00f3n  <img decoding=\"async\" src=\"https:\/\/www.europesays.com\/es\/wp-content\/uploads\/2025\/11\/6427267a-935c-421b-a6f8-6c4a9a777235_320x180.jpeg\" alt=\"Golpe de efecto del Betis con Pellegrini en v\u00edsperas del derbi con un acercamiento decisivo para su renovaci\u00f3n  \"\/><\/a><a class=\"elementos-rel-t2\" href=\"https:\/\/www.estadiodeportivo.com\/futbol\/betis\/real-betis-presenta-equipacion-para-gran-derbi-ante-sevilla-con-isco-alarcon-como-modelo-20251125-521530.html\" title=\"El Real Betis presenta su equipaci\u00f3n para El Gran Derbi ante el Sevilla FC con Isco Alarc\u00f3n como modelo \" rel=\"nofollow noopener\" target=\"_blank\">El Real Betis presenta su equipaci\u00f3n para El Gran Derbi ante el Sevilla FC con Isco Alarc\u00f3n como modelo <img decoding=\"async\" src=\"https:\/\/www.europesays.com\/es\/wp-content\/uploads\/2025\/11\/94196451-90f6-40c8-8dd7-817759506b58_320x180.jpeg\" alt=\"El Real Betis presenta su equipaci\u00f3n para El Gran Derbi ante el Sevilla FC con Isco Alarc\u00f3n como modelo \"\/><\/a><\/p>\n<p class=\"parrafo\">As\u00ed las cosas, <strong>el cuerpo t\u00e9cnico decidir\u00e1 despu\u00e9s del choque contra los neerlandeses si finalmente atiende la petici\u00f3n del beticismo <\/strong>y hacen lo mismo que el Sevilla con un entrenamiento abierto en La Cartuja.<\/p>\n<p class=\"parrafo\">Obviamente, <strong>ser\u00e1 la primera vez que esto sucediera en el nuevo feudo verdiblanco<\/strong>, donde apenas si ha entrenado en este curso, pues habitualmente se ejercita en la Ciudad Deportiva Luis del Sol. Desde luego, a la afici\u00f3n le encantar\u00eda dar un empuj\u00f3n al equipo en las horas previas a la gran cita en el Ram\u00f3n S\u00e1nchez-Pizju\u00e1n.<\/p>\n","protected":false},"excerpt":{"rendered":"El club nervionense ha comunicado que el \u00faltimo entrenamiento del equipo antes del derbi, el s\u00e1bado, ser\u00e1 a&hellip;\n","protected":false},"author":2,"featured_media":255619,"comment_status":"","ping_status":"","sticky":false,"template":"","format":"standard","meta":{"footnotes":""},"categories":[268],"tags":[168,60062,25,24,284,280,282,286,2993,281,23,167],"class_list":{"0":"post-255618","1":"post","2":"type-post","3":"status-publish","4":"format-standard","5":"has-post-thumbnail","7":"category-futbol","8":"tag-deportes","9":"tag-el-gran-derbi","10":"tag-es","11":"tag-espana","12":"tag-estadio-deportivo","13":"tag-football","14":"tag-futbol","15":"tag-real-betis-balompie","16":"tag-sevilla-futbol-club","17":"tag-soccer","18":"tag-spain","19":"tag-sports"},"share_on_mastodon":{"url":"https:\/\/pubeurope.com\/@es\/115612244514026113","error":""},"_links":{"self":[{"href":"https:\/\/www.europesays.com\/es\/wp-json\/wp\/v2\/posts\/255618","targetHints":{"allow":["GET"]}}],"collection":[{"href":"https:\/\/www.europesays.com\/es\/wp-json\/wp\/v2\/posts"}],"about":[{"href":"https:\/\/www.europesays.com\/es\/wp-json\/wp\/v2\/types\/post"}],"author":[{"embeddable":true,"href":"https:\/\/www.europesays.com\/es\/wp-json\/wp\/v2\/users\/2"}],"replies":[{"embeddable":true,"href":"https:\/\/www.europesays.com\/es\/wp-json\/wp\/v2\/comments?post=255618"}],"version-history":[{"count":0,"href":"https:\/\/www.europesays.com\/es\/wp-json\/wp\/v2\/posts\/255618\/revisions"}],"wp:featuredmedia":[{"embeddable":true,"href":"https:\/\/www.europesays.com\/es\/wp-json\/wp\/v2\/media\/255619"}],"wp:attachment":[{"href":"https:\/\/www.europesays.com\/es\/wp-json\/wp\/v2\/media?parent=255618"}],"wp:term":[{"taxonomy":"category","embeddable":true,"href":"https:\/\/www.europesays.com\/es\/wp-json\/wp\/v2\/categories?post=255618"},{"taxonomy":"post_tag","embeddable":true,"href":"https:\/\/www.europesays.com\/es\/wp-json\/wp\/v2\/tags?post=255618"}],"curies":[{"name":"wp","href":"https:\/\/api.w.org\/{rel}","templated":true}]}}