{"id":255620,"date":"2025-11-25T20:33:11","date_gmt":"2025-11-25T20:33:11","guid":{"rendered":"https:\/\/www.europesays.com\/es\/255620\/"},"modified":"2025-11-25T20:33:11","modified_gmt":"2025-11-25T20:33:11","slug":"alejandra-rubio-desvela-si-va-a-comprar-el-atico-duplex-de-mayra-gomez-kemp-valorado-en-mas-de-un-millon-de-euros","status":"publish","type":"post","link":"https:\/\/www.europesays.com\/es\/255620\/","title":{"rendered":"Alejandra Rubio desvela si va a comprar el \u00e1tico d\u00faplex de Mayra G\u00f3mez Kemp, valorado en m\u00e1s de un mill\u00f3n de euros"},"content":{"rendered":"<p>Alejandra Rubio y Carlo Costanzia buscan casa. <b>La feliz pareja quiere dejar de vivir de alquiler y adquirir una vivienda en propiedad<\/b>, pero no una cualquiera. Pese a lo tensionado que est\u00e1 el mercado inmobiliario en Madrid y lo j\u00f3venes que son, el italiano y la hija de Terelu Campos son de esos pocos treinta\u00f1eros privilegiados que pueden, al menos, valorar la posibilidad de convertirse en due\u00f1os de su propio hogar.<\/p>\n<p>De hecho, la nieta de Mar\u00eda Teresa Campos fue vista la semana pasada visitando la casa de su compa\u00f1era Marta L\u00f3pez, que est\u00e1 en venta. Un chal\u00e9 de 1.300.000 euros con el que la mayor\u00eda de ciudadanos solo puede so\u00f1ar, pero en el que Alejandra se mostr\u00f3 interesada. Ante las cr\u00edticas de los espectadores que dieron por hecho que su padre le costear\u00eda la vivienda, la tertuliana admiti\u00f3 que <b>se encuentra \u201cfuera de sus posibilidades\u201d y que fue \u00e9l quien le puso \u201clos pies en la tierra\u201d<\/b> para que se fijara en algo m\u00e1s asequible.<\/p>\n<p>En las \u00faltimas horas se ha publicado que Rubio habr\u00eda puesto sus ojos en el \u00e1tico duplex que perteneci\u00f3 a Mayra G\u00f3mez Kemp. Se acaba de poner a la venta por 1,25 millones de euros y se trata de <b>una vivienda de 157 metros cuadrados ubicada en el c\u00e9ntrico barrio de Arg\u00fcelles<\/b>, en Madrid, a solo un par de minutos de la Plaza de Espa\u00f1a y del Templo de Debod.<\/p>\n<p><img decoding=\"async\" loading=\"lazy\" src=\"https:\/\/www.europesays.com\/es\/wp-content\/uploads\/2025\/11\/1764102791_416_58.jpg\" alt=\"Alejandra Rubio desmiente que vaya a comprar la casa de Marta L\u00f3pez\" width=\"1920\" height=\"1440\"\/><b>Alejandra Rubio desmiente que vaya a comprar la casa de Marta L\u00f3pez<\/b>Europa Press<\/p>\n<p>La distribuci\u00f3n es poco com\u00fan: en la planta de entrada se encuentra la zona de d\u00eda, con <b>un sal\u00f3n-comedor amplio de techos altos, cocina independiente y un ba\u00f1o<\/b>, mientras que una elegante escalera de caracol da acceso a la planta inferior, dedicada al descanso, con tres dormitorios (el principal con ba\u00f1o en suite) y otro cuarto de ba\u00f1o.<\/p>\n<p><b>Destaca especialmente su terraza, dividida en una parte abierta con vistas despejadas y otra acristalada para disfrutar del exterior con privacidad<\/b>. Adem\u00e1s, la vivienda incluye una plaza de garaje, y aunque necesita una reforma integral, esto tambi\u00e9n puede ser una ventaja para quien quiera poner su sello personal.<\/p>\n<p>Incluso una vecina asegura haber visto a Alejandra Rubio el d\u00eda de la supuesta visita a la casa, pero <b>la hija de Terelu Campos acaba de desmentir que se haya interesado en el \u00e1tico en el que vivi\u00f3 Mayra G\u00f3mez Kemp<\/b>.<\/p>\n<p>\u201c<b>No he visitado esa casa, la se\u00f1ora que dice que me ha visto se habr\u00e1 confundido<\/b>. Adem\u00e1s, no encaja con mis preferencias una casa en el centro de Madrid, me gustar\u00eda una en las afueras. No he ido a ver ese piso. Si fuera as\u00ed, lo dir\u00eda, igual que he dicho que he ido a ver la casa de Marta L\u00f3pez\u201d.<\/p>\n<p>Entre las caracter\u00edsticas que debe tener su casa ideal y que no cumple la de Mayra se encuentra un amplio jard\u00edn, \u201c<b>porque tengo muchos animales<\/b>\u201d. Seguir\u00e1 buscando.<\/p>\n","protected":false},"excerpt":{"rendered":"Alejandra Rubio y Carlo Costanzia buscan casa. La feliz pareja quiere dejar de vivir de alquiler y adquirir&hellip;\n","protected":false},"author":2,"featured_media":255621,"comment_status":"","ping_status":"","sticky":false,"template":"","format":"standard","meta":{"footnotes":""},"categories":[174],"tags":[255,146,147,25,24,256,23],"class_list":{"0":"post-255620","1":"post","2":"type-post","3":"status-publish","4":"format-standard","5":"has-post-thumbnail","7":"category-famosos","8":"tag-celebrities","9":"tag-entertainment","10":"tag-entretenimiento","11":"tag-es","12":"tag-espana","13":"tag-famosos","14":"tag-spain"},"share_on_mastodon":{"url":"https:\/\/pubeurope.com\/@es\/115612247980277192","error":""},"_links":{"self":[{"href":"https:\/\/www.europesays.com\/es\/wp-json\/wp\/v2\/posts\/255620","targetHints":{"allow":["GET"]}}],"collection":[{"href":"https:\/\/www.europesays.com\/es\/wp-json\/wp\/v2\/posts"}],"about":[{"href":"https:\/\/www.europesays.com\/es\/wp-json\/wp\/v2\/types\/post"}],"author":[{"embeddable":true,"href":"https:\/\/www.europesays.com\/es\/wp-json\/wp\/v2\/users\/2"}],"replies":[{"embeddable":true,"href":"https:\/\/www.europesays.com\/es\/wp-json\/wp\/v2\/comments?post=255620"}],"version-history":[{"count":0,"href":"https:\/\/www.europesays.com\/es\/wp-json\/wp\/v2\/posts\/255620\/revisions"}],"wp:featuredmedia":[{"embeddable":true,"href":"https:\/\/www.europesays.com\/es\/wp-json\/wp\/v2\/media\/255621"}],"wp:attachment":[{"href":"https:\/\/www.europesays.com\/es\/wp-json\/wp\/v2\/media?parent=255620"}],"wp:term":[{"taxonomy":"category","embeddable":true,"href":"https:\/\/www.europesays.com\/es\/wp-json\/wp\/v2\/categories?post=255620"},{"taxonomy":"post_tag","embeddable":true,"href":"https:\/\/www.europesays.com\/es\/wp-json\/wp\/v2\/tags?post=255620"}],"curies":[{"name":"wp","href":"https:\/\/api.w.org\/{rel}","templated":true}]}}