{"id":255637,"date":"2025-11-25T20:45:11","date_gmt":"2025-11-25T20:45:11","guid":{"rendered":"https:\/\/www.europesays.com\/es\/255637\/"},"modified":"2025-11-25T20:45:11","modified_gmt":"2025-11-25T20:45:11","slug":"el-gobierno-espanol-propone-a-una-experta-en-violencia-de-genero-para-reemplazar-al-fiscal-general","status":"publish","type":"post","link":"https:\/\/www.europesays.com\/es\/255637\/","title":{"rendered":"El Gobierno espa\u00f1ol propone a una experta en violencia de g\u00e9nero para reemplazar al fiscal general"},"content":{"rendered":"<p>    <img src=\"https:\/\/www.europesays.com\/es\/wp-content\/uploads\/2025\/11\/2025-11-25T173A213A52Z-90491868.jpg\" width=\"1024\" height=\"682\" alt=\"\" loading=\"eager\" decoding=\"sync\" fetchpriority=\"high\"\/><\/p>\n<p>            afp_tickers        <\/p>\n<p>        Este contenido fue publicado en    <\/p>\n<p>        25 noviembre 2025 &#8211; 18:21\n<\/p>\n<p>El Gobierno de izquierda espa\u00f1ol propuso este martes a una veterana fiscal especializada en violencia de g\u00e9nero para reemplazar al fiscal general del Estado, recientemente condenado por violar el secreto judicial.<\/p>\n<p>\u00c1lvaro Garc\u00eda Ortiz, nombrado en 2022 a propuesta del Gobierno de izquierda, renunci\u00f3 el lunes, luego de haber sido condenado por el Tribunal Supremo a dos a\u00f1os de inhabilitaci\u00f3n para ejercer el cargo y una multa por haber filtrado informaci\u00f3n del novio de una figura de la oposici\u00f3n de derecha sospechoso de fraude fiscal.<\/p>\n<p>Para sustituirlo, el Gobierno del socialista Pedro S\u00e1nchez propuso este martes a Teresa Peramato, una fiscal con 35 a\u00f1os de experiencia que tuvo un papel importante en la elaboraci\u00f3n de la ley contra la violencia de g\u00e9nero en 2004 y ha ocupado varios puestos importantes en ese \u00e1mbito.<\/p>\n<p>Peramato \u00abes una persona absolutamente id\u00f3nea para llevar a cabo los retos que tiene por delante el Ministerio Fiscal\u00bb y \u00abcon un compromiso feminista indiscutible\u00bb, asever\u00f3 en rueda de prensa el ministro de Justicia, F\u00e9lix Bola\u00f1os.<\/p>\n<p>Su nominaci\u00f3n debe ser examinada por el \u00f3rgano rector del poder judicial y por el comit\u00e9 de justicia del Parlamento, antes de su nombramiento formal por el rey Felipe VI.\u00a0<\/p>\n<p>Miguel Tellado, secretario general del Partido Popular (PP, derecha), el principal de oposici\u00f3n, critic\u00f3 la designaci\u00f3n, afirmando que S\u00e1nchez usa \u00ablas instituciones del Estado y especialmente la Fiscal\u00eda General del Estado, para defender a su Gobierno y a su entorno personal de las causas judiciales\u00bb.<\/p>\n<p>S\u00e1nchez se encuentra debilitado por varias otras causas judiciales contra miembros de su entorno, como su esposa Bego\u00f1a G\u00f3mez, su hermano David o antiguos aliados pol\u00edticos como su exministro y cercano colaborador Jos\u00e9 Luis \u00c1balos.<\/p>\n<p>Garc\u00eda Ortiz, el primer fiscal general del Estado en funciones en haber sido juzgado en la historia de Espa\u00f1a, present\u00f3 formalmente su renuncia el lunes, pero continuar\u00e1 en el cargo hasta que tenga sucesor.<\/p>\n<p>El Tribunal Supremo a\u00fan no ha publicado la sentencia detallada contra Garc\u00eda Ortiz, que siempre defendi\u00f3 su inocencia.<\/p>\n<p>\u00abTengo el convencimiento de haber servido fielmente a la instituci\u00f3n a la que me honro en pertenecer, con una inequ\u00edvoca vocaci\u00f3n de servicio p\u00fablico, sentido del deber y lealtad institucional\u00bb, escribi\u00f3 Garc\u00eda Ortiz en su carta de renuncia.<\/p>\n<p>imm\/mdm\/sbk\/du\/mb<\/p>\n","protected":false},"excerpt":{"rendered":"afp_tickers Este contenido fue publicado en 25 noviembre 2025 &#8211; 18:21 El Gobierno de izquierda espa\u00f1ol propuso este&hellip;\n","protected":false},"author":2,"featured_media":255638,"comment_status":"","ping_status":"","sticky":false,"template":"","format":"standard","meta":{"footnotes":""},"categories":[8],"tags":[17,18,25,24,13,14,4437,11,11894,19,20,7657,9,10,15,16,88,64314,23,90,12,21,22],"class_list":{"0":"post-255637","1":"post","2":"type-post","3":"status-publish","4":"format-standard","5":"has-post-thumbnail","7":"category-espana","8":"tag-breaking-news","9":"tag-breakingnews","10":"tag-es","11":"tag-espana","12":"tag-featured-news","13":"tag-featurednews","14":"tag-government","15":"tag-headlines","16":"tag-judiciary-system-of-justice","17":"tag-latest-news","18":"tag-latestnews","19":"tag-law-and-order","20":"tag-news","21":"tag-noticias","22":"tag-noticias-destacadas","23":"tag-noticiasdestacadas","24":"tag-politics","25":"tag-prosecution","26":"tag-spain","27":"tag-ticker","28":"tag-titulares","29":"tag-ultimas-noticias","30":"tag-ultimasnoticias"},"share_on_mastodon":{"url":"https:\/\/pubeurope.com\/@es\/115612295482921649","error":""},"_links":{"self":[{"href":"https:\/\/www.europesays.com\/es\/wp-json\/wp\/v2\/posts\/255637","targetHints":{"allow":["GET"]}}],"collection":[{"href":"https:\/\/www.europesays.com\/es\/wp-json\/wp\/v2\/posts"}],"about":[{"href":"https:\/\/www.europesays.com\/es\/wp-json\/wp\/v2\/types\/post"}],"author":[{"embeddable":true,"href":"https:\/\/www.europesays.com\/es\/wp-json\/wp\/v2\/users\/2"}],"replies":[{"embeddable":true,"href":"https:\/\/www.europesays.com\/es\/wp-json\/wp\/v2\/comments?post=255637"}],"version-history":[{"count":0,"href":"https:\/\/www.europesays.com\/es\/wp-json\/wp\/v2\/posts\/255637\/revisions"}],"wp:featuredmedia":[{"embeddable":true,"href":"https:\/\/www.europesays.com\/es\/wp-json\/wp\/v2\/media\/255638"}],"wp:attachment":[{"href":"https:\/\/www.europesays.com\/es\/wp-json\/wp\/v2\/media?parent=255637"}],"wp:term":[{"taxonomy":"category","embeddable":true,"href":"https:\/\/www.europesays.com\/es\/wp-json\/wp\/v2\/categories?post=255637"},{"taxonomy":"post_tag","embeddable":true,"href":"https:\/\/www.europesays.com\/es\/wp-json\/wp\/v2\/tags?post=255637"}],"curies":[{"name":"wp","href":"https:\/\/api.w.org\/{rel}","templated":true}]}}