{"id":255675,"date":"2025-11-25T21:19:12","date_gmt":"2025-11-25T21:19:12","guid":{"rendered":"https:\/\/www.europesays.com\/es\/255675\/"},"modified":"2025-11-25T21:19:12","modified_gmt":"2025-11-25T21:19:12","slug":"oficial-el-valencia-cf-anuncia-su-nueva-estructura-deportiva","status":"publish","type":"post","link":"https:\/\/www.europesays.com\/es\/255675\/","title":{"rendered":"OFICIAL. El Valencia CF anuncia su nueva estructura deportiva"},"content":{"rendered":"<p class=\"ft-text\">El Valencia CF anuncia la puesta en marcha de una<a class=\"ft-link ft-link--decoration\" href=\"https:\/\/www.valenciacf.com\/comunicado-oficial-nueva-estructura-deportiva\" target=\"_blank\" rel=\"nofollow noopener\"> nueva estructura deportiva<\/a> con el objetivo \u00abde impulsar el crecimiento deportivo y la mejora competitiva a lo largo de las pr\u00f3ximas temporadas\u00bb. Los nombramientos de <strong>Lisandro Isei, Hans Gillhaus y Andr\u00e9s Zamora Patacchiola<\/strong> \u00abayudar\u00e1n al Valencia CF a responder a los retos del mercado de fichajes a nivel nacional e internacional\u00bb, han informado fuentes del club. El anuncio de la nueva estructura llega tras volver el CEO Ron Gourlay de su viaje a Singapur donde se reuni\u00f3 con el m\u00e1ximo accionista Peter Lim para recibir el visto bueno.<\/p>\n<p class=\"ft-text\">Con efecto inmediato, el club incorpora <strong>bajo la direcci\u00f3n de Ron Gourlay, CEO de F\u00fatbol<\/strong>, a tres profesionales \u00abcuya experiencia, conocimiento, contactos y especializaci\u00f3n reforzar\u00e1n la planificaci\u00f3n deportiva del primer equipo y de la Academia VCF\u00bb.<\/p>\n<p><img decoding=\"async\" src=\"https:\/\/www.europesays.com\/es\/wp-content\/uploads\/2025\/11\/33baffec-190d-4217-b009-d030c43c8d42_alta-libre-aspect-ratio_default_0.jpg\" width=\"1200\" height=\"1200\" alt=\"Lisandro Isei .\" class=\"ft-helper-img-rd\" loading=\"lazy\"\/><\/p>\n<p class=\"ft-helper-fontColor-quaternary ft-helper-fontSize-body-S ft-helper-spacer-t-xxs\">Lisandro Isei .  \/ Perfil &#8216;X&#8217; Lisandro Isei<\/p>\n<p class=\"ft-text\"><strong>-Director de Captaci\u00f3n y Scouting: Lisandro Isei.<\/strong> Anteriormente fue Director de Scouting en el Al-Ahli de la Saudi Pro League, donde coincidi\u00f3 con Ron Gourlay. Hasta su llegada al club hab\u00eda trabajado como Head of Analytics &amp; Technical Scouting en el Charlotte FC de los Estados Unidos y como scout para distintos clubes europeos como el Willem II y el FC Dordrecht.<\/p>\n<p class=\"ft-text\"><strong>-Jefe de Scouting para Europa: Hans Gillhaus. <\/strong>Ha trabajado previamente como scout en el PSV Eindhoven, donde fue campe\u00f3n de la Copa de Europa en su etapa como futbolista, y en el Chelsea FC y Arsenal FC, adem\u00e1s de scout internacional para la Atalanta BC. Adem\u00e1s, ha sido director t\u00e9cnico del Zulte Waregem de B\u00e9lgica y coordinador de la red de scouting europea del Sunderland FC.<\/p>\n<p class=\"ft-text\"><strong>-Jefe de Scouting para Sudam\u00e9rica: Andr\u00e9s Zamora Patacchiola. <\/strong>Previamente fue Head Scout de San Lorenzo de Almagro, Scout para Sudam\u00e9rica para el AVS Futebol de Portugal y, recientemente, First Team Scout del Olympique de Marsella para Sudam\u00e9rica.<\/p>\n<p class=\"ft-text\">Tal como se\u00f1alan en la entidad blanquinegra:<a class=\"ft-link ft-link--decoration\" href=\"https:\/\/www.levante-emv.com\/deportes\/2025\/11\/06\/ron-gourlay-acelera-cambios-estructura-123431911.html\" target=\"_blank\" rel=\"nofollow noopener\"> \u00abEstos nombramientos consolidar\u00e1n una estructura moderna y cohesionada<\/a> y potenciar\u00e1n al Valencia CF con un modelo que contar\u00e1 con los est\u00e1ndares organizativos de los clubes m\u00e1s competitivos del f\u00fatbol europeo\u00bb.<\/p>\n<p class=\"ft-text\">La incorporaci\u00f3n de los tres perfiles, subrayan las mismas fuentes, \u00abest\u00e1 plenamente alineada con la visi\u00f3n de futuro del presidente <strong>Kiat Lim<\/strong>, reflejan el compromiso del Club de preparar al Valencia CF para responder a los retos que plantea el mercado de fichajes a nivel nacional e internacional, y<a class=\"ft-link ft-link--decoration\" href=\"https:\/\/www.levante-emv.com\/valencia-cf\/2025\/11\/14\/primer-paso-firme-ron-gourlay-valencia-cf-123723457.html\" target=\"_blank\" rel=\"nofollow noopener\"> combinar\u00e1 el an\u00e1lisis de datos con el trabajo de mercado sobre el terreno\u00bb.<\/a><\/p>\n<p class=\"ft-text\">El nombre de <strong>Hans Gillhaus <\/strong>ya hab\u00eda trascendido en la prensa local y Levante-EMV lo public\u00f3 aunque el Valencia no confirm\u00f3 en su momento que hab\u00eda contactos con \u00e9l. De hecho, lleg\u00f3 a visitar la Ciudad Deportiva de Paterna para conocer de primera mano c\u00f3mo funciona la entidad blanquinegra.<\/p>\n<p>Un central y un delantero centro, prioridades en el mercado de invierno<\/p>\n<p class=\"ft-text\">El nuevo equipo t\u00e9cnico-deportivo tiene mucho trabajo que hacer con vistas ya al mercado de invierno en el que el Valencia CF deber\u00e1 tratar de buscar refuerzos, con un central como prioridad y un delantero centro, sin olvidar otras posiciones como el mediocentro o el lateral derecho, a expensas de c\u00f3mo evolucionen Thierry y Foulquier.<\/p>\n","protected":false},"excerpt":{"rendered":"El Valencia CF anuncia la puesta en marcha de una nueva estructura deportiva con el objetivo \u00abde impulsar&hellip;\n","protected":false},"author":2,"featured_media":255676,"comment_status":"","ping_status":"","sticky":false,"template":"","format":"standard","meta":{"footnotes":""},"categories":[268],"tags":[168,25,24,280,282,21337,21336,58238,281,23,167,5419],"class_list":{"0":"post-255675","1":"post","2":"type-post","3":"status-publish","4":"format-standard","5":"has-post-thumbnail","7":"category-futbol","8":"tag-deportes","9":"tag-es","10":"tag-espana","11":"tag-football","12":"tag-futbol","13":"tag-kiat-lim","14":"tag-peter-lim","15":"tag-ron-gourlay","16":"tag-soccer","17":"tag-spain","18":"tag-sports","19":"tag-valencia-cf"},"share_on_mastodon":{"url":"https:\/\/pubeurope.com\/@es\/115612429251014997","error":""},"_links":{"self":[{"href":"https:\/\/www.europesays.com\/es\/wp-json\/wp\/v2\/posts\/255675","targetHints":{"allow":["GET"]}}],"collection":[{"href":"https:\/\/www.europesays.com\/es\/wp-json\/wp\/v2\/posts"}],"about":[{"href":"https:\/\/www.europesays.com\/es\/wp-json\/wp\/v2\/types\/post"}],"author":[{"embeddable":true,"href":"https:\/\/www.europesays.com\/es\/wp-json\/wp\/v2\/users\/2"}],"replies":[{"embeddable":true,"href":"https:\/\/www.europesays.com\/es\/wp-json\/wp\/v2\/comments?post=255675"}],"version-history":[{"count":0,"href":"https:\/\/www.europesays.com\/es\/wp-json\/wp\/v2\/posts\/255675\/revisions"}],"wp:featuredmedia":[{"embeddable":true,"href":"https:\/\/www.europesays.com\/es\/wp-json\/wp\/v2\/media\/255676"}],"wp:attachment":[{"href":"https:\/\/www.europesays.com\/es\/wp-json\/wp\/v2\/media?parent=255675"}],"wp:term":[{"taxonomy":"category","embeddable":true,"href":"https:\/\/www.europesays.com\/es\/wp-json\/wp\/v2\/categories?post=255675"},{"taxonomy":"post_tag","embeddable":true,"href":"https:\/\/www.europesays.com\/es\/wp-json\/wp\/v2\/tags?post=255675"}],"curies":[{"name":"wp","href":"https:\/\/api.w.org\/{rel}","templated":true}]}}