{"id":255678,"date":"2025-11-25T21:23:10","date_gmt":"2025-11-25T21:23:10","guid":{"rendered":"https:\/\/www.europesays.com\/es\/255678\/"},"modified":"2025-11-25T21:23:10","modified_gmt":"2025-11-25T21:23:10","slug":"me-parecio-un-abuso-de-autoridad-del-estado-contra-mi","status":"publish","type":"post","link":"https:\/\/www.europesays.com\/es\/255678\/","title":{"rendered":"\u00abMe pareci\u00f3 un abuso de autoridad del Estado contra\u00a0m\u00ed\u00bb\u00a0"},"content":{"rendered":"<p class=\"pf0\">En este v\u00eddeo de M\u00e1s Vale Tarde, <b><a title=\"Benjam\u00edn Prado\" href=\"https:\/\/www.lasexta.com\/programas\/la-roca\/benjamin-prado-pone-punto-mira-empresas-casos-corrupcion-ahora-han-ido-rositas_202511236923195fdf41134465e623ea.html\" target=\"_blank\" rel=\"nofollow noopener\">Benjam\u00edn Prado<\/a><\/b><b> recuerda c\u00f3mo vivi\u00f3 su tiempo en la<\/b><b><a title=\" mili\" href=\"https:\/\/www.lasexta.com\/programas\/mas-vale-tarde\/inaki-lopez-tajante-mili-perdida-tiempo-guerras-van-ganar-soldados-leva_202511256925f0306c137a69877c6e50.html\" target=\"_blank\" rel=\"nofollow noopener\"> mili<\/a><\/b>, opini\u00f3n que surge tras el inter\u00e9s de algunos j\u00f3venes por realizar el servicio militar. Sin embargo, <b>el 78% de los espa\u00f1oles no est\u00e1 a favor de que vuelva la mili obligatoria<\/b>.<\/p>\n<p class=\"pf0\">\u00abLa viv\u00ed como una p\u00e9rdida de tiempo absoluta, no aprend\u00ed nada que me interesase\u00bb, comenta el escritor. \u00ab<b>Me pareci\u00f3 un abuso de autoridad del Estado contra m\u00ed<\/b>\u00ab, a\u00f1ade Prado.<\/p>\n<p class=\"pf0\">Asimismo, se\u00f1ala que si se reactiva el servicio militar, este<b> deber\u00eda ser voluntario<\/b> y estar \u00abpagado decentemente\u00bb, ofreciendo adem\u00e1s \u00abformaci\u00f3n de otro tipo\u00bb, como en servicios de emergencias, medioambientales, entre otros. \u00abEso no me parecer\u00eda mal porque es una cosa voluntaria\u00bb, opina Benjam\u00edn Prado.<\/p>\n<p class=\"pf0\">\u00abCualquier atisbo de obligatoriedad con respecto al servicio militar ser\u00eda un <b>retroceso de siglos<\/b>\u00ab, concluye Prado.<\/p>\n<p class=\"L6-news-detail__text\"><b><a title=\"*Sigue a laSexta en Google. Toda la actualidad y el mejor contenido aqu\u00ed\" href=\"https:\/\/profile.google.com\/cp\/CgkvbS8wZG5xehA\" target=\"_blank\" rel=\"nofollow noopener\">*Sigue a laSexta en Google. Toda la actualidad y el mejor contenido aqu\u00ed<\/a><\/b><\/p>\n","protected":false},"excerpt":{"rendered":"En este v\u00eddeo de M\u00e1s Vale Tarde, Benjam\u00edn Prado recuerda c\u00f3mo vivi\u00f3 su tiempo en la mili, opini\u00f3n&hellip;\n","protected":false},"author":2,"featured_media":255679,"comment_status":"","ping_status":"","sticky":false,"template":"","format":"standard","meta":{"footnotes":""},"categories":[171],"tags":[146,147,25,24,23,214],"class_list":{"0":"post-255678","1":"post","2":"type-post","3":"status-publish","4":"format-standard","5":"has-post-thumbnail","7":"category-tv","8":"tag-entertainment","9":"tag-entretenimiento","10":"tag-es","11":"tag-espana","12":"tag-spain","13":"tag-tv"},"share_on_mastodon":{"url":"https:\/\/pubeurope.com\/@es\/115612444583754785","error":""},"_links":{"self":[{"href":"https:\/\/www.europesays.com\/es\/wp-json\/wp\/v2\/posts\/255678","targetHints":{"allow":["GET"]}}],"collection":[{"href":"https:\/\/www.europesays.com\/es\/wp-json\/wp\/v2\/posts"}],"about":[{"href":"https:\/\/www.europesays.com\/es\/wp-json\/wp\/v2\/types\/post"}],"author":[{"embeddable":true,"href":"https:\/\/www.europesays.com\/es\/wp-json\/wp\/v2\/users\/2"}],"replies":[{"embeddable":true,"href":"https:\/\/www.europesays.com\/es\/wp-json\/wp\/v2\/comments?post=255678"}],"version-history":[{"count":0,"href":"https:\/\/www.europesays.com\/es\/wp-json\/wp\/v2\/posts\/255678\/revisions"}],"wp:featuredmedia":[{"embeddable":true,"href":"https:\/\/www.europesays.com\/es\/wp-json\/wp\/v2\/media\/255679"}],"wp:attachment":[{"href":"https:\/\/www.europesays.com\/es\/wp-json\/wp\/v2\/media?parent=255678"}],"wp:term":[{"taxonomy":"category","embeddable":true,"href":"https:\/\/www.europesays.com\/es\/wp-json\/wp\/v2\/categories?post=255678"},{"taxonomy":"post_tag","embeddable":true,"href":"https:\/\/www.europesays.com\/es\/wp-json\/wp\/v2\/tags?post=255678"}],"curies":[{"name":"wp","href":"https:\/\/api.w.org\/{rel}","templated":true}]}}