{"id":255700,"date":"2025-11-25T21:39:11","date_gmt":"2025-11-25T21:39:11","guid":{"rendered":"https:\/\/www.europesays.com\/es\/255700\/"},"modified":"2025-11-25T21:39:11","modified_gmt":"2025-11-25T21:39:11","slug":"la-reflexion-de-vasseur-tras-una-sincera-entrevista-a-fraile-en-marca-basta-ya-de-negatividad","status":"publish","type":"post","link":"https:\/\/www.europesays.com\/es\/255700\/","title":{"rendered":"La reflexi\u00f3n de Vasseur tras una sincera entrevista a Fraile en MARCA: \u201cBasta ya de negatividad\u201d"},"content":{"rendered":"<p data-mrf-recirculation=\"Links P\u00e1rrafos\" class=\"ue-c-article__paragraph paragraph ue-c-article--first-letter-highlighted\">El debate sobre la dureza del ciclismo moderno volvi\u00f3 a encenderse tras las sinceras declaraciones de <a href=\"https:\/\/www.marca.com\/ciclismo\/2025\/11\/25\/\" rel=\"nofollow noopener\" target=\"_blank\"><strong>Omar Fraile a MARCA <\/strong>durante el emotivo Memorial Clavero<\/a> del pasado finde. El talentoso ciclista vizca\u00edno, ya retirado tras 14 temporadas, defini\u00f3 de forma sincera el ciclismo actual como \u201cmuy inhumano\u201d y augur\u00f3 carreras m\u00e1s cortas por el desgaste mental y f\u00edsico que exige el <strong>WorldTour<\/strong>. Sus palabras han tenido eco dentro y fuera del pelot\u00f3n.<\/p>\n<p data-mrf-recirculation=\"Links P\u00e1rrafos\" class=\"ue-c-article__paragraph paragraph\">Una de las voces que ha querido responder \u2014no para contradecirle, sino para aportar una mirada complementaria\u2014 ha sido la de <strong>C\u00e9dric Vasseur,<\/strong> exciclista franc\u00e9s y figura hist\u00f3rica del ciclismo europeo. Con un tono firme pero sereno, public\u00f3 un mensaje que r\u00e1pidamente se viraliz\u00f3:<\/p>\n<p data-mrf-recirculation=\"Links P\u00e1rrafos\" class=\"ue-c-article__paragraph paragraph\">\u201c<strong>Estoy cansado de tantos comentarios negativos sobre el ciclismo\u2026 Nadie obliga a nadie a ser ciclista<\/strong>. Es un deporte maravilloso y, si tuviera que elegir de nuevo mi primer trabajo, escoger\u00eda exactamente este. Solo tienes que amarlo\u201d.\u00a0Un recordatorio de que, pese a su crudeza, el ciclismo sigue naciendo de la pasi\u00f3n.<\/p>\n<p data-mrf-recirculation=\"Links P\u00e1rrafos\" class=\"ue-c-article__paragraph paragraph\"><strong>Fraile, entre la sinceridad y el amor por el oficio<\/strong><\/p>\n<p data-mrf-recirculation=\"Links P\u00e1rrafos\" class=\"ue-c-article__paragraph paragraph\">El contraste entre ambas visiones es interesante porque, en realidad, no se contradicen. Fraile no reneg\u00f3 del deporte, ni mucho menos. Su reflexi\u00f3n es la de alguien que ha visto tres generaciones de ciclismo distintas y ha vivido en primera persona la aceleraci\u00f3n del rendimiento, los entrenamientos milim\u00e9tricos y la presi\u00f3n constante por el resultado.<\/p>\n<p data-mrf-recirculation=\"Links P\u00e1rrafos\" class=\"ue-c-article__paragraph paragraph\">\u201cGenera un desgaste enorme. Va a ser dif\u00edcil ver ciclistas con 15 a\u00f1os de carrera\u201d, admit\u00eda.\u00a0Detr\u00e1s de ese an\u00e1lisis duro no hay desamor: Fraile habl\u00f3 con la sonrisa de quien ha disfrutado cada kil\u00f3metro, aunque tambi\u00e9n reconoci\u00f3 que este 2025 le dej\u00f3 la espina de no disputar la \u00faltima LaVuelta de su vida.<\/p>\n<p data-mrf-recirculation=\"Links P\u00e1rrafos\" class=\"ue-c-article__paragraph paragraph\"><strong>Vasseur pide perspectiva: pasi\u00f3n antes que ruido<\/strong><\/p>\n<p data-mrf-recirculation=\"Links P\u00e1rrafos\" class=\"ue-c-article__paragraph paragraph\">El mensaje del franc\u00e9s llega para equilibrar el debate. No niega la exigencia, pero reivindica el factor que mantiene viva esta profesi\u00f3n: la pasi\u00f3n. Ese componente emocional que diferencia al ciclismo de tantos otros trabajos y que, seg\u00fan \u00e9l, no deber\u00eda perderse en medio del ruido y las quejas.<\/p>\n<p data-mrf-recirculation=\"Links P\u00e1rrafos\" class=\"ue-c-article__paragraph paragraph\">Su reflexi\u00f3n enlaza con las palabras del belga Julian Vermote, quien hace poco dec\u00eda que el ciclismo moderno vive obsesionado con los n\u00fameros y los resultados:\u00a0\u201cEs parte del juego, s\u00ed, pero tambi\u00e9n hay que disfrutarlo\u201d.<\/p>\n<p data-mrf-recirculation=\"Links P\u00e1rrafos\" class=\"ue-c-article__paragraph paragraph\"><strong>Un mismo deporte, dos miradas complementarias<\/strong><\/p>\n<p data-mrf-recirculation=\"Links P\u00e1rrafos\" class=\"ue-c-article__paragraph paragraph\">Fraile habla del desgaste de hoy. Vasseur reivindica el amor de siempre. Son dos caras de una misma moneda que explican bien el momento que vive este deporte: m\u00e1s r\u00e1pido, m\u00e1s exigente, m\u00e1s profesionalizado\u2026 pero todav\u00eda sostenido por la misma chispa que mueve a quienes se suben a una bici desde ni\u00f1os.\u00a0La conclusi\u00f3n quiz\u00e1 sea esa:\u00a0El ciclismo puede ser duro, incluso inhumano a veces, pero sigue siendo un deporte maravilloso.<\/p>\n","protected":false},"excerpt":{"rendered":"El debate sobre la dureza del ciclismo moderno volvi\u00f3 a encenderse tras las sinceras declaraciones de Omar Fraile&hellip;\n","protected":false},"author":2,"featured_media":255701,"comment_status":"","ping_status":"","sticky":false,"template":"","format":"standard","meta":{"footnotes":""},"categories":[273],"tags":[313,312,168,25,24,23,167],"class_list":{"0":"post-255700","1":"post","2":"type-post","3":"status-publish","4":"format-standard","5":"has-post-thumbnail","7":"category-ciclismo","8":"tag-ciclismo","9":"tag-cycling","10":"tag-deportes","11":"tag-es","12":"tag-espana","13":"tag-spain","14":"tag-sports"},"share_on_mastodon":{"url":"https:\/\/pubeurope.com\/@es\/115612507345770602","error":""},"_links":{"self":[{"href":"https:\/\/www.europesays.com\/es\/wp-json\/wp\/v2\/posts\/255700","targetHints":{"allow":["GET"]}}],"collection":[{"href":"https:\/\/www.europesays.com\/es\/wp-json\/wp\/v2\/posts"}],"about":[{"href":"https:\/\/www.europesays.com\/es\/wp-json\/wp\/v2\/types\/post"}],"author":[{"embeddable":true,"href":"https:\/\/www.europesays.com\/es\/wp-json\/wp\/v2\/users\/2"}],"replies":[{"embeddable":true,"href":"https:\/\/www.europesays.com\/es\/wp-json\/wp\/v2\/comments?post=255700"}],"version-history":[{"count":0,"href":"https:\/\/www.europesays.com\/es\/wp-json\/wp\/v2\/posts\/255700\/revisions"}],"wp:featuredmedia":[{"embeddable":true,"href":"https:\/\/www.europesays.com\/es\/wp-json\/wp\/v2\/media\/255701"}],"wp:attachment":[{"href":"https:\/\/www.europesays.com\/es\/wp-json\/wp\/v2\/media?parent=255700"}],"wp:term":[{"taxonomy":"category","embeddable":true,"href":"https:\/\/www.europesays.com\/es\/wp-json\/wp\/v2\/categories?post=255700"},{"taxonomy":"post_tag","embeddable":true,"href":"https:\/\/www.europesays.com\/es\/wp-json\/wp\/v2\/tags?post=255700"}],"curies":[{"name":"wp","href":"https:\/\/api.w.org\/{rel}","templated":true}]}}