{"id":25572,"date":"2025-08-04T18:24:08","date_gmt":"2025-08-04T18:24:08","guid":{"rendered":"https:\/\/www.europesays.com\/es\/25572\/"},"modified":"2025-08-04T18:24:08","modified_gmt":"2025-08-04T18:24:08","slug":"fallece-antonio-oteiza-uno-de-los-escultores-que-dio-origen-al-museum-ciriza-oteiza-de-estella","status":"publish","type":"post","link":"https:\/\/www.europesays.com\/es\/25572\/","title":{"rendered":"Fallece Antonio Oteiza, uno de los escultores que dio origen al Museum Ciriza Oteiza de Estella"},"content":{"rendered":"<p>\n        Este lunes ha fallecido <strong>Antonio Oteiza, capuchino, artista y misionero, a la edad de 99 a\u00f1os.<\/strong> El fraile, que naci\u00f3 en San Sebasti\u00e1n en 1926, y <strong>era el menor de siete hermanos<\/strong>, entre ellos el reconocido escultor <a href=\"https:\/\/www.noticiasdenavarra.com\/tags\/jorge-oteiza\/\" title=\"Jorge Oteiza\" target=\"_blank\" class=\"link copy\" rel=\"nofollow noopener\">Jorge Oteiza<\/a>, ha fallecido<strong> a las 7 de la ma\u00f1ana de este lunes<\/strong>.\n<\/p>\n<p class=\"article-body__text \">\n        Fray Antonio Oteiza fue un artista polifac\u00e9tico, conocido por sus esculturas y pinturas religiosas. Sus obras combinan formas org\u00e1nicas con planos geom\u00e9tricos. Oteiza fue tambi\u00e9n un misionero incansable, dedicando su vida a la labor pastoral en B\u00e1yamo (Cuba), Venezuela y los Andes peruanos. En sus viajes por el Amazonas y otras partes del mundo, el fraile document\u00f3 sus experiencias en varios cuadernos y libros, como \u00abAventurero sin equipaje por el Amazonas\u00bb y \u00abCartas parroquiales de Angasmarca\u00bb.\n<\/p>\n<p class=\"article-body__text \">\n        Desde que dej\u00f3 <strong>Am\u00e9rica atr\u00e1s, ideaba volver, pero a\u00fan no sab\u00eda que se iba a a convertir en un aventurero incansable<\/strong>, por los sitios m\u00e1s rec\u00f3nditos de la geograf\u00eda americana. El riesgo, el miedo, lo desconocido, la propia muerte son l\u00edmites que \u00e9l mismo desaf\u00eda con tal suerte, que en varios cuadernos recogi\u00f3 datos importantes para luego narrarnos d\u00eda a d\u00eda, sus vivencias en el r\u00edo Amazonas.\n<\/p>\n<p class=\"article-body__text \">\n        En los \u00faltimos a\u00f1os, su nombre qued\u00f3 unido al del escultor Carlos Ciriza, <strong>con quien dio origen al futuro Museum Ciriza Oteiza, en Estella, en el Camino de Santiago<\/strong>. El funeral se celebrar\u00e1 el martes 5 de agosto a las 12:00 h en la Iglesia de San Antonio de Cuatro Caminos, en la Calle Bravo Murillo, 150 en Madrid.<\/p>\n","protected":false},"excerpt":{"rendered":"Este lunes ha fallecido Antonio Oteiza, capuchino, artista y misionero, a la edad de 99 a\u00f1os. El fraile,&hellip;\n","protected":false},"author":2,"featured_media":25573,"comment_status":"","ping_status":"","sticky":false,"template":"","format":"standard","meta":{"footnotes":""},"categories":[173],"tags":[1247,229,233,231,230,232,13653,234,146,147,25,8998,24,5992,14226,23],"class_list":{"0":"post-25572","1":"post","2":"type-post","3":"status-publish","4":"format-standard","5":"has-post-thumbnail","7":"category-arte-y-diseno","8":"tag-antonio","9":"tag-arte","10":"tag-arte-y-diseno","11":"tag-arts","12":"tag-arts-and-design","13":"tag-design","14":"tag-dio","15":"tag-diseno","16":"tag-entertainment","17":"tag-entretenimiento","18":"tag-es","19":"tag-escultores","20":"tag-espana","21":"tag-fallece","22":"tag-oteiza","23":"tag-spain"},"share_on_mastodon":{"url":"","error":""},"_links":{"self":[{"href":"https:\/\/www.europesays.com\/es\/wp-json\/wp\/v2\/posts\/25572","targetHints":{"allow":["GET"]}}],"collection":[{"href":"https:\/\/www.europesays.com\/es\/wp-json\/wp\/v2\/posts"}],"about":[{"href":"https:\/\/www.europesays.com\/es\/wp-json\/wp\/v2\/types\/post"}],"author":[{"embeddable":true,"href":"https:\/\/www.europesays.com\/es\/wp-json\/wp\/v2\/users\/2"}],"replies":[{"embeddable":true,"href":"https:\/\/www.europesays.com\/es\/wp-json\/wp\/v2\/comments?post=25572"}],"version-history":[{"count":0,"href":"https:\/\/www.europesays.com\/es\/wp-json\/wp\/v2\/posts\/25572\/revisions"}],"wp:featuredmedia":[{"embeddable":true,"href":"https:\/\/www.europesays.com\/es\/wp-json\/wp\/v2\/media\/25573"}],"wp:attachment":[{"href":"https:\/\/www.europesays.com\/es\/wp-json\/wp\/v2\/media?parent=25572"}],"wp:term":[{"taxonomy":"category","embeddable":true,"href":"https:\/\/www.europesays.com\/es\/wp-json\/wp\/v2\/categories?post=25572"},{"taxonomy":"post_tag","embeddable":true,"href":"https:\/\/www.europesays.com\/es\/wp-json\/wp\/v2\/tags?post=25572"}],"curies":[{"name":"wp","href":"https:\/\/api.w.org\/{rel}","templated":true}]}}