{"id":255720,"date":"2025-11-25T21:54:09","date_gmt":"2025-11-25T21:54:09","guid":{"rendered":"https:\/\/www.europesays.com\/es\/255720\/"},"modified":"2025-11-25T21:54:09","modified_gmt":"2025-11-25T21:54:09","slug":"la-fiscalia-pide-un-ano-y-ocho-meses-de-prision-para-chiara-ferragni-por-el-fraude-del-pandorogate","status":"publish","type":"post","link":"https:\/\/www.europesays.com\/es\/255720\/","title":{"rendered":"La Fiscal\u00eda pide un a\u00f1o y ocho meses de prisi\u00f3n para Chiara Ferragni por el fraude del &#8216;Pandorogate&#8217;"},"content":{"rendered":"<p style=\"\">A falta de un mes exacto para el 25 de diciembre, la Fiscal\u00eda de <a href=\"https:\/\/www.abc.es\/noticias\/milan\/\" title=\"www.abc.es\" data-voc-vtm-id=\"in-text-traffic\" data-mrf-link=\"www.abc.es\" rel=\"nofollow noopener\" target=\"_blank\">Mil\u00e1n<\/a> ha presentado este martes su petici\u00f3n en el caso de fraude que involucra a la &#8216;influencer&#8217; Chiara Ferragni, conocido como &#8216;Pandorogate&#8217; y relacionado con productos navide\u00f1os presuntamente ben\u00e9ficos. En  &#8230; concreto, el Ministerio P\u00fablico solicita<strong> un a\u00f1o y ocho meses de prisi\u00f3n<\/strong> para la &#8216;it girl&#8217; y empresaria por un delito de estafa agravada.<\/p>\n<p class=\"voc-p\" style=\"\">Ferragni est\u00e1 siendo juzgada desde septiembre por la promoci\u00f3n fraudulenta de <strong>un pastel pandoro <\/strong>-un dulce navide\u00f1o similar al panettone- de la marca Balocco y unos huevos de Pascua de Dolci Preziosi, que supuestamente recaudaban fondos para causas sociales. Estos dulces los esponsorizaba la agencia de la &#8216;influencer&#8217; como vinculados a sendas campa\u00f1as ben\u00e9ficas. <\/p>\n<p class=\"voc-p\" style=\"\">Afincada en Mil\u00e1n, la &#8216;celebrity&#8217; ha estado presente este martes en la vista a puerta cerrada, donde ha entrado antes del horario de apertura de los juzgados para evitar a los fot\u00f3grafos, y ha negado los cargos. <strong>\u00abTodo lo que hicimos, lo hicimos de buena fe\u00bb<\/strong>, ha afirmado en una declaraci\u00f3n espont\u00e1nea en la sala. Al salir y con el veredicto previsto para enero, Ferragni ha insistido en que se siente \u00abconfiada\u00bb: \u00abNo puedo decir nada m\u00e1s\u00bb. <\/p>\n<p class=\"voc-p\" style=\"\">La estafa agravada conlleva en Italia una pena de c\u00e1rcel de entre uno y cinco a\u00f1os. Sin embargo, la empresaria milanesa ha optado por un juicio r\u00e1pido, que ofrece a los acusados una reducci\u00f3n de un tercio de la condena. En este caso, <strong>no puede ser sentenciada a m\u00e1s de dos a\u00f1os y tres meses<\/strong>, seg\u00fan una fuente cercana a su equipo. <\/p>\n<p class=\"voc-p\" style=\"\">El n\u00facleo del caso &#8216;Pandorogate&#8217; se remonta a la Navidad de 2022, cuando Balocco lanz\u00f3 al mercado un pandoro promocionado por la marca Ferragni. La campa\u00f1a publicitaria suger\u00eda que, al comprar este dulce, <strong>los consumidores contribuir\u00edan a una donaci\u00f3n ben\u00e9fica<\/strong> al Hospital Regina Margherita de Tur\u00edn. <\/p>\n<p class=\"voc-p\" style=\"\">Sin embargo, la investigaci\u00f3n realizada por la Autoridad Garante de la Competencia y del Mercado (AGCM, el organismo antimonopolio italiano) revel\u00f3 que la donaci\u00f3n por parte de Balocco al hospital (de 50.000 euros) se hab\u00eda realizado <strong>meses antes de la campa\u00f1a<\/strong> y que las ventas del producto (unos nueve euros frente a los tres o cuatro de un pandoro normal) no estaban vinculadas directamente al importe donado. <\/p>\n<p class=\"voc-p\" style=\"\">Las empresas de Ferragni, por su parte, <strong>obtuvieron m\u00e1s de un mill\u00f3n de euros<\/strong> en concepto de honorarios por la licencia de la marca y la promoci\u00f3n. A espera de la sentencia, la &#8216;influencer&#8217; y sus abogados conf\u00edan en que las personas sin antecedentes condenadas a menos de dos a\u00f1os rara vez entran en prisi\u00f3n. <\/p>\n","protected":false},"excerpt":{"rendered":"A falta de un mes exacto para el 25 de diciembre, la Fiscal\u00eda de Mil\u00e1n ha presentado este&hellip;\n","protected":false},"author":2,"featured_media":255721,"comment_status":"","ping_status":"","sticky":false,"template":"","format":"standard","meta":{"footnotes":""},"categories":[42],"tags":[1611,17,18,20867,13,14,64329,4767,6986,11,61,62,63,64,19,20,1140,9,10,15,16,2799,64330,34,16733,12,21,22,65,66,67],"class_list":{"0":"post-255720","1":"post","2":"type-post","3":"status-publish","4":"format-standard","5":"has-post-thumbnail","7":"category-internacional","8":"tag-ano","9":"tag-breaking-news","10":"tag-breakingnews","11":"tag-chiara","12":"tag-featured-news","13":"tag-featurednews","14":"tag-ferragni","15":"tag-fiscalia","16":"tag-fraude","17":"tag-headlines","18":"tag-internacional","19":"tag-international","20":"tag-international-news","21":"tag-internationalnews","22":"tag-latest-news","23":"tag-latestnews","24":"tag-meses","25":"tag-news","26":"tag-noticias","27":"tag-noticias-destacadas","28":"tag-noticiasdestacadas","29":"tag-ocho","30":"tag-pandorogate","31":"tag-pide","32":"tag-prision","33":"tag-titulares","34":"tag-ultimas-noticias","35":"tag-ultimasnoticias","36":"tag-world","37":"tag-world-news","38":"tag-worldnews"},"share_on_mastodon":{"url":"https:\/\/pubeurope.com\/@es\/115612566528294631","error":""},"_links":{"self":[{"href":"https:\/\/www.europesays.com\/es\/wp-json\/wp\/v2\/posts\/255720","targetHints":{"allow":["GET"]}}],"collection":[{"href":"https:\/\/www.europesays.com\/es\/wp-json\/wp\/v2\/posts"}],"about":[{"href":"https:\/\/www.europesays.com\/es\/wp-json\/wp\/v2\/types\/post"}],"author":[{"embeddable":true,"href":"https:\/\/www.europesays.com\/es\/wp-json\/wp\/v2\/users\/2"}],"replies":[{"embeddable":true,"href":"https:\/\/www.europesays.com\/es\/wp-json\/wp\/v2\/comments?post=255720"}],"version-history":[{"count":0,"href":"https:\/\/www.europesays.com\/es\/wp-json\/wp\/v2\/posts\/255720\/revisions"}],"wp:featuredmedia":[{"embeddable":true,"href":"https:\/\/www.europesays.com\/es\/wp-json\/wp\/v2\/media\/255721"}],"wp:attachment":[{"href":"https:\/\/www.europesays.com\/es\/wp-json\/wp\/v2\/media?parent=255720"}],"wp:term":[{"taxonomy":"category","embeddable":true,"href":"https:\/\/www.europesays.com\/es\/wp-json\/wp\/v2\/categories?post=255720"},{"taxonomy":"post_tag","embeddable":true,"href":"https:\/\/www.europesays.com\/es\/wp-json\/wp\/v2\/tags?post=255720"}],"curies":[{"name":"wp","href":"https:\/\/api.w.org\/{rel}","templated":true}]}}