{"id":255722,"date":"2025-11-25T21:55:12","date_gmt":"2025-11-25T21:55:12","guid":{"rendered":"https:\/\/www.europesays.com\/es\/255722\/"},"modified":"2025-11-25T21:55:12","modified_gmt":"2025-11-25T21:55:12","slug":"id-con-cuidado-porque-os-puedo-hacer-mucho-dano","status":"publish","type":"post","link":"https:\/\/www.europesays.com\/es\/255722\/","title":{"rendered":"\u00abId con cuidado porque os puedo hacer mucho da\u00f1o\u00bb"},"content":{"rendered":"<p style=\"\">La sentencia dictada en 2018 por la Audiencia de Baleares condenando a Antonio Mu\u00f1oz Cano, <strong>cu\u00f1ado del exsecretario de Organizaci\u00f3n del PSOE Santos Cerd\u00e1n<\/strong>, por delitos de amenazas en el \u00e1mbito familiar, da\u00f1os y amenazas leves, refleja en su relato de hechos probados que  &#8230; ya entonces quedaba claro que hab\u00eda que tener mucho \u00abcuidado\u00bb con \u00e9l, pues sus propias palabras, incluso reconocidas por el aludido, iban precisamente en ese sentido.<\/p>\n<p class=\"voc-p\" style=\"\">Todo un preludio quiz\u00e1, porque seg\u00fan la Unidad Central Operativa (UCO) de la Guardia Civil, no lo olvidemos, Antonio Mu\u00f1oz Cano estuvo <strong>contratado entre septiembre de 2019 y diciembre de 2022 por Servinabar, la mercantil navarra que utilizaba presuntamente la trama de Santos Cerd\u00e1n para generar comisiones<\/strong> por obras p\u00fablicas del Ministerio de Transportes, como \u00abpe\u00f3n especialista\u00bb en una actuaci\u00f3n asociada al <strong>proyecto de sustituci\u00f3n de los tirantes del puente del Centenario de Sevilla capital<\/strong> y su ampliaci\u00f3n con un carril m\u00e1s. <\/p>\n<p class=\"voc-p\" style=\"\">El citado proyecto, as\u00ed, no deja de dar de hablar, no s\u00f3lo por los retrasos y sobrecostes que arrastra tras su contrataci\u00f3n en 2021, sino por figurar en la <strong>investigaci\u00f3n de la mencionada red de comisiones ilegales<\/strong>. <\/p>\n<p class=\"voc-p\" style=\"\">Al detalle, en esta sentencia de fecha 21 de noviembre de 2018, la Secci\u00f3n Segunda de la Audiencia de Baleares declara probado, por expreso reconocimiento de Antonio Mu\u00f1oz Cano como acusado, que \u00abel 14 de noviembre de 2016, con ocasi\u00f3n de un ingreso hospitalario a consecuencia de un incidente relacionado con unas cuentas corrientes de su suegra, profiri\u00f3 a su mujer, con la que llevaba casado unos 13 a\u00f1os, en presencia de su hermano; y a fin de amedrentarlos\u00bb, la expresi\u00f3n \u00abno me hag\u00e1is una putada que ya veis siendo bueno las cosas malas que hago, siendo malo imaginad lo que os puedo hacer, <strong>me doy miedo a m\u00ed mismo de lo que puedo hacer, id con cuidado porque os puedo hacer mucho da\u00f1o\u00bb. <\/strong><\/p>\n<p class=\"voc-p\" style=\"\">La sentencia declara adem\u00e1s probado que el 20 de noviembre de 2016, la esposa del acusado le plante\u00f3 su decisi\u00f3n de separarse de \u00e9l, extremo que el inculpado \u00abnunca lleg\u00f3 a asimilar del todo\u00bb, marco este en el cual el d\u00eda 25 de ese mes habr\u00eda amedrentado al hermano de su pareja con las palabras de <strong>\u00abte voy a matar, a arrancar la cabeza, te voy a ver vestido de luto\u00bb. <\/strong><\/p>\n<p class=\"voc-p\" style=\"\">La sentencia a\u00f1ade que la madrugada del 30 de noviembre de ese a\u00f1o, el acusado se dirigi\u00f3 a la vivienda de su suegra, a la que su mujer \u00abse hab\u00eda trasladado a vivir junto con los dos hijos menores comunes del matrimonio de 7 y 11 a\u00f1os de edad, este \u00faltimo con una diversidad funcional que le impide caminar\u00bb y \u00aba sabiendas de que los mismos estar\u00edan durmiendo en su interior, accedi\u00f3 al interior escalando la pared, <strong>abri\u00f3 la puerta de la cochera con llave que estaba puesta en la cerradura, (&#8230;) cogi\u00f3 varios objetos y los dispuso junto a las ruedas del autom\u00f3vil, les prendi\u00f3 fuego y abandon\u00f3 el lugar, dejando abierta la puerta por donde hab\u00eda entrado, lo que provoc\u00f3 la propagaci\u00f3n del incendio<\/strong> en direcci\u00f3n a las estancias de la vivienda, donde se encontraban pernoctando su suegra, esposa y dos hijos\u00bb. <\/p>\n<p>\nTodo \u00aba sabiendas\u00bb\n<\/p>\n<p class=\"voc-p\" style=\"\">Ello, \u00ab<strong>poniendo en riesgo as\u00ed la integridad f\u00edsica y la vida no s\u00f3lo de sus familiares, sino de los moradores de la vivienda colindante<\/strong>, que igualmente qued\u00f3 levemente afectada, a sabiendas del peligro inherente a su acci\u00f3n o asumiendo que podr\u00eda producirse\u00bb, seg\u00fan se declara probado por reconocimiento del inculpado. <\/p>\n<p class=\"voc-p\" style=\"\">Dado el caso, Antonio Mu\u00f1oz Cano aceptaba en esta sentencia en la que reconoce la autor\u00eda de tales hechos el cumplimiento de 56 d\u00edas de trabajo en beneficio de la comunidad por un <strong>delito de amenazas en el \u00e1mbito familiar,<\/strong> tres a\u00f1os de c\u00e1rcel por un delito de da\u00f1os y multa de 540 euros por un delito leve de amenazas, as\u00ed como diez a\u00f1os de prohibici\u00f3n de acercarse a su expareja o comunicarse con ella y seis meses de dicha prohibici\u00f3n con relaci\u00f3n al hermano de la misma. Igualmente, la condena asumida inclu\u00eda la <strong>obligaci\u00f3n de abonar m\u00e1s de 34.000 euros en concepto de indemnizaciones. <\/strong><\/p>\n<p class=\"voc-p\" style=\"\">Cuando esta sentencia condenatoria fue dictada el 21 de noviembre de 2018, por cierto, el inculpado l<strong>levaba en prisi\u00f3n provisional casi dos a\u00f1os<\/strong>, en concreto desde el 1 de diciembre de 2016, d\u00eda siguiente al mencionado incendio intencionado. <\/p>\n<p><img decoding=\"async\" loading=\"lazy\" src=\"https:\/\/www.europesays.com\/es\/wp-content\/uploads\/2025\/11\/Puente-Centenario-obra-U10576085214tVr-760x427@diario_abc.jpg\" class=\"voc-img\" width=\"760\" height=\"427\" alt=\"Obras del puente del Centenario\" data-voc-vtm-id=\"in-text-traffic\"\/><\/p>\n<p>Obras del puente del Centenario<\/p>\n<p>abc<\/p>\n<p>Retrasos y sobrecostes en la obra del Centenario<\/p>\n<p class=\"voc-p\">Las obras del puente del Centenario fueron contratadas en 2021 por importe inicial de 86,4 millones de euros, si bien su coste se eleva ya a casi 137 millones de euros y los retrasos rondan ya los dos a\u00f1os. El proyecto fue adjudicado a Acciona Construcci\u00f3n, en UTE con Tecade y Freyssinet; y figura como es sabido en la investigaci\u00f3n por presuntas mordidas en proyectos del Ministerio de Transportes cuando el mismo era dirigido por el socialista Jos\u00e9 Luis \u00c1balos, antecesor de Cerd\u00e1n en la Secretar\u00eda de Organizaci\u00f3n del PSOE.<\/p>\n<p class=\"voc-p\" style=\"\">Seg\u00fan los investigadores de la UCO, Mu\u00f1oz estuvo ligado a una obra de emergencia para el acceso al Puerto de Sevilla en el marco de dicho gran proyecto de obra p\u00fablica, El <strong>Ministerio de Transportes<\/strong> le expidi\u00f3 un certificado para poder burlar las restricciones Covid a fin de \u00abfacilitar su incorporaci\u00f3n como pe\u00f3n especialista\u00bb, como indica la UCO. <\/p>\n<p class=\"voc-p\" style=\"\">Habr\u00eda sido, de hecho, el \u00fanico empleado que ten\u00eda Servinabar en esta obra y por su papel en la misma <strong>habr\u00eda cobrado 69 transferencias por un valor conjunto de 53.130 euros<\/strong>, seg\u00fan los investigadores. Su contrataci\u00f3n, adem\u00e1s, habr\u00eda comenzado cuando a\u00fan pesaba sobre \u00e9l la mencionada pena de c\u00e1rcel impuesta por la Audiencia de Baleares y aceptada por \u00e9l mismo. <\/p>\n<p class=\"voc-p\" style=\"\">La tesis de la UCO radica en que Servinabar recib\u00eda \u00abel dos por ciento neto\u00bb de las adjudicaciones que consigui\u00f3 con Acciona Construcci\u00f3n de las contrataciones del Ministerio, obteniendo <strong>casi dos millones de euros<\/strong> por el proyecto del puente del Centenario, <strong>unas obras que siguen pendientes de su finalizaci\u00f3n, como tambi\u00e9n sigue abierta la investigaci\u00f3n de estas presuntas comisiones ilegales. <\/strong><\/p>\n","protected":false},"excerpt":{"rendered":"La sentencia dictada en 2018 por la Audiencia de Baleares condenando a Antonio Mu\u00f1oz Cano, cu\u00f1ado del exsecretario&hellip;\n","protected":false},"author":2,"featured_media":255723,"comment_status":"","ping_status":"","sticky":false,"template":"","format":"standard","meta":{"footnotes":""},"categories":[8],"tags":[17,18,9594,8128,18842,5957,25,24,13,14,11,19,20,9,10,15,16,1685,9593,23,12,21,22],"class_list":{"0":"post-255722","1":"post","2":"type-post","3":"status-publish","4":"format-standard","5":"has-post-thumbnail","7":"category-espana","8":"tag-breaking-news","9":"tag-breakingnews","10":"tag-cerdan","11":"tag-cuidado","12":"tag-cunado","13":"tag-dano","14":"tag-es","15":"tag-espana","16":"tag-featured-news","17":"tag-featurednews","18":"tag-headlines","19":"tag-latest-news","20":"tag-latestnews","21":"tag-news","22":"tag-noticias","23":"tag-noticias-destacadas","24":"tag-noticiasdestacadas","25":"tag-puedo","26":"tag-santos","27":"tag-spain","28":"tag-titulares","29":"tag-ultimas-noticias","30":"tag-ultimasnoticias"},"share_on_mastodon":{"url":"https:\/\/pubeurope.com\/@es\/115612570833103184","error":""},"_links":{"self":[{"href":"https:\/\/www.europesays.com\/es\/wp-json\/wp\/v2\/posts\/255722","targetHints":{"allow":["GET"]}}],"collection":[{"href":"https:\/\/www.europesays.com\/es\/wp-json\/wp\/v2\/posts"}],"about":[{"href":"https:\/\/www.europesays.com\/es\/wp-json\/wp\/v2\/types\/post"}],"author":[{"embeddable":true,"href":"https:\/\/www.europesays.com\/es\/wp-json\/wp\/v2\/users\/2"}],"replies":[{"embeddable":true,"href":"https:\/\/www.europesays.com\/es\/wp-json\/wp\/v2\/comments?post=255722"}],"version-history":[{"count":0,"href":"https:\/\/www.europesays.com\/es\/wp-json\/wp\/v2\/posts\/255722\/revisions"}],"wp:featuredmedia":[{"embeddable":true,"href":"https:\/\/www.europesays.com\/es\/wp-json\/wp\/v2\/media\/255723"}],"wp:attachment":[{"href":"https:\/\/www.europesays.com\/es\/wp-json\/wp\/v2\/media?parent=255722"}],"wp:term":[{"taxonomy":"category","embeddable":true,"href":"https:\/\/www.europesays.com\/es\/wp-json\/wp\/v2\/categories?post=255722"},{"taxonomy":"post_tag","embeddable":true,"href":"https:\/\/www.europesays.com\/es\/wp-json\/wp\/v2\/tags?post=255722"}],"curies":[{"name":"wp","href":"https:\/\/api.w.org\/{rel}","templated":true}]}}