{"id":255726,"date":"2025-11-25T22:01:16","date_gmt":"2025-11-25T22:01:16","guid":{"rendered":"https:\/\/www.europesays.com\/es\/255726\/"},"modified":"2025-11-25T22:01:16","modified_gmt":"2025-11-25T22:01:16","slug":"ernesto-tardio-nuevo-presidente-del-club-de-tenis-toledo","status":"publish","type":"post","link":"https:\/\/www.europesays.com\/es\/255726\/","title":{"rendered":"Ernesto Tard\u00edo, nuevo presidente del Club de Tenis Toledo"},"content":{"rendered":"<p>El Club de Tenis Toledo inicia una nueva etapa tras la elecci\u00f3n de Ernesto Tard\u00edo como presidente. La nueva Junta Directiva ha puesto en marcha un plan de actuaci\u00f3n que incluye la regulaci\u00f3n de usos, la modernizaci\u00f3n de instalaciones y la dinamizaci\u00f3n de la actividad social y deportiva, con el objetivo de renovar de forma integral el club y aumentar progresivamente el n\u00famero de socios.<\/p>\n<p>Como primer paso, se ha abierto la licitaci\u00f3n del bar-cafeter\u00eda, restaurante y terraza, actualmente inactivos. En las pr\u00f3ximas semanas se iniciar\u00e1 tambi\u00e9n la licitaci\u00f3n de otros espacios, como las \u00e1reas de p\u00e1del y las salas de fitness, con el fin de mejorar la oferta de servicios.<\/p>\n<p>El club organizar\u00e1 pr\u00f3ximamente Jornadas de Puertas Abiertas dirigidas a familias, deportistas y vecinos de Toledo. En ellas se podr\u00e1n conocer las instalaciones, participar en actividades y recibir informaci\u00f3n sobre la Escuela de Tenis y las modalidades de socio disponibles.<\/p>\n<p>El Club de Tenis Toledo, fundado en 1973 y afiliado a la Federaci\u00f3n Regional de Tenis, mantiene su actividad deportiva y formativa a trav\u00e9s de la Escuela de Tenis Paco S\u00e1nchez, que contin\u00faa destacando en el \u00e1mbito provincial y regional. Con esta nueva etapa, la entidad reafirma su compromiso con la mejora continua y la actualizaci\u00f3n de sus servicios.<\/p>\n","protected":false},"excerpt":{"rendered":"El Club de Tenis Toledo inicia una nueva etapa tras la elecci\u00f3n de Ernesto Tard\u00edo como presidente. La&hellip;\n","protected":false},"author":2,"featured_media":255727,"comment_status":"","ping_status":"","sticky":false,"template":"","format":"standard","meta":{"footnotes":""},"categories":[274],"tags":[168,25,24,1506,6269,23,167,327,326,1952],"class_list":{"0":"post-255726","1":"post","2":"type-post","3":"status-publish","4":"format-standard","5":"has-post-thumbnail","7":"category-tenis","8":"tag-deportes","9":"tag-es","10":"tag-espana","11":"tag-fitness","12":"tag-padel","13":"tag-spain","14":"tag-sports","15":"tag-tenis","16":"tag-tennis","17":"tag-toledo"},"share_on_mastodon":{"url":"https:\/\/pubeurope.com\/@es\/115612593972682908","error":""},"_links":{"self":[{"href":"https:\/\/www.europesays.com\/es\/wp-json\/wp\/v2\/posts\/255726","targetHints":{"allow":["GET"]}}],"collection":[{"href":"https:\/\/www.europesays.com\/es\/wp-json\/wp\/v2\/posts"}],"about":[{"href":"https:\/\/www.europesays.com\/es\/wp-json\/wp\/v2\/types\/post"}],"author":[{"embeddable":true,"href":"https:\/\/www.europesays.com\/es\/wp-json\/wp\/v2\/users\/2"}],"replies":[{"embeddable":true,"href":"https:\/\/www.europesays.com\/es\/wp-json\/wp\/v2\/comments?post=255726"}],"version-history":[{"count":0,"href":"https:\/\/www.europesays.com\/es\/wp-json\/wp\/v2\/posts\/255726\/revisions"}],"wp:featuredmedia":[{"embeddable":true,"href":"https:\/\/www.europesays.com\/es\/wp-json\/wp\/v2\/media\/255727"}],"wp:attachment":[{"href":"https:\/\/www.europesays.com\/es\/wp-json\/wp\/v2\/media?parent=255726"}],"wp:term":[{"taxonomy":"category","embeddable":true,"href":"https:\/\/www.europesays.com\/es\/wp-json\/wp\/v2\/categories?post=255726"},{"taxonomy":"post_tag","embeddable":true,"href":"https:\/\/www.europesays.com\/es\/wp-json\/wp\/v2\/tags?post=255726"}],"curies":[{"name":"wp","href":"https:\/\/api.w.org\/{rel}","templated":true}]}}