{"id":255728,"date":"2025-11-25T22:02:09","date_gmt":"2025-11-25T22:02:09","guid":{"rendered":"https:\/\/www.europesays.com\/es\/255728\/"},"modified":"2025-11-25T22:02:09","modified_gmt":"2025-11-25T22:02:09","slug":"haimar-etxeberria-el-red-bull-bora-es-un-equipo-que-he-seguido-desde-la-epoca-de-sagan","status":"publish","type":"post","link":"https:\/\/www.europesays.com\/es\/255728\/","title":{"rendered":"Haimar Etxeberria: \u00abEl Red Bull-Bora es un equipo que he seguido desde la \u00e9poca de Sagan\u00bb"},"content":{"rendered":"<p>\u00abEstoy muy contento de unirme a Red Bull-Bora. Desde las primeras conversaciones sent\u00ed una gran confianza y una visi\u00f3n clara de c\u00f3mo puedo  &#8230; crecer. Estoy motivado para esta nueva etapa y entusiasmado por contribuir al proyecto. Es un equipo que he seguido de cerca desde la \u00e9poca de Peter Sagan. Formar parte de un equipo junto a las mejores estrellas es una sensaci\u00f3n especial. Estoy muy agradecido por la oportunidad y por poder dar el salto al WorldTour a los 22 a\u00f1os\u00bb. Haimar Etxeberria ha oficializado este martes su fichaje por el Red Bull-Bora, con el firma por dos temporadas. El rematador irundarra, de 22 a\u00f1os, ten\u00eda contrato con la estructura de Juanjo Oroz hasta 2027, por lo que ha debido llegar a un acuerdo para fichar por el conjunto alem\u00e1n, que ha realizado el fichaje m\u00e1s rutilante de lo que va de mercado de ciclistas al contratar a Remco Evenepoel. <\/p>\n<p class=\"v-p\">El director deportivo Zak Dempster encaja el fichaje de Etxeberrua en la \u00abvisi\u00f3n a largo plazo\u00bb que tiene el Red Bull-Bora, un bloque que ha logrado 23 victorias en la \u00faltima temporada. \u00abSi bien a\u00fan se encuentra en las primeras etapas de su carrera, sus ganas de aprender y su talento, que le hacen muy prometedor en carreras de un d\u00eda y finales de sprint m\u00e1s exigentes, hablan por s\u00ed solos. Confiamos en que encontrar\u00e1 el entorno ideal para seguir desarrollando su potencial\u00bb.<\/p>\n<p class=\"v-p\">A juicio del equipo, Etxeberria ha demostrado \u00absu gran potencial esta temporada, especialmente en carreras de un d\u00eda y exigentes finales al sprint. Tras impresionantes actuaciones en las categor\u00edas inferiores espa\u00f1olas, su victoria en la Vuelta a Castilla y Le\u00f3n le ha consolidado como un ciclista listo para dar el siguiente paso en su carrera\u00bb.<\/p>\n<p class=\"v-p\"><strong>Gaviria, al Caja Rural<\/strong><\/p>\n<p class=\"v-p\">Por otra parte, el colombiano Fernando Gaviria, de 31 a\u00f1os, se suma al Caja Rural. El ciclista tiene 52 victorias en su palmar\u00e9s (dos en el Tour, cinco en el Giro&#8230;). Llega tras dos a\u00f1os en el Movistar.<\/p>\n","protected":false},"excerpt":{"rendered":"\u00abEstoy muy contento de unirme a Red Bull-Bora. Desde las primeras conversaciones sent\u00ed una gran confianza y una&hellip;\n","protected":false},"author":2,"featured_media":255729,"comment_status":"","ping_status":"","sticky":false,"template":"","format":"standard","meta":{"footnotes":""},"categories":[273],"tags":[313,312,168,25,24,5875,12059,23,167],"class_list":{"0":"post-255728","1":"post","2":"type-post","3":"status-publish","4":"format-standard","5":"has-post-thumbnail","7":"category-ciclismo","8":"tag-ciclismo","9":"tag-cycling","10":"tag-deportes","11":"tag-es","12":"tag-espana","13":"tag-haimar-etxeberria","14":"tag-red-bull-bora","15":"tag-spain","16":"tag-sports"},"share_on_mastodon":{"url":"https:\/\/pubeurope.com\/@es\/115612597831446455","error":""},"_links":{"self":[{"href":"https:\/\/www.europesays.com\/es\/wp-json\/wp\/v2\/posts\/255728","targetHints":{"allow":["GET"]}}],"collection":[{"href":"https:\/\/www.europesays.com\/es\/wp-json\/wp\/v2\/posts"}],"about":[{"href":"https:\/\/www.europesays.com\/es\/wp-json\/wp\/v2\/types\/post"}],"author":[{"embeddable":true,"href":"https:\/\/www.europesays.com\/es\/wp-json\/wp\/v2\/users\/2"}],"replies":[{"embeddable":true,"href":"https:\/\/www.europesays.com\/es\/wp-json\/wp\/v2\/comments?post=255728"}],"version-history":[{"count":0,"href":"https:\/\/www.europesays.com\/es\/wp-json\/wp\/v2\/posts\/255728\/revisions"}],"wp:featuredmedia":[{"embeddable":true,"href":"https:\/\/www.europesays.com\/es\/wp-json\/wp\/v2\/media\/255729"}],"wp:attachment":[{"href":"https:\/\/www.europesays.com\/es\/wp-json\/wp\/v2\/media?parent=255728"}],"wp:term":[{"taxonomy":"category","embeddable":true,"href":"https:\/\/www.europesays.com\/es\/wp-json\/wp\/v2\/categories?post=255728"},{"taxonomy":"post_tag","embeddable":true,"href":"https:\/\/www.europesays.com\/es\/wp-json\/wp\/v2\/tags?post=255728"}],"curies":[{"name":"wp","href":"https:\/\/api.w.org\/{rel}","templated":true}]}}