{"id":255730,"date":"2025-11-25T22:04:10","date_gmt":"2025-11-25T22:04:10","guid":{"rendered":"https:\/\/www.europesays.com\/es\/255730\/"},"modified":"2025-11-25T22:04:10","modified_gmt":"2025-11-25T22:04:10","slug":"las-plantillas-de-los-equipos-que-lucharan-por-un-puesto-en-la-minicopa-endesa-2026","status":"publish","type":"post","link":"https:\/\/www.europesays.com\/es\/255730\/","title":{"rendered":"Las plantillas de los equipos que luchar\u00e1n por un puesto en la Minicopa Endesa 2026"},"content":{"rendered":"<p>Repasa las plantillas de los 16 conjuntos que luchar\u00e1n en Valencia del 28 al 30 de noviembre por una de las 6 plazas que les permita disputar la fase final de la Minicopa Endesa.<\/p>\n<p>Real Madrid, UCAM Murcia, B\u00e0squet Girona, Covir\u00e1n Granada, Unicaja M\u00e1laga, La Laguna Tenerife, Bilbao Basket, MoraBanc Andorra, Gran Canaria, BAXI Manresa, Hiopos Lleida, San Pablo Burgos, Joventut Badalona, Casademont Zaragoza, Baskonia y R\u00edo Breog\u00e1n competir\u00e1n del 28 al 30 de noviembre por alcanzar la fase final de la <strong>Minicopa Endesa<\/strong> que se jugar\u00e1 en febrero.<\/p>\n<p>M\u00e1s | <a href=\"https:\/\/www.gigantes.com\/liga-endesa\/minicopa-2026-clasificacion-primera-fase-resultados\/\" rel=\"nofollow noopener\" target=\"_blank\">Clasificaci\u00f3n Minicopa 2026: Resultados, horarios y cuadro de la primera fase en Valencia 2025<\/a><\/p>\n<p>Estas son <strong>las<\/strong> <strong>plantillas de todos los equipos<\/strong> que disputar\u00e1n una plaza de la Minicopa Endesa 2026:<\/p>\n<p>Grupo A<\/p>\n<p>Real Madrid<\/p>\n<tr>DorsalJugadorPosici\u00f3nAlturaEdad<\/tr>\n<tr>\n<td>4<\/td>\n<td>Miguel \u00c1ngel Serrano Capdep\u00f3n<\/td>\n<td>Escolta<\/td>\n<td>177<\/td>\n<td>13<\/td>\n<\/tr>\n<tr>\n<td>5<\/td>\n<td>Rodrigo Garc\u00eda L\u00f3pez<\/td>\n<td>Base<\/td>\n<td>175<\/td>\n<td>13<\/td>\n<\/tr>\n<tr>\n<td>6<\/td>\n<td>Erik Simmons Lorenzo<\/td>\n<td>Escolta<\/td>\n<td>171<\/td>\n<td>13<\/td>\n<\/tr>\n<tr>\n<td>7<\/td>\n<td>Samuel Cabrera D\u00edaz<\/td>\n<td>Escolta<\/td>\n<td>183<\/td>\n<td>13<\/td>\n<\/tr>\n<tr>\n<td>8<\/td>\n<td>Oscar Paniagua Bustamante<\/td>\n<td>Escolta<\/td>\n<td>179<\/td>\n<td>13<\/td>\n<\/tr>\n<tr>\n<td>9<\/td>\n<td>Guillermo Corrales Tajuelo<\/td>\n<td>Alero<\/td>\n<td>181<\/td>\n<td>13<\/td>\n<\/tr>\n<tr>\n<td>11<\/td>\n<td>Manuel Fern\u00e1ndez Romero<\/td>\n<td>Alero<\/td>\n<td>182<\/td>\n<td>13<\/td>\n<\/tr>\n<tr>\n<td>12<\/td>\n<td>Gael G\u00f3mez Alonso<\/td>\n<td>Base<\/td>\n<td>180<\/td>\n<td>13<\/td>\n<\/tr>\n<tr>\n<td>13<\/td>\n<td>Xavi Bolufer Sart<\/td>\n<td>Alero<\/td>\n<td>186<\/td>\n<td>13<\/td>\n<\/tr>\n<tr>\n<td>15<\/td>\n<td>Moussa Balla Traore<\/td>\n<td>Ala-p\u00edvot<\/td>\n<td>203<\/td>\n<td>13<\/td>\n<\/tr>\n<tr>\n<td>16<\/td>\n<td>Samba Coulibaly<\/td>\n<td>Ala-p\u00edvot<\/td>\n<td>201<\/td>\n<td>13<\/td>\n<\/tr>\n<tr>\n<td>17<\/td>\n<td>\u00c1lvaro Moncayo \u00c1lamo<\/td>\n<td>Alero<\/td>\n<td>179<\/td>\n<td>13<\/td>\n<\/tr>\n<tr>\n<td>18<\/td>\n<td>Oumar Aziz<\/td>\n<td>P\u00edvot<\/td>\n<td>210<\/td>\n<td>13<\/td>\n<\/tr>\n<tr>\n<td>20<\/td>\n<td>Jaime Amaya Malapote<\/td>\n<td>Base<\/td>\n<td>160<\/td>\n<td>11<\/td>\n<\/tr>\n<p><strong>Entrenador<\/strong>: Rafael Manuel Navarro Barrag\u00e1n.<\/p>\n<p>UCAM Murcia Polymec<\/p>\n<tr>DorsalJugadorPosici\u00f3nAlturaEdad<\/tr>\n<tr>\n<td>1<\/td>\n<td>Leonardo Soriano Molina<\/td>\n<td>Escolta<\/td>\n<td>165<\/td>\n<td>13<\/td>\n<\/tr>\n<tr>\n<td>5<\/td>\n<td>Siby Sekou<\/td>\n<td>P\u00edvot<\/td>\n<td>208<\/td>\n<td>13<\/td>\n<\/tr>\n<tr>\n<td>7<\/td>\n<td>Hannibal Villagordo Zaragoza<\/td>\n<td>P\u00edvot<\/td>\n<td>188<\/td>\n<td>13<\/td>\n<\/tr>\n<tr>\n<td>8<\/td>\n<td>Rodrigo Belando Ram\u00edrez<\/td>\n<td>Escolta<\/td>\n<td>160<\/td>\n<td>13<\/td>\n<\/tr>\n<tr>\n<td>9<\/td>\n<td>Nicol\u00e1s Ortiz Tercero<\/td>\n<td>Escolta<\/td>\n<td>175<\/td>\n<td>13<\/td>\n<\/tr>\n<tr>\n<td>11<\/td>\n<td>Pablo Gracia Meseguer<\/td>\n<td>Alero<\/td>\n<td>170<\/td>\n<td>13<\/td>\n<\/tr>\n<tr>\n<td>12<\/td>\n<td>Juan Murcia Fern\u00e1ndez<\/td>\n<td>Base<\/td>\n<td>179<\/td>\n<td>13<\/td>\n<\/tr>\n<tr>\n<td>13<\/td>\n<td>Patricio Riquelme Ca\u00f1ada<\/td>\n<td>Alero<\/td>\n<td>170<\/td>\n<td>12<\/td>\n<\/tr>\n<tr>\n<td>14<\/td>\n<td>Jes\u00fas Arroyo Aguado<\/td>\n<td>Alero<\/td>\n<td>189<\/td>\n<td>13<\/td>\n<\/tr>\n<tr>\n<td>15<\/td>\n<td>Yeray Villarreal Mengual<\/td>\n<td>Alero<\/td>\n<td>165<\/td>\n<td>12<\/td>\n<\/tr>\n<tr>\n<td>20<\/td>\n<td>Germ\u00e1n Sanz Canovas<\/td>\n<td>Escolta<\/td>\n<td>170<\/td>\n<td>13<\/td>\n<\/tr>\n<tr>\n<td>23<\/td>\n<td>Sergio S\u00e1nchez Navarro<\/td>\n<td>Base<\/td>\n<td>160<\/td>\n<td>13<\/td>\n<\/tr>\n<tr>\n<td>35<\/td>\n<td>Jakub Jan Marek<\/td>\n<td>Alero<\/td>\n<td>190<\/td>\n<td>13<\/td>\n<\/tr>\n<tr>\n<td>80<\/td>\n<td>Arthur Nicol\u00e1s Abril Monges<\/td>\n<td>Base<\/td>\n<td>170<\/td>\n<td>12<\/td>\n<\/tr>\n<p><strong>Entrenador<\/strong>: Pedro Casta\u00f1o Nicol\u00e1s.<\/p>\n<p>B\u00e0squet Girona<\/p>\n<tr>DorsalJugadorPosici\u00f3nAlturaEdad<\/tr>\n<tr>\n<td>0<\/td>\n<td>Blai Aran Pag\u00e8s<\/td>\n<td>P\u00edvot<\/td>\n<td>192<\/td>\n<td>13<\/td>\n<\/tr>\n<tr>\n<td>2<\/td>\n<td>Niels Heitbrink Teixidor<\/td>\n<td>Escolta<\/td>\n<td>171<\/td>\n<td>13<\/td>\n<\/tr>\n<tr>\n<td>5<\/td>\n<td>Llu\u00eds Masferrer Horcas<\/td>\n<td>Ala-p\u00edvot<\/td>\n<td>171<\/td>\n<td>13<\/td>\n<\/tr>\n<tr>\n<td>8<\/td>\n<td>Alex \u00c1lvarez Planas de Farners<\/td>\n<td>Base<\/td>\n<td>163<\/td>\n<td>13<\/td>\n<\/tr>\n<tr>\n<td>9<\/td>\n<td>Biel Reginc\u00f3s L\u00f3pez<\/td>\n<td>Ala-p\u00edvot<\/td>\n<td>183<\/td>\n<td>13<\/td>\n<\/tr>\n<tr>\n<td>11<\/td>\n<td>Joel Gonz\u00e1lez Font<\/td>\n<td>Alero<\/td>\n<td>175<\/td>\n<td>13<\/td>\n<\/tr>\n<tr>\n<td>16<\/td>\n<td>Biel Giralt Cunill<\/td>\n<td>Base<\/td>\n<td>163<\/td>\n<td>13<\/td>\n<\/tr>\n<tr>\n<td>19<\/td>\n<td>Mart\u00ed Vilardell Darder<\/td>\n<td>Escolta<\/td>\n<td>167<\/td>\n<td>13<\/td>\n<\/tr>\n<tr>\n<td>21<\/td>\n<td>Marco Acquati Benedito<\/td>\n<td>Alero<\/td>\n<td>159<\/td>\n<td>13<\/td>\n<\/tr>\n<tr>\n<td>23<\/td>\n<td>Pol Llorens Tauler<\/td>\n<td>P\u00edvot<\/td>\n<td>184<\/td>\n<td>13<\/td>\n<\/tr>\n<tr>\n<td>24<\/td>\n<td>Pau Sa\u00f1\u00e9 Vil\u00e0<\/td>\n<td>Escolta<\/td>\n<td>165<\/td>\n<td>13<\/td>\n<\/tr>\n<tr>\n<td>30<\/td>\n<td>Nil C\u00e1ceres Raset<\/td>\n<td>Base<\/td>\n<td>159<\/td>\n<td>13<\/td>\n<\/tr>\n<p><strong>Entrenador<\/strong>: Joaquim Gala Vi\u00f1as.<\/p>\n<p>Oteclima Granada<\/p>\n<tr>DorsalJugadorPosici\u00f3nAlturaEdad<\/tr>\n<tr>\n<td>5<\/td>\n<td>Alejandro Garc\u00eda N\u00fa\u00f1ez<\/td>\n<td>Escolta<\/td>\n<td>177<\/td>\n<td>13<\/td>\n<\/tr>\n<tr>\n<td>8<\/td>\n<td>Pablo Oya V\u00edlchez<\/td>\n<td>P\u00edvot<\/td>\n<td>188<\/td>\n<td>13<\/td>\n<\/tr>\n<tr>\n<td>9<\/td>\n<td>Rodrigo Duro Gonz\u00e1lez<\/td>\n<td>Escolta<\/td>\n<td>171<\/td>\n<td>13<\/td>\n<\/tr>\n<tr>\n<td>10<\/td>\n<td>Adri\u00e1n Moreno Cervera<\/td>\n<td>Ala-p\u00edvot<\/td>\n<td>182<\/td>\n<td>13<\/td>\n<\/tr>\n<tr>\n<td>11<\/td>\n<td>Jorge Dada Beltr\u00e1n Prendes<\/td>\n<td>Base<\/td>\n<td>166<\/td>\n<td>13<\/td>\n<\/tr>\n<tr>\n<td>12<\/td>\n<td>Ignacio Rodr\u00edguez Ibarrondo<\/td>\n<td>Alero<\/td>\n<td>180<\/td>\n<td>13<\/td>\n<\/tr>\n<tr>\n<td>13<\/td>\n<td>Guillermo Duro Gonzalez<\/td>\n<td>Alero<\/td>\n<td>174<\/td>\n<td>13<\/td>\n<\/tr>\n<tr>\n<td>14<\/td>\n<td>Jos\u00e9 Carlos Pardo Mart\u00ednez<\/td>\n<td>Escolta<\/td>\n<td>174<\/td>\n<td>13<\/td>\n<\/tr>\n<tr>\n<td>19<\/td>\n<td>Miguel Rivas Bolivar<\/td>\n<td>Base<\/td>\n<td>180<\/td>\n<td>13<\/td>\n<\/tr>\n<tr>\n<td>23<\/td>\n<td>Alejandro Mart\u00edn Garc\u00eda<\/td>\n<td>Base<\/td>\n<td>166<\/td>\n<td>13<\/td>\n<\/tr>\n<tr>\n<td>24<\/td>\n<td>Lucas G\u00f3mez de Cadi\u00f1anos Tejero<\/td>\n<td>Escolta<\/td>\n<td>167<\/td>\n<td>13<\/td>\n<\/tr>\n<tr>\n<td>28<\/td>\n<td>Hugo Morillas P\u00e9rez<\/td>\n<td>Alero<\/td>\n<td>182<\/td>\n<td>13<\/td>\n<\/tr>\n<tr>\n<td>30<\/td>\n<td>Marcos Carreras V\u00edlchez<\/td>\n<td>Base<\/td>\n<td>167<\/td>\n<td>13<\/td>\n<\/tr>\n<tr>\n<td>39<\/td>\n<td>Juli\u00e1n Tornay Ortega<\/td>\n<td>P\u00edvot<\/td>\n<td>186<\/td>\n<td>13<\/td>\n<\/tr>\n<p><strong>Entrenador<\/strong>: Rafael Rodr\u00edguez C\u00e1rdenas.<\/p>\n<p>Grupo B<\/p>\n<p>Unicaja<\/p>\n<tr>DorsalJugadorPosici\u00f3nAlturaEdad<\/tr>\n<tr>\n<td>28<\/td>\n<td>Haruki Fujita Mill\u00e1n<\/td>\n<td>Ala-p\u00edvot<\/td>\n<td>189<\/td>\n<td>13<\/td>\n<\/tr>\n<tr>\n<td>29<\/td>\n<td>Unai Pereda Porras<\/td>\n<td>Escolta<\/td>\n<td>177<\/td>\n<td>12<\/td>\n<\/tr>\n<tr>\n<td>30<\/td>\n<td>Emilio Guerrero Fern\u00e1ndez<\/td>\n<td>Base<\/td>\n<td>180<\/td>\n<td>13<\/td>\n<\/tr>\n<tr>\n<td>31<\/td>\n<td>Pablo Pic\u00f3n Molina<\/td>\n<td>Base<\/td>\n<td>177<\/td>\n<td>13<\/td>\n<\/tr>\n<tr>\n<td>32<\/td>\n<td>Manuel Siles Del \u00c1guila<\/td>\n<td>Base<\/td>\n<td>176<\/td>\n<td>13<\/td>\n<\/tr>\n<tr>\n<td>33<\/td>\n<td>Precious Mends Obazee<\/td>\n<td>Alero<\/td>\n<td>187<\/td>\n<td>13<\/td>\n<\/tr>\n<tr>\n<td>34<\/td>\n<td>Gabriel Moreno Dom\u00ednguez<\/td>\n<td>Escolta<\/td>\n<td>179<\/td>\n<td>13<\/td>\n<\/tr>\n<tr>\n<td>35<\/td>\n<td>Miguel Pinazo Carrera<\/td>\n<td>Alero<\/td>\n<td>182<\/td>\n<td>13<\/td>\n<\/tr>\n<tr>\n<td>37<\/td>\n<td>Aitor V\u00e1zquez Toral<\/td>\n<td>Alero<\/td>\n<td>177<\/td>\n<td>13<\/td>\n<\/tr>\n<tr>\n<td>38<\/td>\n<td>Sa\u00fal Prado Mart\u00edn<\/td>\n<td>Escolta<\/td>\n<td>179<\/td>\n<td>13<\/td>\n<\/tr>\n<tr>\n<td>39<\/td>\n<td>Pablo N\u00fa\u00f1ez Rodr\u00edguez<\/td>\n<td>Escolta<\/td>\n<td>177<\/td>\n<td>13<\/td>\n<\/tr>\n<tr>\n<td>40<\/td>\n<td>Joan Segu\u00ed Capell\u00e1<\/td>\n<td>Alero<\/td>\n<td>190<\/td>\n<td>13<\/td>\n<\/tr>\n<p><strong>Entrenador<\/strong>: Manuel Baz\u00e1n Garc\u00eda.<\/p>\n<p>Cajasiete Fundaci\u00f3n CB Canarias<\/p>\n<tr>DorsalJugadorPosici\u00f3nAlturaEdad<\/tr>\n<tr>\n<td>2<\/td>\n<td>Guillermo Hern\u00e1ndez Wildpret<\/td>\n<td>Alero<\/td>\n<td>181<\/td>\n<td>13<\/td>\n<\/tr>\n<tr>\n<td>3<\/td>\n<td>Manuel Machado Martel<\/td>\n<td>Alero<\/td>\n<td>187<\/td>\n<td>13<\/td>\n<\/tr>\n<tr>\n<td>4<\/td>\n<td>Rodrigo Barreda Mu\u00f1oz<\/td>\n<td>Alero<\/td>\n<td>184<\/td>\n<td>13<\/td>\n<\/tr>\n<tr>\n<td>6<\/td>\n<td>Aitor Mart\u00edn Hern\u00e1ndez<\/td>\n<td>Escolta<\/td>\n<td>185<\/td>\n<td>13<\/td>\n<\/tr>\n<tr>\n<td>9<\/td>\n<td>Eddine Nebreda Rabah<\/td>\n<td>Alero<\/td>\n<td>183<\/td>\n<td>13<\/td>\n<\/tr>\n<tr>\n<td>19<\/td>\n<td>Lucas Montelongo Hern\u00e1ndez<\/td>\n<td>Escolta<\/td>\n<td>185<\/td>\n<td>13<\/td>\n<\/tr>\n<tr>\n<td>22<\/td>\n<td>Dar\u00edo Toribio Alvarez<\/td>\n<td>Alero<\/td>\n<td>180<\/td>\n<td>13<\/td>\n<\/tr>\n<tr>\n<td>23<\/td>\n<td>Mauro Lastra Fern\u00e1ndez<\/td>\n<td>Base<\/td>\n<td>168<\/td>\n<td>12<\/td>\n<\/tr>\n<tr>\n<td>28<\/td>\n<td>Jaime Y\u00e1\u00f1ez Rodr\u00edguez<\/td>\n<td>Base<\/td>\n<td>170<\/td>\n<td>13<\/td>\n<\/tr>\n<tr>\n<td>38<\/td>\n<td>Nikoloz Shermadini<\/td>\n<td>Alero<\/td>\n<td>172<\/td>\n<td>12<\/td>\n<\/tr>\n<tr>\n<td>62<\/td>\n<td>Amadou Hama Maiga<\/td>\n<td>P\u00edvot<\/td>\n<td>200<\/td>\n<td>13<\/td>\n<\/tr>\n<tr>\n<td>66<\/td>\n<td>Pablo Gonz\u00e1lez Pera<\/td>\n<td>Base<\/td>\n<td>172<\/td>\n<td>13<\/td>\n<\/tr>\n<p><strong>Entrenador<\/strong>: Pablo Ramos Alonso.<\/p>\n<p>Bilbao Basket<\/p>\n<tr>DorsalJugadorPosici\u00f3nAlturaEdad<\/tr>\n<tr>\n<td>38<\/td>\n<td>Hegoi Arenaza Gey<\/td>\n<td>Base<\/td>\n<td>166<\/td>\n<td>13<\/td>\n<\/tr>\n<tr>\n<td>39<\/td>\n<td>Oier Escalza N\u00fa\u00f1ez<\/td>\n<td>Base<\/td>\n<td>170<\/td>\n<td>13<\/td>\n<\/tr>\n<tr>\n<td>40<\/td>\n<td>Aimar Paternina Arbide<\/td>\n<td>Alero<\/td>\n<td>171<\/td>\n<td>13<\/td>\n<\/tr>\n<tr>\n<td>41<\/td>\n<td>Iker Redruello P\u00e9rez<\/td>\n<td>Alero<\/td>\n<td>191<\/td>\n<td>13<\/td>\n<\/tr>\n<tr>\n<td>42<\/td>\n<td>Unax Calbarro G\u00f3mez<\/td>\n<td>Alero<\/td>\n<td>167<\/td>\n<td>13<\/td>\n<\/tr>\n<tr>\n<td>43<\/td>\n<td>Daniel Tombo-Tombo S\u00e1nchez<\/td>\n<td>Base<\/td>\n<td>160<\/td>\n<td>12<\/td>\n<\/tr>\n<tr>\n<td>44<\/td>\n<td>Jon Maguregui De Frutos<\/td>\n<td>Base<\/td>\n<td>157<\/td>\n<td>12<\/td>\n<\/tr>\n<tr>\n<td>45<\/td>\n<td>Hodei Etxebarria Casaj\u00fas<\/td>\n<td>Alero<\/td>\n<td>163<\/td>\n<td>13<\/td>\n<\/tr>\n<tr>\n<td>46<\/td>\n<td>Adrian Mongil Pascual<\/td>\n<td>Alero<\/td>\n<td>181<\/td>\n<td>13<\/td>\n<\/tr>\n<tr>\n<td>47<\/td>\n<td>Oier Arias Gonz\u00e1lez<\/td>\n<td>Alero<\/td>\n<td>199<\/td>\n<td>13<\/td>\n<\/tr>\n<tr>\n<td>48<\/td>\n<td>Ander Cotano Aznar<\/td>\n<td>Alero<\/td>\n<td>187<\/td>\n<td>12<\/td>\n<\/tr>\n<tr>\n<td>49<\/td>\n<td>Aleix Aguila Cuesta<\/td>\n<td>Alero<\/td>\n<td>186<\/td>\n<td>13<\/td>\n<\/tr>\n<tr>\n<td>50<\/td>\n<td>Daniel Ortiz Ortuzar<\/td>\n<td>Alero<\/td>\n<td>191<\/td>\n<td>13<\/td>\n<\/tr>\n<p><strong>Entrenador<\/strong>: Iv\u00e1n Gil Mart\u00edn.<\/p>\n<p>MoraBanc Andorra Undercoverlab<\/p>\n<tr>DorsalJugadorPosici\u00f3nAlturaEdad<\/tr>\n<tr>\n<td>1<\/td>\n<td>Ricard Zome\u00f1o Rodr\u00edguez<\/td>\n<td>Alero<\/td>\n<td>163<\/td>\n<td>13<\/td>\n<\/tr>\n<tr>\n<td>3<\/td>\n<td>Nadim Keshta L\u00f3pez<\/td>\n<td>P\u00edvot<\/td>\n<td>171<\/td>\n<td>13<\/td>\n<\/tr>\n<tr>\n<td>4<\/td>\n<td>Maxim Marine Pascal<\/td>\n<td>Escolta<\/td>\n<td>154<\/td>\n<td>13<\/td>\n<\/tr>\n<tr>\n<td>15<\/td>\n<td>Arnau Aguilar Galiana<\/td>\n<td>Alero<\/td>\n<td>159<\/td>\n<td>13<\/td>\n<\/tr>\n<tr>\n<td>17<\/td>\n<td>Jordi Pifarr\u00e9 Carvalho<\/td>\n<td>Ala-p\u00edvot<\/td>\n<td>175<\/td>\n<td>13<\/td>\n<\/tr>\n<tr>\n<td>20<\/td>\n<td>Nil Salerno Torres<\/td>\n<td>Base<\/td>\n<td>157<\/td>\n<td>13<\/td>\n<\/tr>\n<tr>\n<td>21<\/td>\n<td>Enric Porta Ribera<\/td>\n<td>Alero<\/td>\n<td>158<\/td>\n<td>13<\/td>\n<\/tr>\n<tr>\n<td>22<\/td>\n<td>Enzo Verissimo Alvarez<\/td>\n<td>Base<\/td>\n<td>150<\/td>\n<td>13<\/td>\n<\/tr>\n<tr>\n<td>26<\/td>\n<td>Mikel Canal Azurmendi<\/td>\n<td>Ala-p\u00edvot<\/td>\n<td>165<\/td>\n<td>13<\/td>\n<\/tr>\n<tr>\n<td>31<\/td>\n<td>Denis Garc\u00edia Miqu<\/td>\n<td>Base<\/td>\n<td>150<\/td>\n<td>12<\/td>\n<\/tr>\n<tr>\n<td>37<\/td>\n<td>Pep Maci\u00e0 Rodr\u00edguez<\/td>\n<td>Escolta<\/td>\n<td>155<\/td>\n<td>13<\/td>\n<\/tr>\n<tr>\n<td>39<\/td>\n<td>Pedro Le\u00f3n Tejera<\/td>\n<td>Ala-p\u00edvot<\/td>\n<td>172<\/td>\n<td>13<\/td>\n<\/tr>\n<tr>\n<td>40<\/td>\n<td>Toni Jim\u00e9nez Monteis<\/td>\n<td>Ala-p\u00edvot<\/td>\n<td>164<\/td>\n<td>12<\/td>\n<\/tr>\n<tr>\n<td>47<\/td>\n<td>Enzo Cort\u00e9s Farras<\/td>\n<td>Base<\/td>\n<td>154<\/td>\n<td>12<\/td>\n<\/tr>\n<p><strong>Entrenador<\/strong>: Enric Mart\u00ed B\u00e1ez.<\/p>\n<p>Grupo C<\/p>\n<p>Tirma Gran Canaria<\/p>\n<tr>DorsalJugadorPosici\u00f3nAlturaEdad<\/tr>\n<tr>\n<td>2<\/td>\n<td>Alex Juhani Oivanen<\/td>\n<td>Escolta<\/td>\n<td>190<\/td>\n<td>12<\/td>\n<\/tr>\n<tr>\n<td>3<\/td>\n<td>Slivio Reyes P\u00e9ere<\/td>\n<td>Alero<\/td>\n<td>168<\/td>\n<td>13<\/td>\n<\/tr>\n<tr>\n<td>4<\/td>\n<td>Dariel Manuel Feliz Sosa<\/td>\n<td>Base<\/td>\n<td>170<\/td>\n<td>13<\/td>\n<\/tr>\n<tr>\n<td>7<\/td>\n<td>Lamine Sebasti\u00e1n Savan\u00e9 P\u00e9re<\/td>\n<td>Alero<\/td>\n<td>162<\/td>\n<td>12<\/td>\n<\/tr>\n<tr>\n<td>9<\/td>\n<td>Patrik Matejka<\/td>\n<td>P\u00edvot<\/td>\n<td>206<\/td>\n<td>13<\/td>\n<\/tr>\n<tr>\n<td>14<\/td>\n<td>Mateo V\u00e1zquez Pulido<\/td>\n<td>Alero<\/td>\n<td>176<\/td>\n<td>13<\/td>\n<\/tr>\n<tr>\n<td>15<\/td>\n<td>Adriel S\u00e1nchez Hatchuell<\/td>\n<td>Alero<\/td>\n<td>171<\/td>\n<td>13<\/td>\n<\/tr>\n<tr>\n<td>17<\/td>\n<td>Adri\u00e1an Santana Rein<\/td>\n<td>Alero<\/td>\n<td>185<\/td>\n<td>13<\/td>\n<\/tr>\n<tr>\n<td>23<\/td>\n<td>Iv\u00e1n Jos\u00e9 Castro Mendoza<\/td>\n<td>Alero<\/td>\n<td>175<\/td>\n<td>13<\/td>\n<\/tr>\n<tr>\n<td>24<\/td>\n<td>Alex Manuel Afonso Naranjo<\/td>\n<td>Escolta<\/td>\n<td>168<\/td>\n<td>13<\/td>\n<\/tr>\n<tr>\n<td>33<\/td>\n<td>Unai Marqu\u00e9s Mart\u00edn<\/td>\n<td>Escolta<\/td>\n<td>176<\/td>\n<td>13<\/td>\n<\/tr>\n<tr>\n<td>35<\/td>\n<td>David Kona Malandala<\/td>\n<td>Ala-p\u00edvot<\/td>\n<td>205<\/td>\n<td>13<\/td>\n<\/tr>\n<tr>\n<td>36<\/td>\n<td>Abdou Sembene<\/td>\n<td>Alero<\/td>\n<td>196<\/td>\n<td>13<\/td>\n<\/tr>\n<tr>\n<td>77<\/td>\n<td>Yael Ben\u00edtez Koumatse<\/td>\n<td>Base<\/td>\n<td>164<\/td>\n<td>13<\/td>\n<\/tr>\n<p><strong>Entrenador<\/strong>: Mois\u00e9s Hern\u00e1ndez Hern\u00e1ndez.<\/p>\n<p>Occident B\u00e0squet Manresa<\/p>\n<tr>DorsalJugadorPosici\u00f3nAlturaEdad<\/tr>\n<tr>\n<td>2<\/td>\n<td>Aran Majoral Vilaseca<\/td>\n<td>Alero<\/td>\n<td>179<\/td>\n<td>13<\/td>\n<\/tr>\n<tr>\n<td>5<\/td>\n<td>\u00c8ric Pe\u00f1a Rovira<\/td>\n<td>Alero<\/td>\n<td>184<\/td>\n<td>13<\/td>\n<\/tr>\n<tr>\n<td>6<\/td>\n<td>Arnau Coma Catal\u00e0<\/td>\n<td>Alero<\/td>\n<td>174<\/td>\n<td>13<\/td>\n<\/tr>\n<tr>\n<td>21<\/td>\n<td>Arnau Llobet Ribes<\/td>\n<td>Escolta<\/td>\n<td>173<\/td>\n<td>13<\/td>\n<\/tr>\n<tr>\n<td>22<\/td>\n<td>Andreu Navarro Cobos<\/td>\n<td>Base<\/td>\n<td>172<\/td>\n<td>13<\/td>\n<\/tr>\n<tr>\n<td>24<\/td>\n<td>Maiol Divins Fern\u00e1ndez<\/td>\n<td>Alero<\/td>\n<td>173<\/td>\n<td>13<\/td>\n<\/tr>\n<tr>\n<td>30<\/td>\n<td>Mart\u00ed Le\u00f3n Pozo<\/td>\n<td>Base<\/td>\n<td>173<\/td>\n<td>13<\/td>\n<\/tr>\n<tr>\n<td>33<\/td>\n<td>Ot Rodr\u00edguez Baulenas<\/td>\n<td>Alero<\/td>\n<td>179<\/td>\n<td>12<\/td>\n<\/tr>\n<tr>\n<td>41<\/td>\n<td>Roger Pallej\u00e0 Ribera<\/td>\n<td>Ala-p\u00edvot<\/td>\n<td>180<\/td>\n<td>13<\/td>\n<\/tr>\n<tr>\n<td>77<\/td>\n<td>Deivid Mikutis<\/td>\n<td>Ala-p\u00edvot<\/td>\n<td>191<\/td>\n<td>13<\/td>\n<\/tr>\n<tr>\n<td>82<\/td>\n<td>Jos\u00e9 P\u00e8rez Alsina<\/td>\n<td>Alero<\/td>\n<td>177<\/td>\n<td>13<\/td>\n<\/tr>\n<tr>\n<td>88<\/td>\n<td>Sandro Rodr\u00edguez Rodr\u00edguez<\/td>\n<td>Escolta<\/td>\n<td>174<\/td>\n<td>13<\/td>\n<\/tr>\n<p><strong>Entrenador<\/strong>: Dani Mestre Mill\u00f3n.<\/p>\n<p>Cochesinternet Lleida<\/p>\n<tr>DorsalJugadorPosici\u00f3nAlturaEdad<\/tr>\n<tr>\n<td>1<\/td>\n<td>Ian Yeste Sol\u00e9<\/td>\n<td>Base<\/td>\n<td>166<\/td>\n<td>13<\/td>\n<\/tr>\n<tr>\n<td>3<\/td>\n<td>Marc Masamunt Mart\u00ednez<\/td>\n<td>Alero<\/td>\n<td>177<\/td>\n<td>13<\/td>\n<\/tr>\n<tr>\n<td>5<\/td>\n<td>Bocar Abdoul Traor\u00e9<\/td>\n<td>P\u00edvot<\/td>\n<td>205<\/td>\n<td>13<\/td>\n<\/tr>\n<tr>\n<td>6<\/td>\n<td>Agust\u00ed Mangues Escobedo<\/td>\n<td>P\u00edvot<\/td>\n<td>188<\/td>\n<td>13<\/td>\n<\/tr>\n<tr>\n<td>7<\/td>\n<td>Pau Solanes Voltas<\/td>\n<td>Alero<\/td>\n<td>173<\/td>\n<td>13<\/td>\n<\/tr>\n<tr>\n<td>18<\/td>\n<td>Odei Urrea Par\u00eds<\/td>\n<td>Alero<\/td>\n<td>178<\/td>\n<td>13<\/td>\n<\/tr>\n<tr>\n<td>20<\/td>\n<td>Liam Fern\u00e1ndez Cano<\/td>\n<td>P\u00edvot<\/td>\n<td>192<\/td>\n<td>13<\/td>\n<\/tr>\n<tr>\n<td>23<\/td>\n<td>Eric Biurrum P\u00e9rez<\/td>\n<td>Base<\/td>\n<td>160<\/td>\n<td>13<\/td>\n<\/tr>\n<tr>\n<td>27<\/td>\n<td>Ian Soro Baque<\/td>\n<td>Alero<\/td>\n<td>175<\/td>\n<td>13<\/td>\n<\/tr>\n<tr>\n<td>30<\/td>\n<td>Miquel Gonz\u00e1lez Llevadot<\/td>\n<td>Base<\/td>\n<td>165<\/td>\n<td>13<\/td>\n<\/tr>\n<tr>\n<td>31<\/td>\n<td>David Vallina Aixal\u00e1<\/td>\n<td>Base<\/td>\n<td>157<\/td>\n<td>13<\/td>\n<\/tr>\n<tr>\n<td>35<\/td>\n<td>Mart\u00ed Moya Mosoll<\/td>\n<td>Alero<\/td>\n<td>166<\/td>\n<td>13<\/td>\n<\/tr>\n<tr>\n<td>50<\/td>\n<td>Guillem Bolea Segura<\/td>\n<td>Alero<\/td>\n<td>176<\/td>\n<td>13<\/td>\n<\/tr>\n<p><strong>Entrenador<\/strong>: Edgar Solsona Leri.<\/p>\n<p>San Pablo Burgos Segura y Mayor<\/p>\n<tr>DorsalJugadorPosici\u00f3nAlturaEdad<\/tr>\n<tr>\n<td>30<\/td>\n<td>C\u00e9sar Maestro Ortega<\/td>\n<td>Escolta<\/td>\n<td>160<\/td>\n<td>13<\/td>\n<\/tr>\n<tr>\n<td>31<\/td>\n<td>H\u00e9tor Del Hoyo Sim\u00f3n<\/td>\n<td>Ala-p\u00edvot<\/td>\n<td>179<\/td>\n<td>13<\/td>\n<\/tr>\n<tr>\n<td>32<\/td>\n<td>Eric Lozano Gin\u00e9s<\/td>\n<td>Base<\/td>\n<td>174<\/td>\n<td>13<\/td>\n<\/tr>\n<tr>\n<td>33<\/td>\n<td>Adri\u00e1n Miguel Hernando<\/td>\n<td>P\u00edvot<\/td>\n<td>170<\/td>\n<td>13<\/td>\n<\/tr>\n<tr>\n<td>34<\/td>\n<td>Alejo Sancho Guti\u00e9rrez<\/td>\n<td>Alero<\/td>\n<td>159<\/td>\n<td>13<\/td>\n<\/tr>\n<tr>\n<td>35<\/td>\n<td>Nicol\u00e1s Monz\u00f3n Carcedo<\/td>\n<td>Alero<\/td>\n<td>168<\/td>\n<td>13<\/td>\n<\/tr>\n<tr>\n<td>36<\/td>\n<td>Nicol\u00e1s Illana Mart\u00edn<\/td>\n<td>Ala-p\u00edvot<\/td>\n<td>165<\/td>\n<td>12<\/td>\n<\/tr>\n<tr>\n<td>37<\/td>\n<td>Asier V\u00e1zquez Iturbe<\/td>\n<td>P\u00edvot<\/td>\n<td>174<\/td>\n<td>13<\/td>\n<\/tr>\n<tr>\n<td>38<\/td>\n<td>Gabriel Alonso Carranza<\/td>\n<td>Alero<\/td>\n<td>163<\/td>\n<td>13<\/td>\n<\/tr>\n<tr>\n<td>39<\/td>\n<td>Miguel Guti\u00e9rrez Garijo<\/td>\n<td>Ala-p\u00edvot<\/td>\n<td>168<\/td>\n<td>13<\/td>\n<\/tr>\n<tr>\n<td>40<\/td>\n<td>Dar\u00edo Temi\u00f1o Cuesta<\/td>\n<td>Base<\/td>\n<td>159<\/td>\n<td>12<\/td>\n<\/tr>\n<tr>\n<td>41<\/td>\n<td>Alejandro Maeso Fontaneda<\/td>\n<td>Escolta<\/td>\n<td>168<\/td>\n<td>13<\/td>\n<\/tr>\n<tr>\n<td>42<\/td>\n<td>Alan Bella Caba\u00f1as<\/td>\n<td>Base<\/td>\n<td>161<\/td>\n<td>13<\/td>\n<\/tr>\n<p><strong>Entrenador<\/strong>: Alfredo Miguel Berzosa.<\/p>\n<p>Grupo D<\/p>\n<p>Joventut Badalona<\/p>\n<tr>DorsalJugadorPosici\u00f3nAlturaEdad<\/tr>\n<tr>\n<td>3<\/td>\n<td>Gerard Rib\u00f3 Zapatero<\/td>\n<td>Escolta<\/td>\n<td>176<\/td>\n<td>12<\/td>\n<\/tr>\n<tr>\n<td>4<\/td>\n<td>Guillem Bosch Montagut<\/td>\n<td>Ala-p\u00edvot<\/td>\n<td>187<\/td>\n<td>13<\/td>\n<\/tr>\n<tr>\n<td>9<\/td>\n<td>Xavi L\u00f3pez Mu\u00f1oz<\/td>\n<td>Base<\/td>\n<td>184<\/td>\n<td>12<\/td>\n<\/tr>\n<tr>\n<td>10<\/td>\n<td>Magi Vel\u00e1zquez Hidalgo<\/td>\n<td>Escolta<\/td>\n<td>171<\/td>\n<td>12<\/td>\n<\/tr>\n<tr>\n<td>13<\/td>\n<td>Blai Verg\u00e9s Floris<\/td>\n<td>Escolta<\/td>\n<td>182<\/td>\n<td>13<\/td>\n<\/tr>\n<tr>\n<td>14<\/td>\n<td>Gerard Llorens Llaurado<\/td>\n<td>Ala-p\u00edvot<\/td>\n<td>187<\/td>\n<td>13<\/td>\n<\/tr>\n<tr>\n<td>15<\/td>\n<td>Oriol Gil Llimona<\/td>\n<td>Base<\/td>\n<td>169<\/td>\n<td>13<\/td>\n<\/tr>\n<tr>\n<td>16<\/td>\n<td>Marcel Casals Masip<\/td>\n<td>P\u00edvot<\/td>\n<td>180<\/td>\n<td>13<\/td>\n<\/tr>\n<tr>\n<td>23<\/td>\n<td>Frederic Naayir Somda Ribes<\/td>\n<td>Alero<\/td>\n<td>188<\/td>\n<td>13<\/td>\n<\/tr>\n<tr>\n<td>27<\/td>\n<td>Rub\u00e9n Madue\u00f1o Soto<\/td>\n<td>P\u00edvot<\/td>\n<td>189<\/td>\n<td>13<\/td>\n<\/tr>\n<tr>\n<td>29<\/td>\n<td>Mouhamadou Mourtala Mbaye Ndiaye<\/td>\n<td>P\u00edvot<\/td>\n<td>193<\/td>\n<td>13<\/td>\n<\/tr>\n<tr>\n<td>30<\/td>\n<td>Roc Jim\u00e9nez Selva<\/td>\n<td>P\u00edvot<\/td>\n<td>192<\/td>\n<td>13<\/td>\n<\/tr>\n<tr>\n<td>33<\/td>\n<td>Lewys Alfaro Cristo<\/td>\n<td>Alero<\/td>\n<td>185<\/td>\n<td>13<\/td>\n<\/tr>\n<tr>\n<td>99<\/td>\n<td>Jorge Niebla Santos<\/td>\n<td>Alero<\/td>\n<td>187<\/td>\n<td>13<\/td>\n<\/tr>\n<p><strong>Entrenador<\/strong>: Xavier Mayola Piera.<\/p>\n<p>Casademont Zaragoza<\/p>\n<tr>DorsalJugadorPosici\u00f3nAlturaEdad<\/tr>\n<tr>\n<td>4<\/td>\n<td>Alex Llompart Bernal<\/td>\n<td>Base<\/td>\n<td>189<\/td>\n<td>12<\/td>\n<\/tr>\n<tr>\n<td>10<\/td>\n<td>Sangare Moussa<\/td>\n<td>P\u00edvot<\/td>\n<td>205<\/td>\n<td>11<\/td>\n<\/tr>\n<tr>\n<td>43<\/td>\n<td>Daniel Espuelas Pardos<\/td>\n<td>Escolta<\/td>\n<td>167<\/td>\n<td>13<\/td>\n<\/tr>\n<tr>\n<td>55<\/td>\n<td>Mart\u00edn Guerrero Rocafull<\/td>\n<td>Base<\/td>\n<td>163<\/td>\n<td>13<\/td>\n<\/tr>\n<tr>\n<td>59<\/td>\n<td>Jorge Villarrocha Jim\u00e9nez<\/td>\n<td>Alero<\/td>\n<td>176<\/td>\n<td>13<\/td>\n<\/tr>\n<tr>\n<td>62<\/td>\n<td>Carlos Cubr\u00eda Mercadal<\/td>\n<td>Escolta<\/td>\n<td>161<\/td>\n<td>13<\/td>\n<\/tr>\n<tr>\n<td>65<\/td>\n<td>Jorge Zapata Folguera<\/td>\n<td>Alero<\/td>\n<td>173<\/td>\n<td>13<\/td>\n<\/tr>\n<tr>\n<td>66<\/td>\n<td>Pablo Garc\u00eda Mariscal<\/td>\n<td>Escolta<\/td>\n<td>167<\/td>\n<td>13<\/td>\n<\/tr>\n<tr>\n<td>70<\/td>\n<td>Daniel Pardos Lasierra<\/td>\n<td>Base<\/td>\n<td>174<\/td>\n<td>13<\/td>\n<\/tr>\n<tr>\n<td>81<\/td>\n<td>David Cayetano Soriano<\/td>\n<td>Alero<\/td>\n<td>181<\/td>\n<td>13<\/td>\n<\/tr>\n<tr>\n<td>90<\/td>\n<td>Carlos Urdiain Esperanza<\/td>\n<td>Escolta<\/td>\n<td>178<\/td>\n<td>13<\/td>\n<\/tr>\n<tr>\n<td>95<\/td>\n<td>Fabi\u00e1n Ac\u00edn Cruz<\/td>\n<td>P\u00edvot<\/td>\n<td>190<\/td>\n<td>13<\/td>\n<\/tr>\n<tr>\n<td>97<\/td>\n<td>Mart\u00edn Lobera Solar<\/td>\n<td>P\u00edvot<\/td>\n<td>179<\/td>\n<td>13<\/td>\n<\/tr>\n<p><strong>Entrenador<\/strong>: Jorge Samper Ib\u00e1\u00f1ez.<\/p>\n<p>Baskonia<\/p>\n<tr>DorsalJugadorPosici\u00f3nAlturaEdad<\/tr>\n<tr>\n<td>4<\/td>\n<td>Jon D\u00edaz Valdivieso<\/td>\n<td>Base<\/td>\n<td>160<\/td>\n<td>13<\/td>\n<\/tr>\n<tr>\n<td>5<\/td>\n<td>Lucas Quan Bee<\/td>\n<td>Ala-p\u00edvot<\/td>\n<td>181<\/td>\n<td>13<\/td>\n<\/tr>\n<tr>\n<td>6<\/td>\n<td>Julen Valeta De la Puente<\/td>\n<td>Alero<\/td>\n<td>166<\/td>\n<td>13<\/td>\n<\/tr>\n<tr>\n<td>7<\/td>\n<td>Urtzi Larrazabal D\u00edaz de Cerio<\/td>\n<td>Alero<\/td>\n<td>183<\/td>\n<td>13<\/td>\n<\/tr>\n<tr>\n<td>8<\/td>\n<td>Liher Mori\u00f1igo Mart\u00ednez de Icaya<\/td>\n<td>Alero<\/td>\n<td>174<\/td>\n<td>13<\/td>\n<\/tr>\n<tr>\n<td>9<\/td>\n<td>Nicol\u00e1s Rubio Eguiluz<\/td>\n<td>Ala-p\u00edvot<\/td>\n<td>184<\/td>\n<td>13<\/td>\n<\/tr>\n<tr>\n<td>10<\/td>\n<td>Alai Murga Ruiz<\/td>\n<td>Escolta<\/td>\n<td>175<\/td>\n<td>13<\/td>\n<\/tr>\n<tr>\n<td>11<\/td>\n<td>Ander Miguel P\u00e9rez del Notario<\/td>\n<td>Base<\/td>\n<td>183<\/td>\n<td>13<\/td>\n<\/tr>\n<tr>\n<td>12<\/td>\n<td>Jurdan Miguel Calder\u00f3n<\/td>\n<td>Alero<\/td>\n<td>171<\/td>\n<td>13<\/td>\n<\/tr>\n<tr>\n<td>13<\/td>\n<td>Unai Landa Amador<\/td>\n<td>Ala-p\u00edvot<\/td>\n<td>180<\/td>\n<td>13<\/td>\n<\/tr>\n<tr>\n<td>14<\/td>\n<td>Mart\u00edn Mendiguren Saracibar<\/td>\n<td>Base<\/td>\n<td>164<\/td>\n<td>13<\/td>\n<\/tr>\n<tr>\n<td>15<\/td>\n<td>Aner Leiva Jurado<\/td>\n<td>P\u00edvot<\/td>\n<td>188<\/td>\n<td>13<\/td>\n<\/tr>\n<tr>\n<td>16<\/td>\n<td>Markel Domaica Sa\u00e9z de la Fuente<\/td>\n<td>Escolta<\/td>\n<td>176<\/td>\n<td>13<\/td>\n<\/tr>\n<p><strong>Entrenador<\/strong>: Aritz Muguruza Gil.<\/p>\n<p>R\u00edo Breog\u00e1n<\/p>\n<tr>DorsalJugadorPosici\u00f3nAlturaEdad<\/tr>\n<tr>\n<td>1<\/td>\n<td>Rodrigo Quintero Perez<\/td>\n<td>Alero<\/td>\n<td>167<\/td>\n<td>13<\/td>\n<\/tr>\n<tr>\n<td>3<\/td>\n<td>Bruno Fern\u00e1ndez Gonz\u00e1lez<\/td>\n<td>Escolta<\/td>\n<td>171<\/td>\n<td>13<\/td>\n<\/tr>\n<tr>\n<td>4<\/td>\n<td>Diego Cortizas Arias<\/td>\n<td>Base<\/td>\n<td>156<\/td>\n<td>13<\/td>\n<\/tr>\n<tr>\n<td>7<\/td>\n<td>Pablo Dom\u00ednguez Rodr\u00edguez<\/td>\n<td>Escolta<\/td>\n<td>164<\/td>\n<td>13<\/td>\n<\/tr>\n<tr>\n<td>11<\/td>\n<td>Mateo Quintela F\u00f3rneas<\/td>\n<td>Base<\/td>\n<td>156<\/td>\n<td>13<\/td>\n<\/tr>\n<tr>\n<td>13<\/td>\n<td>Iker Bouzas Neira<\/td>\n<td>P\u00edvot<\/td>\n<td>189<\/td>\n<td>13<\/td>\n<\/tr>\n<tr>\n<td>14<\/td>\n<td>Fabi\u00e1n Valcarcel Castro<\/td>\n<td>Ala-p\u00edvot<\/td>\n<td>163<\/td>\n<td>13<\/td>\n<\/tr>\n<tr>\n<td>16<\/td>\n<td>Manuel \u00c1ngel Real Barreiro<\/td>\n<td>Ala-p\u00edvot<\/td>\n<td>168<\/td>\n<td>13<\/td>\n<\/tr>\n<tr>\n<td>17<\/td>\n<td>Hugo Fern\u00e1ndez Fern\u00e1ndez<\/td>\n<td>Alero<\/td>\n<td>170<\/td>\n<td>13<\/td>\n<\/tr>\n<tr>\n<td>23<\/td>\n<td>Guillermo Carcedo L\u00f3pez<\/td>\n<td>Escolta<\/td>\n<td>162<\/td>\n<td>13<\/td>\n<\/tr>\n<tr>\n<td>41<\/td>\n<td>Nicolas P\u00e9rez Real<\/td>\n<td>Escolta<\/td>\n<td>165<\/td>\n<td>13<\/td>\n<\/tr>\n<tr>\n<td>50<\/td>\n<td>Hugo Castedo Rey<\/td>\n<td>P\u00edvot<\/td>\n<td>182<\/td>\n<td>13<\/td>\n<\/tr>\n<p><strong>Entrenador<\/strong>: Miguel \u00c1ngel Hoyo Ramos.<\/p>\n<p class=\"has-text-align-right\">Foto: acb<\/p>\n<p>\t\t\t\t\t\t<a href=\"https:\/\/www.gigantes.com\/tienda\/\" target=\"_blank\" rel=\"noopener nofollow\"><br \/>\n\t\t\t\t\t\t\t<img decoding=\"async\" src=\"https:\/\/www.europesays.com\/es\/wp-content\/uploads\/2025\/11\/cropped-40.jpg\" alt=\"cropped-40.jpg\"\/><br \/>\n\t\t\t\t\t\t<\/a><\/p>\n<p class=\"magazine-description\">Testigos del baloncesto. Cumplimos 40 a\u00f1os. Una edici\u00f3n diferente, llena de curiosidades, opiniones, gui\u00f1os, historia y cari\u00f1o. Cuatro d\u00e9cadas fusionando basket y papel.<\/p>\n<p>\t\t\t\t\t<a href=\"https:\/\/www.gigantes.com\/tienda\/\" class=\"btn-primary\" target=\"_blank\" rel=\"noopener nofollow\">Comprar<\/a><\/p>\n","protected":false},"excerpt":{"rendered":"Repasa las plantillas de los 16 conjuntos que luchar\u00e1n en Valencia del 28 al 30 de noviembre por&hellip;\n","protected":false},"author":2,"featured_media":255731,"comment_status":"","ping_status":"","sticky":false,"template":"","format":"standard","meta":{"footnotes":""},"categories":[269],"tags":[299,298,168,25,24,23,167],"class_list":{"0":"post-255730","1":"post","2":"type-post","3":"status-publish","4":"format-standard","5":"has-post-thumbnail","7":"category-baloncesto","8":"tag-baloncesto","9":"tag-basketball","10":"tag-deportes","11":"tag-es","12":"tag-espana","13":"tag-spain","14":"tag-sports"},"share_on_mastodon":{"url":"https:\/\/pubeurope.com\/@es\/115612606074584118","error":""},"_links":{"self":[{"href":"https:\/\/www.europesays.com\/es\/wp-json\/wp\/v2\/posts\/255730","targetHints":{"allow":["GET"]}}],"collection":[{"href":"https:\/\/www.europesays.com\/es\/wp-json\/wp\/v2\/posts"}],"about":[{"href":"https:\/\/www.europesays.com\/es\/wp-json\/wp\/v2\/types\/post"}],"author":[{"embeddable":true,"href":"https:\/\/www.europesays.com\/es\/wp-json\/wp\/v2\/users\/2"}],"replies":[{"embeddable":true,"href":"https:\/\/www.europesays.com\/es\/wp-json\/wp\/v2\/comments?post=255730"}],"version-history":[{"count":0,"href":"https:\/\/www.europesays.com\/es\/wp-json\/wp\/v2\/posts\/255730\/revisions"}],"wp:featuredmedia":[{"embeddable":true,"href":"https:\/\/www.europesays.com\/es\/wp-json\/wp\/v2\/media\/255731"}],"wp:attachment":[{"href":"https:\/\/www.europesays.com\/es\/wp-json\/wp\/v2\/media?parent=255730"}],"wp:term":[{"taxonomy":"category","embeddable":true,"href":"https:\/\/www.europesays.com\/es\/wp-json\/wp\/v2\/categories?post=255730"},{"taxonomy":"post_tag","embeddable":true,"href":"https:\/\/www.europesays.com\/es\/wp-json\/wp\/v2\/tags?post=255730"}],"curies":[{"name":"wp","href":"https:\/\/api.w.org\/{rel}","templated":true}]}}