{"id":255734,"date":"2025-11-25T22:06:09","date_gmt":"2025-11-25T22:06:09","guid":{"rendered":"https:\/\/www.europesays.com\/es\/255734\/"},"modified":"2025-11-25T22:06:09","modified_gmt":"2025-11-25T22:06:09","slug":"el-cancer-esta-en-mi-vida-mis-padres-murieron-de-esa-enfermedad","status":"publish","type":"post","link":"https:\/\/www.europesays.com\/es\/255734\/","title":{"rendered":"El c\u00e1ncer est\u00e1 en mi vida, mis padres murieron de esa enfermedad"},"content":{"rendered":"<p class=\"c-paragraph\">La actriz y dise\u00f1adora de joyas B\u00e1rbara Goenaga ha dado una entrevista a la revista Hola en la que aborda la situaci\u00f3n m\u00e9dica de su pareja, el diputado popular Borja S\u00e9mper, <b>en tratamiento de c\u00e1ncer desde el pasado verano.<\/b><\/p>\n<p class=\"c-paragraph\">La actriz, de 42 a\u00f1os y madre de dos ni\u00f1os con el pol\u00edtico (tiene uno mayor de una relaci\u00f3n con el actor \u00d3scar Janeada) ha dicho en la conversaci\u00f3n con la revista: \u00abPor suerte o por desgracia,\u00a0el c\u00e1ncer ha estado muy presente en mi vida. M<b>is padres fallecieron los dos de c\u00e1ncer,<\/b>\u00a0<b>bastante j\u00f3venes y en el momento que no les correspond\u00eda<\/b>. Es verdad que este (la enfermedad de Semper) ha sido un susto que no te esperas y fue complicado de entender, porque menos de un a\u00f1o despu\u00e9s de perder a mi padre, volver a vivir el c\u00e1ncer tan de cerca\u2026\u00bb.\u00a0<\/p>\n<p class=\"c-paragraph\">El padre de la actriz, <b>el reconocido pintor Juan Luis Goenaga, muri\u00f3 en agosto de 2024, a los 74 a\u00f1os<\/b>, once meses antes del diagn\u00f3stico de Semper. Su madre falleci\u00f3 en 2015 de c\u00e1ncer de pulm\u00f3n, lo que la llev\u00f3 a ella a dejar dr\u00e1sticamente el tabaco.<\/p>\n<p class=\"c-paragraph\">Sin embargo, la actriz se muestra confiada con el futuro de su pareja: \u00abEs verdad que hemos llegado en una etapa muy temprana de la enfermedad y soy consciente de tener que ser optimista. Ahora mismo no es momento de preocuparse, sabemos lo que es que las cosas no vayan bien y, en este caso,\u00a0<b>todo est\u00e1 yendo muy bien.<\/b>\u00a0Hay que valorar eso\u00bb, afirma.<\/p>\n<p class=\"c-paragraph\">La actriz vasca resalta una ense\u00f1anza. \u00abLo que aprendes de estas situaciones es que\u00a0tienes que vivir no el ahora, <b>sino el ahora mismo, en este preciso momento y que tienes que disfrutar<\/b>, porque te da la opci\u00f3n de ver cosas que antes no las apreciabas\u00bb. Y da gracias por la atenci\u00f3n recibida. \u00abNo me puedo quejar, de verdad. Lo vivimos con responsabilidad, a\u00a0coger el toro por los cuernos y a creer much\u00edsimo en los m\u00e9dicos.\u00a0Aprendes a ser muy consciente de todo y\u00a0a agradecer much\u00edsimo\u00bb.<\/p>\n","protected":false},"excerpt":{"rendered":"La actriz y dise\u00f1adora de joyas B\u00e1rbara Goenaga ha dado una entrevista a la revista Hola en la&hellip;\n","protected":false},"author":2,"featured_media":255735,"comment_status":"","ping_status":"","sticky":false,"template":"","format":"standard","meta":{"footnotes":""},"categories":[174],"tags":[38503,255,146,147,25,24,256,64338,4596,2477,23,3271],"class_list":{"0":"post-255734","1":"post","2":"type-post","3":"status-publish","4":"format-standard","5":"has-post-thumbnail","7":"category-famosos","8":"tag-barbara","9":"tag-celebrities","10":"tag-entertainment","11":"tag-entretenimiento","12":"tag-es","13":"tag-espana","14":"tag-famosos","15":"tag-goneaga","16":"tag-habla","17":"tag-pareja","18":"tag-spain","19":"tag-su"},"share_on_mastodon":{"url":"https:\/\/pubeurope.com\/@es\/115612613575823172","error":""},"_links":{"self":[{"href":"https:\/\/www.europesays.com\/es\/wp-json\/wp\/v2\/posts\/255734","targetHints":{"allow":["GET"]}}],"collection":[{"href":"https:\/\/www.europesays.com\/es\/wp-json\/wp\/v2\/posts"}],"about":[{"href":"https:\/\/www.europesays.com\/es\/wp-json\/wp\/v2\/types\/post"}],"author":[{"embeddable":true,"href":"https:\/\/www.europesays.com\/es\/wp-json\/wp\/v2\/users\/2"}],"replies":[{"embeddable":true,"href":"https:\/\/www.europesays.com\/es\/wp-json\/wp\/v2\/comments?post=255734"}],"version-history":[{"count":0,"href":"https:\/\/www.europesays.com\/es\/wp-json\/wp\/v2\/posts\/255734\/revisions"}],"wp:featuredmedia":[{"embeddable":true,"href":"https:\/\/www.europesays.com\/es\/wp-json\/wp\/v2\/media\/255735"}],"wp:attachment":[{"href":"https:\/\/www.europesays.com\/es\/wp-json\/wp\/v2\/media?parent=255734"}],"wp:term":[{"taxonomy":"category","embeddable":true,"href":"https:\/\/www.europesays.com\/es\/wp-json\/wp\/v2\/categories?post=255734"},{"taxonomy":"post_tag","embeddable":true,"href":"https:\/\/www.europesays.com\/es\/wp-json\/wp\/v2\/tags?post=255734"}],"curies":[{"name":"wp","href":"https:\/\/api.w.org\/{rel}","templated":true}]}}