{"id":255736,"date":"2025-11-25T22:09:10","date_gmt":"2025-11-25T22:09:10","guid":{"rendered":"https:\/\/www.europesays.com\/es\/255736\/"},"modified":"2025-11-25T22:09:10","modified_gmt":"2025-11-25T22:09:10","slug":"la-promesa-rompe-con-la-promesa-el-capitulo-con-el-que-su-creador-destruye-todo-lo-anterior-el-mundo","status":"publish","type":"post","link":"https:\/\/www.europesays.com\/es\/255736\/","title":{"rendered":"La Promesa &quot;rompe&quot; con La Promesa: el cap\u00edtulo con el que su creador &#039;destruye&#039; todo lo anterior &#8211; El Mundo"},"content":{"rendered":"<ol>\n<li><a href=\"https:\/\/news.google.com\/rss\/articles\/CBMif0FVX3lxTFBaOGRhQ0JTLWRXQWlXaThDY1NuU000LU5PNy0xaHJHZHc2UHlZYktaZzZIeVVBVGtkYm1GVU1ORjQyVFNqUHZpcWx0VGpiZWlIVF9MUVdLY0FRbVpzRFJFb01vNVVFZV9tY19Hem5ZbkJhRXFMWjVJWndyMVNSQVnSAX9BVV95cUxPMFoxR05LT3RkeTlRakVjd1JzNmVTbkVOU0U4VGgtdWl2bFBmNkVjZlhQMG5QcGh4YkFEZXltWU9oSWdmZGczbl8zSndVeFJGb2hleVQ5RXRrQ3lNYkRiZkVzNEpHM3dSdjRiZlowYWRZckZJZ3BDZmNlaFF6bDlZ?oc=5\" target=\"_blank\" rel=\"nofollow noopener\">La Promesa \u00abrompe\u00bb con La Promesa: el cap\u00edtulo con el que su creador &#8216;destruye&#8217; todo lo anterior<\/a>&nbsp;&nbsp;El Mundo<\/li>\n<li><a href=\"https:\/\/news.google.com\/rss\/articles\/CBMimAFBVV95cUxOa01vS0RlZEhsdS1TaC1TUjZSUWhreWpkYlZrWWVOLW5DN0o0RG5qOXc2Y3BKNXJiYWdvbEJmay15c1FwY0x1cHhDQlB2eGdtbkJTX2RjN3V2TlRYcVg2TUgtaUZ5SlllalhhcENzZjBUNHJwRW1vYnhURlI4WFJaM0pkdUJXaHgtSE5xQk40OVFYeEp1bFFxaA?oc=5\" target=\"_blank\" rel=\"nofollow noopener\">Avance de &#8216;La Promesa&#8217; del mi\u00e9rcoles 26 de noviembre: Curro secuestra a Lorenzo<\/a>&nbsp;&nbsp;RTVE.es<\/li>\n<li><a href=\"https:\/\/news.google.com\/rss\/articles\/CBMi2gFBVV95cUxORHVfVVJzak1HUGhyeWVBN2xjbHBIWEE1TEtFVmhqVldVeEtzdm0zQ3ZveTFvQnhXa05TN0o1Zk1Jc3NFNTRhTkIzc0hiUWV4ZndIV0ZJNHJaa3VYejExNTJxQzUtLU1jVllZa1FrUW92X3Rva0F2TFoxeGVCc0NKWHRXUFFQYnRDUUdZRncwaGNYVmlWOTU1OXcxRmZMZ0hQMWZBUXZhN215ekJYOWFybk1pWGZ0eXE2ak5Cc010RmM3eDdhWVB5bERFMlBGUHFvdHRvWHBndHNvQQ?oc=5\" target=\"_blank\" rel=\"nofollow noopener\">RTVE anuncia un \u00abpunto y final\u00bb en &#8216;La Promesa&#8217; y pone nombre a un nuevo personaje<\/a>&nbsp;&nbsp;El Independiente<\/li>\n<li><a href=\"https:\/\/news.google.com\/rss\/articles\/CBMiswFBVV95cUxQUmIwcHJzOW9oTGo2aFB1dnMxM3JEWG4zZWtIZFZ3d0pDRW1iSmxWVS1nZm5mbF9QRXBnSG9UNmtudnI1dXd2MG10TGFOR0Z4bWhwOThZZGdwNE41WGFiakJuZXFIMjRVY2RwQmZXSGFQelJ5eERNZFl4RFJfdnZOMVFtWlN1YnAxRjEtaEhnWVpaLXFYVHhKR0pwdW54aElPakFLby1WeHg4LWEwekttRjBfTdIBuAFBVV95cUxQdXVaTUJFVEJSVkJHVVNCQU8yYUloVWFyVmdISFVYRXM2bkVrOGF4eDhfdDd0cjlRVEhXakFSRDF2SmxYT1lHbTRJRGtOQ1E2VmxQUFBkUXc1M3RjM1ZERTZsMVoyUEs2MV9BS2haZHYtOGotZnItck5ZX3ZVUk5iSUdRVGZqYjYtRDZqNFBsdVNmWE5VaXJjWFEyZ3pxYlBvU3FoZ1NNcnZ0b05LSDB5SV9Ub1d4Tm9Y?oc=5\" target=\"_blank\" rel=\"nofollow noopener\">\u2018La Promesa\u2019 enfrentar\u00e1 por fin a Curro y Lorenzo en un cap\u00edtulo especial<\/a>&nbsp;&nbsp;La Vanguardia<\/li>\n<li><a href=\"https:\/\/news.google.com\/rss\/articles\/CBMizwFBVV95cUxQRXpOTGxLRzNyVFVYcWpQRTY1am9jMy1sNFRBZm1UODZSa2IxX2ZDMWwyMU5MbUJ0b2ZSTmdFMHJMNlNEYUppNi1CLTg0ZHpuVV9LbGNWXzFyakRWaTVxNm43OVJqUmFXZ2VFeExLVWthUUVIcjhSUVphU3BlOE0tRlZsSGxFT21qck5tdHBDOXRXTE5pVDVzbDV5UTlkeFJTYlBlWVBrdmszbzkxcExZTlVpcXpIemQtR3RaLXJ4Q3FibURjSjhFUG5heHhiTlXSAdQBQVVfeXFMT28xMTZ4QWJDbzVtQVFYa2RwdHhzbUs3cThnbHFENlVIclVDdVdHVGJiSENSaEhoSDFMckItX3RzdUVCUC15ZFloRGYxemFHQ0hYb1oxOXlxdDI0NEUzRkVVQ2xXcVNVV2oxcDM5dk5BUmlYUURlZGZsaV9jQk5FMUtvX1ZDS3ZrUFNHUkVtdkpvb0pnemZjQ3R2YTU3T0dPenNVemZhMjBYVm4wdWZiamZVYXJiRTJJSnJxYm1GYVV6Ym1Va2FWYmxXR3ZwUHhMYnVQLWI?oc=5\" target=\"_blank\" rel=\"nofollow noopener\">Avance del cap\u00edtulo especial de &#8216;La Promesa&#8217; del mi\u00e9rcoles, 26 de noviembre: el duelo m\u00e1s intenso entre Curro y Lorenzo<\/a>&nbsp;&nbsp;El Confidencial<\/li>\n<\/ol>\n","protected":false},"excerpt":{"rendered":"La Promesa \u00abrompe\u00bb con La Promesa: el cap\u00edtulo con el que su creador &#8216;destruye&#8217; todo lo anterior&nbsp;&nbsp;El Mundo&hellip;\n","protected":false},"author":2,"featured_media":255737,"comment_status":"","ping_status":"","sticky":false,"template":"","format":"standard","meta":{"footnotes":""},"categories":[171],"tags":[146,147,25,24,11031,518,23,807,214],"class_list":{"0":"post-255736","1":"post","2":"type-post","3":"status-publish","4":"format-standard","5":"has-post-thumbnail","7":"category-tv","8":"tag-entertainment","9":"tag-entretenimiento","10":"tag-es","11":"tag-espana","12":"tag-la-promesa","13":"tag-rtve","14":"tag-spain","15":"tag-television","16":"tag-tv"},"share_on_mastodon":{"url":"https:\/\/pubeurope.com\/@es\/115612625489275217","error":""},"_links":{"self":[{"href":"https:\/\/www.europesays.com\/es\/wp-json\/wp\/v2\/posts\/255736","targetHints":{"allow":["GET"]}}],"collection":[{"href":"https:\/\/www.europesays.com\/es\/wp-json\/wp\/v2\/posts"}],"about":[{"href":"https:\/\/www.europesays.com\/es\/wp-json\/wp\/v2\/types\/post"}],"author":[{"embeddable":true,"href":"https:\/\/www.europesays.com\/es\/wp-json\/wp\/v2\/users\/2"}],"replies":[{"embeddable":true,"href":"https:\/\/www.europesays.com\/es\/wp-json\/wp\/v2\/comments?post=255736"}],"version-history":[{"count":0,"href":"https:\/\/www.europesays.com\/es\/wp-json\/wp\/v2\/posts\/255736\/revisions"}],"wp:featuredmedia":[{"embeddable":true,"href":"https:\/\/www.europesays.com\/es\/wp-json\/wp\/v2\/media\/255737"}],"wp:attachment":[{"href":"https:\/\/www.europesays.com\/es\/wp-json\/wp\/v2\/media?parent=255736"}],"wp:term":[{"taxonomy":"category","embeddable":true,"href":"https:\/\/www.europesays.com\/es\/wp-json\/wp\/v2\/categories?post=255736"},{"taxonomy":"post_tag","embeddable":true,"href":"https:\/\/www.europesays.com\/es\/wp-json\/wp\/v2\/tags?post=255736"}],"curies":[{"name":"wp","href":"https:\/\/api.w.org\/{rel}","templated":true}]}}