{"id":255740,"date":"2025-11-25T22:11:05","date_gmt":"2025-11-25T22:11:05","guid":{"rendered":"https:\/\/www.europesays.com\/es\/255740\/"},"modified":"2025-11-25T22:11:05","modified_gmt":"2025-11-25T22:11:05","slug":"alba-flores-estrena-flores-para-antonio-el-documental-sobre-la-vida-de-su-padre-en-movistar-el-cine-en-la-ser","status":"publish","type":"post","link":"https:\/\/www.europesays.com\/es\/255740\/","title":{"rendered":"Alba Flores estrena &#8216;Flores para Antonio&#8217;, el documental sobre la vida de su padre, en Movistar+ | El cine en la SER"},"content":{"rendered":"<p class=\"loc\">Madrid<\/p>\n<p>La actriz <a href=\"https:\/\/cadenaser.com\/nacional\/2025\/07\/02\/emocion-musica-y-ternura-en-el-primer-avance-de-flores-para-antonio-el-documental-de-alba-flores-que-homenaje-a-su-padre-cadena-ser\/\" target=\"_blank\" rel=\"nofollow noopener\" title=\"https:\/\/cadenaser.com\/nacional\/2025\/07\/02\/emocion-musica-y-ternura-en-el-primer-avance-de-flores-para-antonio-el-documental-de-alba-flores-que-homenaje-a-su-padre-cadena-ser\/\">Alba Flores estrena este martes el documental Flores para Antonio<\/a>, un proyecto que sigue la vida y trayectoria de su padre, Antonio Flores. Dirigido por los cineastas Isaki Lacuesta y Elena Molina, con la producci\u00f3n de la primog\u00e9nita del cantante, la obra recoge tambi\u00e9n el proceso de sanaci\u00f3n por el que ha pasado toda la familia del artista tras su p\u00e9rdida.<\/p>\n<p>M\u00e1s informaci\u00f3n<\/p>\n<p>Tras su paso por festivales, <a href=\"https:\/\/cadenaser.com\/andalucia\/2025\/02\/28\/varias-localizaciones-de-jerez-presentes-en-el-rodaje-del-largometraje-flores-para-antonio-radio-jerez\/\" target=\"_blank\" rel=\"nofollow noopener\" title=\"https:\/\/cadenaser.com\/andalucia\/2025\/02\/28\/varias-localizaciones-de-jerez-presentes-en-el-rodaje-del-largometraje-flores-para-antonio-radio-jerez\/\">el documental<\/a> ya se encuentra disponible en la plataforma Movistar+. El estreno coincide tambi\u00e9n con los 30 a\u00f1os desde el fallecimiento de Antonio Flores en 1995 y propone un viaje \u00edntimo que busca acercar al espectador a las memorias de uno de los artistas m\u00e1s trascendentales de Espa\u00f1a. <\/p>\n<p>Las composiciones de Flores han dejado una profunda huella y un legado en la m\u00fasica actual, por lo que la pieza busca mirar m\u00e1s profundamente en la vida del cantante a trav\u00e9s de materiales in\u00e9ditos. <\/p>\n<p>Flores para Antonio hilvana fotos, videos caseros, fragmentos de sus letras o im\u00e1genes de archivo en una narrativa que pretende acompa\u00f1ar a Alba Flores en su viaje para profundizar en la figura de su padre. De esta forma, la actriz desvela facetas desconocidas de la vida del m\u00fasico en compa\u00f1\u00eda de otras personas de su familia, como su madre o sus t\u00edas, Lolita y Rosario Flores. <\/p>\n<p>Asimismo, otros artistas aportan tambi\u00e9n su voz para reconstruir los pedazos de la vida del cantante y compositor, como es el caso de Antonio Carmona, Ariel Rot, Joaqu\u00edn Sabina o S\u00edlvia P\u00e9rez Cruz, entre otros.<\/p>\n","protected":false},"excerpt":{"rendered":"Madrid La actriz Alba Flores estrena este martes el documental Flores para Antonio, un proyecto que sigue la&hellip;\n","protected":false},"author":2,"featured_media":255741,"comment_status":"","ping_status":"","sticky":false,"template":"","format":"standard","meta":{"footnotes":""},"categories":[169],"tags":[177,146,147,25,24,176,175,23],"class_list":{"0":"post-255740","1":"post","2":"type-post","3":"status-publish","4":"format-standard","5":"has-post-thumbnail","7":"category-cine","8":"tag-cine","9":"tag-entertainment","10":"tag-entretenimiento","11":"tag-es","12":"tag-espana","13":"tag-film","14":"tag-movies","15":"tag-spain"},"share_on_mastodon":{"url":"https:\/\/pubeurope.com\/@es\/115612633195971577","error":""},"_links":{"self":[{"href":"https:\/\/www.europesays.com\/es\/wp-json\/wp\/v2\/posts\/255740","targetHints":{"allow":["GET"]}}],"collection":[{"href":"https:\/\/www.europesays.com\/es\/wp-json\/wp\/v2\/posts"}],"about":[{"href":"https:\/\/www.europesays.com\/es\/wp-json\/wp\/v2\/types\/post"}],"author":[{"embeddable":true,"href":"https:\/\/www.europesays.com\/es\/wp-json\/wp\/v2\/users\/2"}],"replies":[{"embeddable":true,"href":"https:\/\/www.europesays.com\/es\/wp-json\/wp\/v2\/comments?post=255740"}],"version-history":[{"count":0,"href":"https:\/\/www.europesays.com\/es\/wp-json\/wp\/v2\/posts\/255740\/revisions"}],"wp:featuredmedia":[{"embeddable":true,"href":"https:\/\/www.europesays.com\/es\/wp-json\/wp\/v2\/media\/255741"}],"wp:attachment":[{"href":"https:\/\/www.europesays.com\/es\/wp-json\/wp\/v2\/media?parent=255740"}],"wp:term":[{"taxonomy":"category","embeddable":true,"href":"https:\/\/www.europesays.com\/es\/wp-json\/wp\/v2\/categories?post=255740"},{"taxonomy":"post_tag","embeddable":true,"href":"https:\/\/www.europesays.com\/es\/wp-json\/wp\/v2\/tags?post=255740"}],"curies":[{"name":"wp","href":"https:\/\/api.w.org\/{rel}","templated":true}]}}