{"id":255747,"date":"2025-11-25T22:17:10","date_gmt":"2025-11-25T22:17:10","guid":{"rendered":"https:\/\/www.europesays.com\/es\/255747\/"},"modified":"2025-11-25T22:17:10","modified_gmt":"2025-11-25T22:17:10","slug":"hamas-y-yihad-islamica-devolveran-cuerpo-de-rehen-a-israel-dw-25-11-2025","status":"publish","type":"post","link":"https:\/\/www.europesays.com\/es\/255747\/","title":{"rendered":"Ham\u00e1s y Yihad Isl\u00e1mica devolver\u00e1n cuerpo de reh\u00e9n a Israel \u2013 DW \u2013 25\/11\/2025"},"content":{"rendered":"<p>Las Brigadas Al Qasam, el brazo armado de <a class=\"internal-link\" href=\"https:\/\/www.dw.com\/es\/ham\u00e1s\/t-17412524\" rel=\"nofollow noopener\" target=\"_blank\">Ham\u00e1s<\/a>, anunciaron este martes (25.11.2025) en un comunicado que devolver\u00e1n a Israel, junto a la <a class=\"internal-link\" href=\"https:\/\/www.dw.com\/es\/yihad\/t-36071816\" rel=\"nofollow noopener\" target=\"_blank\">Yihad<\/a>\u00a0Isl\u00e1mica Palestina, el cad\u00e1ver de un reh\u00e9n en <a class=\"internal-link\" href=\"https:\/\/www.dw.com\/es\/franja-de-gaza\/t-67111647\" rel=\"nofollow noopener\" target=\"_blank\">Gaza<\/a>\u00a0a las 16.00 hora local (14.00 GMT), uno de los tres cuerpos de cautivos muertos que quedan a\u00fan en la Franja.<\/p>\n<p>\u00abComo parte del acuerdo de intercambio de prisioneros #TormentaDeAlAqsa, las Brigadas al Quds (el brazo armado de la Yihad Isl\u00e1mica Palestina) y las Brigadas al Qasam entregar\u00e1n el cuerpo de un prisionero israel\u00ed encontrado en el centro de la Franja de Gaza a las 4 p.m.\u00bb, recoge el comunicado.<\/p>\n<p>Esta ma\u00f1ana, la oficina del primer ministro, <a class=\"internal-link\" href=\"https:\/\/www.dw.com\/es\/netanyahu-benjam\u00edn\/t-17409566\" rel=\"nofollow noopener\" target=\"_blank\">Benjam\u00edn Netanyahu<\/a>, acus\u00f3 a las milicias gazat\u00edes de violar el acuerdo de alto el fuego en la Franja por la demora en la entrega del cuerpo, hallado ayer, lunes.<\/p>\n<p><img data-format=\"MASTER_LANDSCAPE\" data-id=\"74812618\" data-url=\"https:\/\/static.dw.com\/image\/74812618_${formatId}.jpg\" data-aspect-ratio=\"16\/9\" alt=\"Ruinas y escombros en Gaza, por bombardeos del Ej\u00e9rcito de Israel.\" style=\"padding-bottom: 56.25%; height: 0; max-height: 0;\"\/>Ruinas y escombros en Yan Junis, Gaza, por bombardeos del Ej\u00e9rcito de Israel.Imagen: Ramadan Abed\/REUTERS<\/p>\n<p>\u00abIsrael exige el regreso inmediato de los tres rehenes que a\u00fan permanecen retenidos en la Franja de Gaza\u00bb, advierte el comunicado.<\/p>\n<p>En este territorio palestino quedan a\u00fan los cad\u00e1veres de tres de los 28 cautivos fallecidos que hab\u00eda en Gaza cuando entr\u00f3 en vigor la tregua, el 10 de octubre de este a\u00f1o.<\/p>\n<p><img data-format=\"MASTER_LANDSCAPE\" data-id=\"74413025\" data-url=\"https:\/\/static.dw.com\/image\/74413025_${formatId}.jpg\" data-aspect-ratio=\"16\/9\" alt=\"Protestas en Tel Aviv, Israel, para demandar la devoluci\u00f3n de los restos de rehenes de Ham\u00e1s secuestrados por esa organizaci\u00f3n terrorista en Gaza.\" style=\"padding-bottom: 56.25%; height: 0; max-height: 0;\"\/>Protestas en Tel Aviv, Israel, para demandar la devoluci\u00f3n de los restos de rehenes de Ham\u00e1s secuestrados por esa organizaci\u00f3n terrorista en Gaza. (Octubre de 2018).Imagen: Mostafa Alkharouf\/Anadolu Agency\/IMAGO<\/p>\n<p>Son dos israel\u00edes, el civil Dror Or y el soldado Ran Gvili; y un tailand\u00e9s, Sudthisak Rinthalak.<\/p>\n<p>La organizaci\u00f3n radical islamista Ham\u00e1s, considerada una organizaci\u00f3n terrorista por Estados Unidos, Israel, Alemania, y otros pa\u00edses de la Uni\u00f3n Europea y del mundo, perpetr\u00f3 un ataque contra Israel el 7 de octubre de 2023, asesinando a m\u00e1s de 1.200 personas y capturando a 250 personas, entre ellos, unos 30 ni\u00f1os, y traslad\u00e1ndolos a la Franja de Gaza.\u00a0<\/p>\n<p>Tras los ataques de Ham\u00e1s, el Ej\u00e9rcito de Israel inici\u00f3 su ofensiva contra Ham\u00e1s en la\u00a0Franja de Gaza, en los que se estima han muerto m\u00e1s de 69.000 personas.<\/p>\n<p>Ayer, la Yihad Isl\u00e1mica Palestina anunci\u00f3 a la cadena catar\u00ed Al Jazeera que hab\u00eda recuperado otro cad\u00e1ver en Nuseirat, en el centro de Gaza. De confirmarse su identidad, y seg\u00fan lo acordado, Israel devolver\u00e1 despu\u00e9s los cuerpos de 15 palestinos a modo de canje.<\/p>\n<p>Si el fallecido es el nacional tailand\u00e9s, Israel no entregar\u00e1 ning\u00fan cad\u00e1ver de palestinos.<\/p>\n<p>CP (efe, afp)<\/p>\n","protected":false},"excerpt":{"rendered":"Las Brigadas Al Qasam, el brazo armado de Ham\u00e1s, anunciaron este martes (25.11.2025) en un comunicado que devolver\u00e1n&hellip;\n","protected":false},"author":2,"featured_media":255748,"comment_status":"","ping_status":"","sticky":false,"template":"","format":"standard","meta":{"footnotes":""},"categories":[42],"tags":[17,18,13,14,11,61,62,63,64,19,20,9,10,15,16,12,21,22,65,66,67],"class_list":{"0":"post-255747","1":"post","2":"type-post","3":"status-publish","4":"format-standard","5":"has-post-thumbnail","7":"category-internacional","8":"tag-breaking-news","9":"tag-breakingnews","10":"tag-featured-news","11":"tag-featurednews","12":"tag-headlines","13":"tag-internacional","14":"tag-international","15":"tag-international-news","16":"tag-internationalnews","17":"tag-latest-news","18":"tag-latestnews","19":"tag-news","20":"tag-noticias","21":"tag-noticias-destacadas","22":"tag-noticiasdestacadas","23":"tag-titulares","24":"tag-ultimas-noticias","25":"tag-ultimasnoticias","26":"tag-world","27":"tag-world-news","28":"tag-worldnews"},"share_on_mastodon":{"url":"https:\/\/pubeurope.com\/@es\/115612656981765670","error":""},"_links":{"self":[{"href":"https:\/\/www.europesays.com\/es\/wp-json\/wp\/v2\/posts\/255747","targetHints":{"allow":["GET"]}}],"collection":[{"href":"https:\/\/www.europesays.com\/es\/wp-json\/wp\/v2\/posts"}],"about":[{"href":"https:\/\/www.europesays.com\/es\/wp-json\/wp\/v2\/types\/post"}],"author":[{"embeddable":true,"href":"https:\/\/www.europesays.com\/es\/wp-json\/wp\/v2\/users\/2"}],"replies":[{"embeddable":true,"href":"https:\/\/www.europesays.com\/es\/wp-json\/wp\/v2\/comments?post=255747"}],"version-history":[{"count":0,"href":"https:\/\/www.europesays.com\/es\/wp-json\/wp\/v2\/posts\/255747\/revisions"}],"wp:featuredmedia":[{"embeddable":true,"href":"https:\/\/www.europesays.com\/es\/wp-json\/wp\/v2\/media\/255748"}],"wp:attachment":[{"href":"https:\/\/www.europesays.com\/es\/wp-json\/wp\/v2\/media?parent=255747"}],"wp:term":[{"taxonomy":"category","embeddable":true,"href":"https:\/\/www.europesays.com\/es\/wp-json\/wp\/v2\/categories?post=255747"},{"taxonomy":"post_tag","embeddable":true,"href":"https:\/\/www.europesays.com\/es\/wp-json\/wp\/v2\/tags?post=255747"}],"curies":[{"name":"wp","href":"https:\/\/api.w.org\/{rel}","templated":true}]}}