{"id":255749,"date":"2025-11-25T22:18:11","date_gmt":"2025-11-25T22:18:11","guid":{"rendered":"https:\/\/www.europesays.com\/es\/255749\/"},"modified":"2025-11-25T22:18:11","modified_gmt":"2025-11-25T22:18:11","slug":"cuatro-muertos-por-un-escape-de-gas-en-torrox-malaga","status":"publish","type":"post","link":"https:\/\/www.europesays.com\/es\/255749\/","title":{"rendered":"Cuatro muertos por un escape de gas en Torrox, M\u00e1laga"},"content":{"rendered":"<p><strong>Unos padres y sus dos hijos <\/strong>han fallecido este martes en el municipio malague\u00f1o de Torrox tras inhalar gas en su vivienda. El suceso ha tenido lugar <strong>sobre las 15:20 horas <\/strong>en la barriada de<strong> El Pontil<\/strong>, ubicada en el <strong>casco antiguo<\/strong> de la localidad de la Axarqu\u00eda malague\u00f1a. <\/p>\n<p>Fuentes municipales han confirmado la muerte de <strong>dos adultos y dos adolescentes<\/strong> de una misma familia de origen magreb\u00ed. El Ayuntamiento prev\u00e9 decretar <strong>tres d\u00edas de luto oficial<\/strong> y una concentraci\u00f3n, ma\u00f1ana mi\u00e9rcoles, a las 10:00 horas.<\/p>\n<p>Todo indica a que la intoxicaci\u00f3n se debe a un escape de gas por <strong>mala combusti\u00f3n<\/strong> de mon\u00f3xido de carbono de <strong>una caldera o un calentador<\/strong>, se\u00f1alan fuentes del Consorcio Provincial de Bomberos.<\/p>\n<p>Hasta el lugar se han desplazado efectivos de la Guardia Civil, Polic\u00eda Local as\u00ed como sanitarios que est\u00e1n atendiendo a familiares y vecinos de las v\u00edctimas.<\/p>\n","protected":false},"excerpt":{"rendered":"Unos padres y sus dos hijos han fallecido este martes en el municipio malague\u00f1o de Torrox tras inhalar&hellip;\n","protected":false},"author":2,"featured_media":255750,"comment_status":"","ping_status":"","sticky":false,"template":"","format":"standard","meta":{"footnotes":""},"categories":[8],"tags":[17,18,25,24,13,14,11,19,20,9,10,15,16,23,12,21,22],"class_list":{"0":"post-255749","1":"post","2":"type-post","3":"status-publish","4":"format-standard","5":"has-post-thumbnail","7":"category-espana","8":"tag-breaking-news","9":"tag-breakingnews","10":"tag-es","11":"tag-espana","12":"tag-featured-news","13":"tag-featurednews","14":"tag-headlines","15":"tag-latest-news","16":"tag-latestnews","17":"tag-news","18":"tag-noticias","19":"tag-noticias-destacadas","20":"tag-noticiasdestacadas","21":"tag-spain","22":"tag-titulares","23":"tag-ultimas-noticias","24":"tag-ultimasnoticias"},"share_on_mastodon":{"url":"https:\/\/pubeurope.com\/@es\/115612660733436608","error":""},"_links":{"self":[{"href":"https:\/\/www.europesays.com\/es\/wp-json\/wp\/v2\/posts\/255749","targetHints":{"allow":["GET"]}}],"collection":[{"href":"https:\/\/www.europesays.com\/es\/wp-json\/wp\/v2\/posts"}],"about":[{"href":"https:\/\/www.europesays.com\/es\/wp-json\/wp\/v2\/types\/post"}],"author":[{"embeddable":true,"href":"https:\/\/www.europesays.com\/es\/wp-json\/wp\/v2\/users\/2"}],"replies":[{"embeddable":true,"href":"https:\/\/www.europesays.com\/es\/wp-json\/wp\/v2\/comments?post=255749"}],"version-history":[{"count":0,"href":"https:\/\/www.europesays.com\/es\/wp-json\/wp\/v2\/posts\/255749\/revisions"}],"wp:featuredmedia":[{"embeddable":true,"href":"https:\/\/www.europesays.com\/es\/wp-json\/wp\/v2\/media\/255750"}],"wp:attachment":[{"href":"https:\/\/www.europesays.com\/es\/wp-json\/wp\/v2\/media?parent=255749"}],"wp:term":[{"taxonomy":"category","embeddable":true,"href":"https:\/\/www.europesays.com\/es\/wp-json\/wp\/v2\/categories?post=255749"},{"taxonomy":"post_tag","embeddable":true,"href":"https:\/\/www.europesays.com\/es\/wp-json\/wp\/v2\/tags?post=255749"}],"curies":[{"name":"wp","href":"https:\/\/api.w.org\/{rel}","templated":true}]}}